{"id":234,"date":"2013-10-24T21:47:51","date_gmt":"2013-10-24T21:47:51","guid":{"rendered":"http:\/\/blogs.laverdad.es\/musicainesperada\/?p=234"},"modified":"2013-10-24T21:47:51","modified_gmt":"2013-10-24T21:47:51","slug":"quintetos-para-la-eternidad","status":"publish","type":"post","link":"https:\/\/blogs.laverdad.es\/musicainesperada\/2013\/10\/24\/quintetos-para-la-eternidad\/","title":{"rendered":"Quintetos para la eternidad."},"content":{"rendered":"<p style=\"text-align: center;\"><a href=\"\/musicainesperada\/wp-content\/uploads\/sites\/23\/2013\/10\/Cartel-reducido.jpg\"><img loading=\"lazy\" class=\"aligncenter  wp-image-235\" title=\"Cartel reducido\" src=\"\/musicainesperada\/wp-content\/uploads\/sites\/23\/2013\/10\/Cartel-reducido.jpg\" alt=\"\" width=\"614\" height=\"461\" srcset=\"https:\/\/static-blogs.laverdad.es\/wp-content\/uploads\/sites\/23\/2013\/10\/Cartel-reducido.jpg 1215w, https:\/\/static-blogs.laverdad.es\/wp-content\/uploads\/sites\/23\/2013\/10\/Cartel-reducido-300x225.jpg 300w, https:\/\/static-blogs.laverdad.es\/wp-content\/uploads\/sites\/23\/2013\/10\/Cartel-reducido-768x576.jpg 768w, https:\/\/static-blogs.laverdad.es\/wp-content\/uploads\/sites\/23\/2013\/10\/Cartel-reducido-1024x769.jpg 1024w\" sizes=\"(max-width: 614px) 100vw, 614px\" \/><\/a><\/p>\n<p>&nbsp;<\/p>\n<p>Escuchar a <strong>Mozart<\/strong> es un privilegio que nos otorga la vida. El domingo tenemos la oportunidad de disfrutar en vivo de la m\u00fasica compuesta por el genio de Salzburgo en un entorno tan especial como es la<strong><em> Iglesia de San Juan de Dios.<\/em><\/strong><\/p>\n<p>S\u00f3lo los m\u00fasicos de calidad pueden interpretar bien las obras de <strong>Mozart<\/strong>. La<em><strong> Camerata de Murcia<\/strong><\/em> es una formaci\u00f3n de instrumentistas de cuerdas que tienen en com\u00fan el haber pertenecido a la <em><strong>Orquesta de J\u00f3venes de la Regi\u00f3n de Murcia<\/strong><\/em> y\u00a0 completado una excelente formaci\u00f3n con excelentes calificaciones en las distintas escuelas de m\u00fasica nacionales y europeas.<\/p>\n<p>Esta es la explicaci\u00f3n que los 13 miembros de la <em><strong>Camerata de Murcia<\/strong><\/em> sean actualmente \u00a0miembros titulares o colaboradores de la Joven Orquesta Nacional de Espa\u00f1a, Orquesta Sinf\u00f3nica dela Regi\u00f3nde Murcia, Orquesta del Palau de Les Arts de Valencia, Orquesta Sinf\u00f3nica Sim\u00f3n Bol\u00edvar de Venezuela, J\u00f3ven Orquesta Iberoamericana, Orquesta del Gran Teatre del Liceu,Schleswig-Holstein Musik Festival), Nederlandse Orkest-En Ensemble-Academie), Orquesta de Cadaqu\u00e9s, Gustav Mahler Jugendorchester y Mahler ChamberOrchestra, entre otras, todas ellas dirigidas por batutas de distinguido prestigio.<\/p>\n<p>El m\u00fasico seleccionado de la<em><strong> Camerata de Murcia<\/strong><\/em> para que nos d\u00e9 su visi\u00f3n personal del concierto es <strong>\u00c1ntimo Miravete<\/strong>, violinista formado en Murcia y Barcelona. <strong>\u00c1ntimo<\/strong> es un brillante m\u00fasico y por ello ha pertenecido a diferentes orquestas en las que ha sido concertino y solista. En el concierto va a interpretar el <em><strong>Quinteto \u201c Stadler\u201d para clarinete, dos violines, viola y violonchelo KV 581 en La mayor<\/strong><\/em>: <em>\u00a0\u201cMi experiencia con este quinteto ha sido muy enriquecedora. Es una obra que me gusta desde que era peque\u00f1o y me agrada especialmente el hecho de abordarla en profundidad\u201d.<a href=\"\/musicainesperada\/wp-content\/uploads\/sites\/23\/2013\/10\/antimo-reducido.jpg\"><img loading=\"lazy\" class=\"alignright size-medium wp-image-236\" title=\"antimo reducido\" src=\"\/musicainesperada\/wp-content\/uploads\/sites\/23\/2013\/10\/antimo-reducido.jpg\" alt=\"\" width=\"207\" height=\"300\" srcset=\"https:\/\/static-blogs.laverdad.es\/wp-content\/uploads\/sites\/23\/2013\/10\/antimo-reducido.jpg 1104w, https:\/\/static-blogs.laverdad.es\/wp-content\/uploads\/sites\/23\/2013\/10\/antimo-reducido-207x300.jpg 207w, https:\/\/static-blogs.laverdad.es\/wp-content\/uploads\/sites\/23\/2013\/10\/antimo-reducido-768x1113.jpg 768w, https:\/\/static-blogs.laverdad.es\/wp-content\/uploads\/sites\/23\/2013\/10\/antimo-reducido-707x1024.jpg 707w\" sizes=\"(max-width: 207px) 100vw, 207px\" \/><\/a><\/em><\/p>\n<p>Esta composici\u00f3n es el primer quinteto para clarinete de la historia de la m\u00fasica y en ella <strong>Mozart<\/strong> hace un gui\u00f1o al universo mas\u00f3nico (la tonalidad La mayor contiene 3 sostenidos en la armadura de la clave y \u00e9ste es el n\u00famero mas\u00f3nico por excelencia). La obra tiene cuatro movimientos dentro de una estructura cl\u00e1sica tradicional de forma sonata. En el primer movimiento \u00a0(<em>Allegro<\/em>) , <strong>Mozart<\/strong> muestra su rica variedad mel\u00f3dica exponiendo diferentes motivos que desarrolla a lo largo del movimiento. El <em>Larghetto <\/em>\u00a0contiene un halo de intimidad en la melod\u00eda del clarinete y en el acompa\u00f1amiento de la cuerda con sordina.\u00a0 Para <strong>\u00c1ntimo<\/strong>, es dif\u00edcil decantarse por un pasaje de esta obra: <em>\u201cEn la m\u00fasica de Mozart casi todos los momentos son igual de bellos, cada uno dentro de un determinado car\u00e1cter, obviamente. En el segundo movimiento he disfrutado mucho por la atm\u00f3sfera de tranquilidad y serenidad que transmite. Adem\u00e1s, tiene un gran paralelismo con el segundo movimiento del concierto de clarinete, con el que comparte cadencias exactamente iguales.\u201d<\/em><\/p>\n<p>El tercer movimiento (<em>Menuetto<\/em>) muestra un car\u00e1cter popular y alegre. Se caracteriza por contener dos tr\u00edos, \u00a0el primero m\u00e1s tranquilo y solo para cuerda y el segundo con la incorporaci\u00f3n del clarinete, que recupera el car\u00e1cter popular. \u00a0El cuarto movimiento (<em>Allegretto<\/em>) es un tema con variaciones en el que <strong>Mozart<\/strong> transforma una melod\u00eda sencilla en un rico y variado entramado de ideas. El <em>Adagio <\/em>central crea un momento de paz y serenidad antes del \u00faltimo <em>Presto<\/em>, en el que el buen humor, la alegr\u00eda y la luz culminan esta gran obra. Este violinista nos comenta: <em>\u201cOfreceremos una interpretaci\u00f3n lo m\u00e1s cercana posible al estilo de la \u00e9poca, pero al mismo tiempo, reflejar\u00e1 la cara m\u00e1s teatral de Mozart en relaci\u00f3n a lo popular y a la felicidad, tristeza, humor, paz y serenidad, entre otras muchas\u201d.<\/em><\/p>\n<p>Adem\u00e1s, la <em><strong>Camerata de Murcia<\/strong><\/em> interpreta el <em><strong>Quinteto en sol menor para cuerda KV 516<\/strong><\/em>, otra obra cumbre del Clasicismo caracterizada por el car\u00e1cter \u00edntimo de sus melod\u00edas y un ambiente dram\u00e1tico y triste.<\/p>\n<p>La mejor m\u00fasica de <strong>Mozart<\/strong> en directo, un domingo a mediod\u00eda, en un lugar con mucho encanto, en el centro de la ciudad y con muy buenos int\u00e9rpretes \u00bfes posible pedir m\u00e1s?<\/p>\n<p><span style=\"color: #808080;\"><em><strong>Domingo 27 de Octubre, 12h. Iglesia de San Juan de Dios. Camerata de Murcia. Quintetos de Mozart. Entrada 5 euros.<\/strong><\/em><\/span><\/p>\n","protected":false},"excerpt":{"rendered":"<p>&nbsp; Escuchar a Mozart es un privilegio que nos otorga la vida. El domingo tenemos la oportunidad de disfrutar en vivo de la m\u00fasica compuesta por el genio de Salzburgo en un entorno tan especial como es la Iglesia de San Juan de Dios. S\u00f3lo los m\u00fasicos de calidad pueden interpretar bien las obras de [&hellip;]<\/p>\n","protected":false},"author":24,"featured_media":0,"comment_status":"open","ping_status":"open","sticky":false,"template":"","format":"standard","meta":[],"categories":[19],"tags":[],"_links":{"self":[{"href":"https:\/\/blogs.laverdad.es\/musicainesperada\/wp-json\/wp\/v2\/posts\/234"}],"collection":[{"href":"https:\/\/blogs.laverdad.es\/musicainesperada\/wp-json\/wp\/v2\/posts"}],"about":[{"href":"https:\/\/blogs.laverdad.es\/musicainesperada\/wp-json\/wp\/v2\/types\/post"}],"author":[{"embeddable":true,"href":"https:\/\/blogs.laverdad.es\/musicainesperada\/wp-json\/wp\/v2\/users\/24"}],"replies":[{"embeddable":true,"href":"https:\/\/blogs.laverdad.es\/musicainesperada\/wp-json\/wp\/v2\/comments?post=234"}],"version-history":[{"count":0,"href":"https:\/\/blogs.laverdad.es\/musicainesperada\/wp-json\/wp\/v2\/posts\/234\/revisions"}],"wp:attachment":[{"href":"https:\/\/blogs.laverdad.es\/musicainesperada\/wp-json\/wp\/v2\/media?parent=234"}],"wp:term":[{"taxonomy":"category","embeddable":true,"href":"https:\/\/blogs.laverdad.es\/musicainesperada\/wp-json\/wp\/v2\/categories?post=234"},{"taxonomy":"post_tag","embeddable":true,"href":"https:\/\/blogs.laverdad.es\/musicainesperada\/wp-json\/wp\/v2\/tags?post=234"}],"curies":[{"name":"wp","href":"https:\/\/api.w.org\/{rel}","templated":true}]}}