{"id":237,"date":"2013-11-01T11:34:36","date_gmt":"2013-11-01T11:34:36","guid":{"rendered":"http:\/\/blogs.laverdad.es\/musicainesperada\/?p=237"},"modified":"2013-11-01T11:34:36","modified_gmt":"2013-11-01T11:34:36","slug":"el-tesoro-del-mundo","status":"publish","type":"post","link":"https:\/\/blogs.laverdad.es\/musicainesperada\/2013\/11\/01\/el-tesoro-del-mundo\/","title":{"rendered":"El tesoro del mundo."},"content":{"rendered":"<p><a href=\"\/musicainesperada\/wp-content\/uploads\/sites\/23\/2013\/11\/1870-Siegfried-Idyll.jpg\"><img loading=\"lazy\" class=\"aligncenter size-full wp-image-238\" title=\"1870-Siegfried-Idyll-296x213\" src=\"\/musicainesperada\/wp-content\/uploads\/sites\/23\/2013\/11\/1870-Siegfried-Idyll.jpg\" alt=\"\" width=\"296\" height=\"213\" \/><\/a><\/p>\n<p>Uno de los programas m\u00e1s interesantes para conmemorar en la regi\u00f3n el bicentenario del nacimiento de <strong>Wagner<\/strong> y\u00a0<span style=\"font-size: 13px;\"><strong>Verdi<\/strong> es el concierto de la <strong><em>OSRM<\/em><\/strong> dedicado a la m\u00fasica de estos dos compositores.\u00a0<\/span><\/p>\n<p>El<em><strong> &#8220;Idilio de Sigfrido&#8221;<\/strong><\/em> es la obra que compone en secreto <strong>Richard Wagner<\/strong> para el d\u00eda de Navidad de 1870 con motivo del cumplea\u00f1os de su esposa <strong>C\u00f3sima<\/strong>, hija de su amigo y compositor <strong>Franz Liszt<\/strong>.<\/p>\n<p><strong>Don Ricardo<\/strong>\u00a0encarga a su secretario <strong>Hans Richter<\/strong> que reuna un peque\u00f1o grupo de m\u00fasicos de la orquesta de Zurich para que ensayen la pieza y se desplacen a Lucerna, localidad muy cercana a la residencia de los <strong>Wagner<\/strong> en Tribschen.<\/p>\n<p>Los m\u00fasicos de Zurich llegan muy temprano a la casa de <strong>Richard y C\u00f3sima<\/strong> y, en silencio, colocan cuidadosamente los atriles a lo largo de la escalera principal de la vivienda. A continuaci\u00f3n del lugar asignado al maestro, los violines, violas, instrumentos de viento-madera, trompas y, finalmente, los violonchelos y contrabajos,\u00a0<span style=\"font-size: 13px;\">se disponen de arriba a abajo.<\/span><\/p>\n<p><span style=\"font-size: 13px;\">Momentos despu\u00e9s, la peque\u00f1a orquesta interpreta una m\u00fasica llena de ternura y amor \u00edntimo. <strong>C\u00f3<\/strong><\/span><span style=\"font-size: 13px;\"><strong>sima<\/strong> se expresa as\u00ed: <em>&#8220;A medida que me iba despertando, mis o\u00eddos percibieron un sonido que iba en aumento; no pod\u00eda ser que siguiese so\u00f1ando. Era m\u00fasica lo que sonaba. \u00a1Y qu\u00e9 m\u00fasica! Cuando se extingui\u00f3, entr\u00f3 R. <\/em>(Richard)<em> con los cinco hijos y me tendi\u00f3 la partitura del homenaje sinf\u00f3nico de cumplea\u00f1os. &#8230; Me deshice en l\u00e1grimas y toda la casa tambi\u00e9n&#8221;.<\/em><\/span><\/p>\n<p>El <strong><em>&#8220;Idilio de Sigfrido&#8221;<\/em><\/strong> contiene la siguiente dedicatoria:<em> &#8220;Idilio de Tribschen con el alegre canto de los p\u00e1jaros y de Fidi <\/em>(diminutivo familiar de Sigfrido)<em> y la aurora anaranjada como homenaje sinf\u00f3nico en el d\u00eda de cumplea\u00f1os de su C\u00f3sima, ofrecido por su Richard en 1870&#8243;.<\/em><\/p>\n<p>Estas l\u00edneas confirman el car\u00e1cter privado de la pieza musical y la relaci\u00f3n con el nacimiento el 6 de junio de 1869 de <strong>Siegfrid Wagner<\/strong>, d\u00eda que <strong>Richard<\/strong> recordar\u00e1 por <em>&#8220;el bello amanecer con los rayos solares envolviendo la alfombra naranja de la entrada al dormitorio.&#8221;<\/em><\/p>\n<p>Adjunto una interpretaci\u00f3n del <strong><em>&#8220;Idilio de Sigfrido&#8221;<\/em><\/strong> para que revivan la primera impresi\u00f3n de<strong> C\u00f3sima<\/strong> al escucharla. Me gustar\u00eda que &#8220;flotasen&#8221; en el aire con los primeros cuarenta compases de la obra y disfruten de momentos como:<\/p>\n<p>&#8211; el tema de los violines con la evocaci\u00f3n de los vientos del &#8220;sue\u00f1o de Brunhilde&#8221; (1:27),<\/p>\n<p>&#8211; la variaci\u00f3n del primer tema en el clarinete (2:49),<\/p>\n<p>&#8211; la felicidad sin excitaci\u00f3n que expresa el oboe en 4:49 y que recuerda la canci\u00f3n de cuna <em>&#8220;Schlafe, Kindchen, schlafe&#8221;<\/em> con un motivo saltar\u00edn de la cuerda imitando a los corderos,<\/p>\n<p>&#8211; el sonido &#8220;made in Wagner&#8221; del pasaje de arpegios en la cuerda y el pizicatto en los violonchelos (7:26),<\/p>\n<p>&#8211; el coro de los vientos con el tema de <em>&#8220;<\/em>Sigfrido, tesoro del mundo&#8221; que se corresponde con la melod\u00eda de <strong>Brunhilde<\/strong> <em>&#8220;Ewig war ich&#8221;<\/em> de la escena de amor del tercer acto de la \u00f3pera <strong><em>Sigfrido<\/em><\/strong> (7:56)<\/p>\n<p>&#8211; el coro de cuerdas que recorre dos tonalidades en 9:05, o<\/p>\n<p>&#8211; el tercer tema pastoral a cargo de la primera trompa, mientras la segunda toca una nota mantenida durante 16 compases y los clarinetes y flautas tocan un adorno que recuerda la llam\u00e1da del p\u00e1jaro de la \u00f3pera <strong><em>Sigfrido<\/em><\/strong> (11:36).<\/p>\n<p>Estoy seguro de que podr\u00e1n apreciar m\u00e1s cosas en esta m\u00fasica de las que les propongo. <strong>Wagner<\/strong> compone parte de su \u00f3pera <strong><em>Sigfrido<\/em><\/strong> en el verano de 1864 coincidiendo con el inicio de la relaci\u00f3n amorosa secreta entre <strong>C\u00f3sima<\/strong> y \u00e9l en Starnberg. Muchos de los temas inspirados durante esos d\u00edas est\u00e1n contenidos en el <strong><em>&#8220;Idilio de Sigfrido&#8221;<\/em><\/strong>, una verdadera <strong>&#8220;m\u00fasica inesperada&#8221;<\/strong> para un navide\u00f1o y feliz d\u00eda de cumplea\u00f1os.<\/p>\n<p>&nbsp;<\/p>\n<p><span style=\"color: #808080;\"><strong><em>S\u00e1bado 2 de Noviembre de 2013, 20:30 horas. Auditorio El Batel. Concierto sinf\u00f3nico-coral Wagner y Verdi, a beneficio de C\u00e1ritas. Orquesta Sinf\u00f3nica Regi\u00f3n de Murcia y Coro Bicentenario. Virginia Mart\u00ednez (direcci\u00f3n musical). Entradas: 20, 18 y 15 euros.<\/em><\/strong><\/span><\/p>\n<p>&nbsp;<\/p>\n<p><iframe loading=\"lazy\" src=\"\/\/www.youtube.com\/embed\/f0QsSCPoa0w\" frameborder=\"0\" width=\"420\" height=\"315\"><\/iframe>nerieron<\/p>\n","protected":false},"excerpt":{"rendered":"<p>Uno de los programas m\u00e1s interesantes para conmemorar en la regi\u00f3n el bicentenario del nacimiento de Wagner y\u00a0Verdi es el concierto de la OSRM dedicado a la m\u00fasica de estos dos compositores.\u00a0 El &#8220;Idilio de Sigfrido&#8221; es la obra que compone en secreto Richard Wagner para el d\u00eda de Navidad de 1870 con motivo del [&hellip;]<\/p>\n","protected":false},"author":24,"featured_media":0,"comment_status":"open","ping_status":"open","sticky":false,"template":"","format":"standard","meta":[],"categories":[2,3],"tags":[],"_links":{"self":[{"href":"https:\/\/blogs.laverdad.es\/musicainesperada\/wp-json\/wp\/v2\/posts\/237"}],"collection":[{"href":"https:\/\/blogs.laverdad.es\/musicainesperada\/wp-json\/wp\/v2\/posts"}],"about":[{"href":"https:\/\/blogs.laverdad.es\/musicainesperada\/wp-json\/wp\/v2\/types\/post"}],"author":[{"embeddable":true,"href":"https:\/\/blogs.laverdad.es\/musicainesperada\/wp-json\/wp\/v2\/users\/24"}],"replies":[{"embeddable":true,"href":"https:\/\/blogs.laverdad.es\/musicainesperada\/wp-json\/wp\/v2\/comments?post=237"}],"version-history":[{"count":0,"href":"https:\/\/blogs.laverdad.es\/musicainesperada\/wp-json\/wp\/v2\/posts\/237\/revisions"}],"wp:attachment":[{"href":"https:\/\/blogs.laverdad.es\/musicainesperada\/wp-json\/wp\/v2\/media?parent=237"}],"wp:term":[{"taxonomy":"category","embeddable":true,"href":"https:\/\/blogs.laverdad.es\/musicainesperada\/wp-json\/wp\/v2\/categories?post=237"},{"taxonomy":"post_tag","embeddable":true,"href":"https:\/\/blogs.laverdad.es\/musicainesperada\/wp-json\/wp\/v2\/tags?post=237"}],"curies":[{"name":"wp","href":"https:\/\/api.w.org\/{rel}","templated":true}]}}