{"id":244,"date":"2013-11-07T21:36:08","date_gmt":"2013-11-07T21:36:08","guid":{"rendered":"http:\/\/blogs.laverdad.es\/musicainesperada\/?p=244"},"modified":"2013-11-07T21:36:08","modified_gmt":"2013-11-07T21:36:08","slug":"originalidad-cameristica","status":"publish","type":"post","link":"https:\/\/blogs.laverdad.es\/musicainesperada\/2013\/11\/07\/originalidad-cameristica\/","title":{"rendered":"Originalidad camer\u00edstica."},"content":{"rendered":"<p><a href=\"\/musicainesperada\/wp-content\/uploads\/sites\/23\/2013\/11\/Foto-Manuel-de-Juan1.jpg\"><img loading=\"lazy\" class=\"aligncenter size-large wp-image-246\" title=\"Foto Manuel de Juan\" src=\"\/musicainesperada\/wp-content\/uploads\/sites\/23\/2013\/11\/Foto-Manuel-de-Juan1.jpg\" alt=\"\" width=\"768\" height=\"1024\" srcset=\"https:\/\/static-blogs.laverdad.es\/wp-content\/uploads\/sites\/23\/2013\/11\/Foto-Manuel-de-Juan1.jpg 2448w, https:\/\/static-blogs.laverdad.es\/wp-content\/uploads\/sites\/23\/2013\/11\/Foto-Manuel-de-Juan1-225x300.jpg 225w, https:\/\/static-blogs.laverdad.es\/wp-content\/uploads\/sites\/23\/2013\/11\/Foto-Manuel-de-Juan1-768x1024.jpg 768w\" sizes=\"(max-width: 768px) 100vw, 768px\" \/><\/a><\/p>\n<p>&nbsp;<\/p>\n<p>La M\u00fasica de C\u00e1mara contiene la esencia de este arte. El Auditorio de Murcia organiza desde el a\u00f1o pasado y de forma regular, un ciclo de conciertos para \u201cGrupos en Residencia\u201d de esta instituci\u00f3n cultural. El pr\u00f3ximo concierto del ciclo es interpretado por el <strong>Cuarteto Almus<\/strong>, que nos traslada a la obra para M\u00fasica de C\u00e1mara de <strong>Haydn, Peris Lacasa y Dvo\u0213\u00e1k.<\/strong><\/p>\n<p>Conocer la opini\u00f3n de los int\u00e9rpretes del concierto es siempre interesante y por ello conversamos con <strong>Manuel de Juan Ayala<\/strong>, violinista del <strong>Cuarteto Almus.<\/strong><\/p>\n<p><strong>Manolo<\/strong> nos cuenta que:<em> \u201cEl concierto lo abrimos con el cuarteto n\u00famero 5 del opus 76 de Haydn y, a continuaci\u00f3n, interpretamos m\u00fasica de Jos\u00e9 Peris Lacasa, unos de los m\u00e1s destacados compositores espa\u00f1oles de la segunda mitad del siglo XX y principios del XXI. Este m\u00fasico es alumno de Karl Orff en Munich, de Nadia Boulanger y Darius Milhaud en Par\u00eds, de Igor Markevitch en Salzburgo y de Julio G\u00f3mez, Eduardo Toldr\u00e1, Jes\u00fas Guridi y Oscar Espl\u00e1 en Espa\u00f1a. El concierto se cierra con el Quinteto para contrabajo y cuerdas opus 77 de Anton\u00edn Dvo\u0213\u00e1k.\u201d<\/em><\/p>\n<p><strong>Haydn<\/strong> compone los cuartetos opus 76 con casi sesenta a\u00f1os sin renunciar en absoluto su capacidad de innovaci\u00f3n y sorpresa. Es una obra de encargo de conde h\u00fangaro <strong>Erd\u00f6dy<\/strong>, por lo que, en principio, no est\u00e1n escritos para el p\u00fablico. <strong>Dvo\u0213\u00e1k<\/strong> escribe el Quinteto opus 77 a los 32 a\u00f1os de edad y elige al contrabajo como invitado at\u00edpico. Este instrumento es fundamental dentro de la paleta musical de una orquesta y dota al quinteto de una sonoridad sorprendente al mismo tiempo que libera al violonchelo de su misi\u00f3n habitual.<\/p>\n<p><strong>Manuel de Juan<\/strong> valora muy positivamente su pertenencia a un cuarteto de cuerda con nivel art\u00edtstico:<em> \u201cMe satisface y enriquece mucho hacer M\u00fasica de C\u00e1mara en el Cuarteto Almus. En relaci\u00f3n con el pr\u00f3ximo programa, pasamos de la pureza de los par\u00e1metros sonoros del Clasicismo a los de la m\u00fasica actual. En la segunda parte, participa el contrabajista Pablo Orenes Fern\u00e1ndez, alumno destacado de David Monrrabal. Este m\u00fasico en el quinteto de Dvo\u0213\u00e1k juega un doble rol: por un lado es soporte arm\u00f3nico y r\u00edtmico de la obra y, por otro, tiene un destacado protagonismo mel\u00f3dico y t\u00edmbrico, para el que se requiere de una especial concentraci\u00f3n y flexibilidad a lo largo del concierto\u201d.<\/em><\/p>\n<p><a href=\"\/musicainesperada\/wp-content\/uploads\/sites\/23\/2013\/11\/ALMUS-redus\u00a1cida.jpg\"><img loading=\"lazy\" class=\"aligncenter size-full wp-image-247\" title=\"ALMUS redus\u00a1cida\" src=\"\/musicainesperada\/wp-content\/uploads\/sites\/23\/2013\/11\/ALMUS-redus\u00a1cida.jpg\" alt=\"\" width=\"700\" height=\"525\" srcset=\"https:\/\/static-blogs.laverdad.es\/wp-content\/uploads\/sites\/23\/2013\/11\/ALMUS-redus\u00a1cida.jpg 700w, https:\/\/static-blogs.laverdad.es\/wp-content\/uploads\/sites\/23\/2013\/11\/ALMUS-redus\u00a1cida-300x225.jpg 300w\" sizes=\"(max-width: 700px) 100vw, 700px\" \/><\/a><\/p>\n<p>&nbsp;<\/p>\n<p>Este violinista es un admirador de la m\u00fasica de <strong>Dvo\u0213\u00e1k<\/strong>: <em>\u201cSu inagotable capacidad mel\u00f3dica y expresiva le confieren un papel destacado en la Historia de la M\u00fasica de C\u00e1mara. El compositor checo dota a esta obra de un profundo sentido popular, respetando y enriqueciendo con incre\u00edble y placentera sabidur\u00eda cada frase en su contexto. El p\u00fablico reconoce los ritmos populares del Scherzo o los distintos motivos del Poco Andante cuando presta atenci\u00f3n en estos movimientos.\u201d<\/em><\/p>\n<p>La admiraci\u00f3n que <strong>Manuel<\/strong> siente por el arte musical checo se forja en las ense\u00f1anzas, a los largo de a\u00f1os, del genial profesor <strong>Bretislav Nov\u00f3tny<\/strong>, primer viol\u00edn del legendario <strong>Cuarteto de Praga<\/strong>.<\/p>\n<p>Adem\u00e1s, el <strong>Cuarteto Almu<\/strong>s ofrece unas sesiones de conciertos escolares de M\u00fasica de C\u00e1mara con un claro matiz pedag\u00f3gico por estar enfocadas a los ni\u00f1os de Educaci\u00f3n Primaria.<\/p>\n<p>Les deseo que disfruten de la iron\u00eda y del humor desbordante de <strong>Pap\u00e1 Haydn<\/strong>, as\u00ed como del nuevo concepto de movimiento lento tan extraordinario, que nos recuerda un himno lleno de intimidad. Para el Quinteto de <strong>Dvo\u0213\u00e1k<\/strong>\u00a0solicito su atenci\u00f3n en el tercer movimiento <em>\u201cPoco andante\u201d<\/em> cuyo contenido l\u00edrico, noble y melanc\u00f3lico nos recuerda en parte a <strong>Schubert.<\/strong><\/p>\n<p>&nbsp;<\/p>\n<p><em><strong>Lunes 11 de Noviembre, 20 horas. Auditorio V\u00edctor Villegas. Ciclo Residencia. Obras de Haydn, Peris Lacasa y Dvo\u0213\u00e1k. Cuarteto Almus. Entrada 12 euros.<\/strong><\/em><\/p>\n<p>&nbsp;<\/p>\n","protected":false},"excerpt":{"rendered":"<p>&nbsp; La M\u00fasica de C\u00e1mara contiene la esencia de este arte. El Auditorio de Murcia organiza desde el a\u00f1o pasado y de forma regular, un ciclo de conciertos para \u201cGrupos en Residencia\u201d de esta instituci\u00f3n cultural. El pr\u00f3ximo concierto del ciclo es interpretado por el Cuarteto Almus, que nos traslada a la obra para M\u00fasica [&hellip;]<\/p>\n","protected":false},"author":24,"featured_media":0,"comment_status":"open","ping_status":"open","sticky":false,"template":"","format":"standard","meta":[],"categories":[19],"tags":[],"_links":{"self":[{"href":"https:\/\/blogs.laverdad.es\/musicainesperada\/wp-json\/wp\/v2\/posts\/244"}],"collection":[{"href":"https:\/\/blogs.laverdad.es\/musicainesperada\/wp-json\/wp\/v2\/posts"}],"about":[{"href":"https:\/\/blogs.laverdad.es\/musicainesperada\/wp-json\/wp\/v2\/types\/post"}],"author":[{"embeddable":true,"href":"https:\/\/blogs.laverdad.es\/musicainesperada\/wp-json\/wp\/v2\/users\/24"}],"replies":[{"embeddable":true,"href":"https:\/\/blogs.laverdad.es\/musicainesperada\/wp-json\/wp\/v2\/comments?post=244"}],"version-history":[{"count":0,"href":"https:\/\/blogs.laverdad.es\/musicainesperada\/wp-json\/wp\/v2\/posts\/244\/revisions"}],"wp:attachment":[{"href":"https:\/\/blogs.laverdad.es\/musicainesperada\/wp-json\/wp\/v2\/media?parent=244"}],"wp:term":[{"taxonomy":"category","embeddable":true,"href":"https:\/\/blogs.laverdad.es\/musicainesperada\/wp-json\/wp\/v2\/categories?post=244"},{"taxonomy":"post_tag","embeddable":true,"href":"https:\/\/blogs.laverdad.es\/musicainesperada\/wp-json\/wp\/v2\/tags?post=244"}],"curies":[{"name":"wp","href":"https:\/\/api.w.org\/{rel}","templated":true}]}}