{"id":248,"date":"2013-11-12T22:59:42","date_gmt":"2013-11-12T22:59:42","guid":{"rendered":"http:\/\/blogs.laverdad.es\/musicainesperada\/?p=248"},"modified":"2013-11-12T22:59:42","modified_gmt":"2013-11-12T22:59:42","slug":"el-hechizo-de-solitar","status":"publish","type":"post","link":"https:\/\/blogs.laverdad.es\/musicainesperada\/2013\/11\/12\/el-hechizo-de-solitar\/","title":{"rendered":"El hechizo de Solit\u00e4r."},"content":{"rendered":"<p><a href=\"\/musicainesperada\/wp-content\/uploads\/sites\/23\/2013\/11\/IMG-20131107-WA0013.jpg\"><img loading=\"lazy\" class=\"aligncenter size-full wp-image-249\" title=\"IMG-20131107-WA0013\" src=\"\/musicainesperada\/wp-content\/uploads\/sites\/23\/2013\/11\/IMG-20131107-WA0013.jpg\" alt=\"\" width=\"597\" height=\"800\" srcset=\"https:\/\/static-blogs.laverdad.es\/wp-content\/uploads\/sites\/23\/2013\/11\/IMG-20131107-WA0013.jpg 597w, https:\/\/static-blogs.laverdad.es\/wp-content\/uploads\/sites\/23\/2013\/11\/IMG-20131107-WA0013-224x300.jpg 224w\" sizes=\"(max-width: 597px) 100vw, 597px\" \/><\/a><\/p>\n<p>Hace 16 meses tuve la oportunidad de conocer desde dentro el <em><strong>Mozarteum Universit\u00e4t<\/strong><\/em> de Salzburgo. Adem\u00e1s de asistir como oyente a clases impartidas por profesores del m\u00e1ximo nivel y de compartir muy buenos momentos con m\u00fasicos &#8220;top&#8221; en calidad profesional y humana, disfrut\u00e9 de audiciones, conciertos y representaciones donde era f\u00e1cil emocionarse con las propuestas musicales ofrecidas.<\/p>\n<p>Si tengo que elegir un momento verdaderamente especial, me decanto por un concierto matinal en la sala <strong><em>Solit\u00e4r del Mozarteum<\/em><\/strong> en la que se interpreta <em><strong>Verkl\u00e4rte Nacht<\/strong><\/em> (La Noche Transfigurada) de <strong>Arnold Schoenberg<\/strong> a cargo de un sexteto constituido por 3 profesores y 3 destacados alumnos del prestigioso centro de formaci\u00f3n musical.<\/p>\n<p>La moderna sala<strong><em> Solit\u00e4r del Mozarteum<\/em><\/strong> est\u00e1 en un bello edificio gris oscuro de piedra natural y tiene capacidad para 300 personas. Antes de que comienze el concierto, sorprende el amplio ventanal de cristal que hay tras el escenario y desde el que nos llega la luz proveniente de una parte de la ciudad. Esa ma\u00f1ana m\u00e1gica, la fachada de cristal queda oculta por un cortinaje oscuro lo que nos trasporta al mundo nocturno de <strong>Schoenberg<\/strong>. La interpretaci\u00f3n del sexteto de m\u00fasicos es formidable y la sonoridad en directo de los instrumentos de cuerdas es dif\u00edcil de olvidar e imposible de explicar.<\/p>\n<p>Para compartir parte del hechizo de<em><strong> Solit\u00e4r<\/strong><\/em>, les invito a disfrutar de este v\u00eddeo grabado en dicha sala con la interpretaci\u00f3n del <strong>Sandor Piano Tr\u00edo<\/strong>, intergrado por la pianista <strong>Sara de Ascaniis<\/strong>, el violonchelista <strong>Lorenzo Meseguer<\/strong> y el violinista <strong>V\u00edctor Aguirre,<\/strong>\u00a0tres m\u00fasicos formados en Salzburgo y con una intensa agenda de conciertos por todo el mundo. La semana pasada actuaron en Montreal dentro de un proyecto de la <strong><em>McGill University.<\/em><\/strong><\/p>\n<p>El joven entrevistado de hoy es <strong>V\u00edctor Aguirre Mi\u00f1arro<\/strong>, violinista del tr\u00edo y una persona muy afortunada de ser m\u00fasico y poder compartir m\u00fasica junto a otros int\u00e9rpretes. En el v\u00eddeo adjunto ofrece con <strong>Sara<\/strong> y <strong>Lorenzo<\/strong> el <em><strong>Tr\u00edo de piano Op. 110<\/strong><\/em> de <strong>Robert Schumann<\/strong>: <em>&#8220;Una de las piezas culminantes de la escritura para este conjunto en la que se aprecia la madurez compositiva del maestro. Formar parte del tr\u00edo Sandor me llena de alegr\u00eda porque disfruto de la compa\u00f1\u00eda de dos maravillosos m\u00fasicos y personas&#8221;.<\/em><\/p>\n<p><strong>V\u00edctor<\/strong> tambi\u00e9n est\u00e1 cautivado por esta sala de la <em><strong>Universidad Mozarteum<\/strong><\/em>: <em>&#8220;Tocar esta m\u00fasica en el Festival de M\u00fasica de C\u00e1mara de Salzburgo permite interpretar m\u00fasica de gran calidad en un entorno ideal. Aqu\u00ed uno da lo mejor de s\u00ed mismo para crear un ambiente de conexi\u00f3n entre el compositor, el int\u00e9rprete y el p\u00fablico&#8221;.<\/em><\/p>\n<p>En otros post hemos hablado del chelista murciano\u00a0<strong>Lorenzo Meseguer<\/strong>. No s\u00e9 en que sala de conciertos del planeta Tierra estar\u00e1 mientras le felicito p\u00fablicamente por su brillante trayectoria en el M\u00e1ster de la <strong><em>Universidad Mozarteum<\/em><\/strong> refrendada recientemente con una calificaci\u00f3n de Matr\u00edcula de Honor.\u00a0<span style=\"font-size: 13px;\">He sido un afortunado testigo del afectuoso respeto que los profesores y compa\u00f1eros de estudios manifiestan hacia <\/span><strong style=\"font-size: 13px;\">Lorenzo Meseguer<\/strong><span style=\"font-size: 13px;\">. <\/span><\/p>\n<p><span style=\"font-size: 13px;\">Espero haberles acercado lo suficiente al embrujo de la sala\u00a0<\/span><em style=\"font-size: 13px;\"><strong>Solit\u00e4r.<\/strong><\/em><\/p>\n<p>&nbsp;<\/p>\n<p>&nbsp;<\/p>\n<p>&nbsp;<\/p>\n<p>&nbsp;<\/p>\n<p>&nbsp;<\/p>\n<p><iframe loading=\"lazy\" src=\"\/\/www.youtube.com\/embed\/2UvYcYR_Abk?list=UUfZVeZrw7wfJurjS3l8gklQ\" frameborder=\"0\" width=\"560\" height=\"315\"><\/iframe><\/p>\n","protected":false},"excerpt":{"rendered":"<p>Hace 16 meses tuve la oportunidad de conocer desde dentro el Mozarteum Universit\u00e4t de Salzburgo. Adem\u00e1s de asistir como oyente a clases impartidas por profesores del m\u00e1ximo nivel y de compartir muy buenos momentos con m\u00fasicos &#8220;top&#8221; en calidad profesional y humana, disfrut\u00e9 de audiciones, conciertos y representaciones donde era f\u00e1cil emocionarse con las propuestas [&hellip;]<\/p>\n","protected":false},"author":24,"featured_media":0,"comment_status":"open","ping_status":"open","sticky":false,"template":"","format":"standard","meta":[],"categories":[5],"tags":[],"_links":{"self":[{"href":"https:\/\/blogs.laverdad.es\/musicainesperada\/wp-json\/wp\/v2\/posts\/248"}],"collection":[{"href":"https:\/\/blogs.laverdad.es\/musicainesperada\/wp-json\/wp\/v2\/posts"}],"about":[{"href":"https:\/\/blogs.laverdad.es\/musicainesperada\/wp-json\/wp\/v2\/types\/post"}],"author":[{"embeddable":true,"href":"https:\/\/blogs.laverdad.es\/musicainesperada\/wp-json\/wp\/v2\/users\/24"}],"replies":[{"embeddable":true,"href":"https:\/\/blogs.laverdad.es\/musicainesperada\/wp-json\/wp\/v2\/comments?post=248"}],"version-history":[{"count":0,"href":"https:\/\/blogs.laverdad.es\/musicainesperada\/wp-json\/wp\/v2\/posts\/248\/revisions"}],"wp:attachment":[{"href":"https:\/\/blogs.laverdad.es\/musicainesperada\/wp-json\/wp\/v2\/media?parent=248"}],"wp:term":[{"taxonomy":"category","embeddable":true,"href":"https:\/\/blogs.laverdad.es\/musicainesperada\/wp-json\/wp\/v2\/categories?post=248"},{"taxonomy":"post_tag","embeddable":true,"href":"https:\/\/blogs.laverdad.es\/musicainesperada\/wp-json\/wp\/v2\/tags?post=248"}],"curies":[{"name":"wp","href":"https:\/\/api.w.org\/{rel}","templated":true}]}}