{"id":250,"date":"2013-11-20T22:01:29","date_gmt":"2013-11-20T22:01:29","guid":{"rendered":"http:\/\/blogs.laverdad.es\/musicainesperada\/?p=250"},"modified":"2013-11-20T22:01:29","modified_gmt":"2013-11-20T22:01:29","slug":"licencia-para-una-reforma","status":"publish","type":"post","link":"https:\/\/blogs.laverdad.es\/musicainesperada\/2013\/11\/20\/licencia-para-una-reforma\/","title":{"rendered":"Licencia para una Reforma."},"content":{"rendered":"<p><a href=\"\/musicainesperada\/wp-content\/uploads\/sites\/23\/2013\/11\/Dieta-Ausburgo.jpg\"><img loading=\"lazy\" class=\"aligncenter size-full wp-image-251\" title=\"Dieta Ausburgo\" src=\"\/musicainesperada\/wp-content\/uploads\/sites\/23\/2013\/11\/Dieta-Ausburgo.jpg\" alt=\"\" width=\"280\" height=\"180\" \/><\/a><\/p>\n<p>&nbsp;<\/p>\n<p>En 1829, el Kaiser <strong>Federico Guillermo III de Prusia<\/strong> anuncia la celebraci\u00f3n en Berl\u00edn del tercer centenario de la <strong>Confesi\u00f3n de Augsburgo<\/strong>. Este hecho hist\u00f3rico tan importante de la Reforma Luterana supone una llamada a la concordia entre cat\u00f3licos y luteranos ante el emperador <strong>Carlos V.<\/strong><\/p>\n<p><strong>F\u00e9lix Mendelssohn<\/strong> (1809-1847) es un m\u00fasico de 20 a\u00f1os con un profundo sentimiento religioso y comienza la composici\u00f3n de una sinfon\u00eda para este <strong>Festival de la Reforma de la Iglesia\u00a0<\/strong>a celebrar el 25 de junio de 1830. Los problemas de salud del compositor junto a asuntos de \u00edndole pol\u00edtica y religiosa impiden que la pieza se estrene para esta efem\u00e9ride. La obra se presenta al p\u00fablico berlin\u00e9s el 15 de noviembre de 1832, dos a\u00f1os despu\u00e9s de lo planeado. El escaso \u00e9xito de la composici\u00f3n provoca una gran decepci\u00f3n en el joven F\u00e9lix y \u00e9ste afirma detestarla. La <strong><em>Sinfon\u00eda en re menor, \u201cDe la Reforma\u201d<\/em><\/strong> se edita en 1868, veinte a\u00f1os despu\u00e9s del fallecimiento de su autor y se convierte en su Quinta Sinfon\u00eda, a pesar de que la Tercera y la Cuarta se escriben a\u00f1os m\u00e1s tarde.<\/p>\n<p>A lo largo de los cuatro movimientos que forman la obra, <strong>Mendelssohn<\/strong> hace gala de un gran lirismo y de un profundo sentimiento piadoso. En el <em>Andante y Allegro con fuoco<\/em> identificamos elementos lit\u00fargicos, entre los que desataca el <em><strong>Dresde Amen<\/strong><\/em>, formado por cinco notas en ascenso y que <strong>Wagner<\/strong> utiliza m\u00e1s tarde como leitmotiv en su \u00f3pera <em><strong>\u201cParsifal\u201d<\/strong><\/em>. El segundo movimiento <em>Allegro vivace<\/em> en si bemol es un breve scherzo que contiene tambi\u00e9n el <em><strong>Dresde Amen<\/strong><\/em> en forma invertida. Posteriormente hay un breve y l\u00edrico <em>Andante<\/em> que introduce al \u00faltimo movimiento denominado <em>Coral: Allegro vivace y Allegro maestoso,<\/em> que contiene un conocido coral luterano que previamente inspira a <strong>Bach<\/strong> para la composici\u00f3n de la <em><strong>Cantata BWV 80.<\/strong><\/em><\/p>\n<p>A pesar de ser una obra de encargo y creada en circunstancias especiales, la <em><strong>Sinfon\u00eda de la Reforma<\/strong><\/em> es una bella composici\u00f3n en la que siempre se descubre algo nuevo de <strong>F\u00e9lix Mendelssohn.<\/strong><\/p>\n<p>\u00a1Feliz d\u00eda de Santa Cecilia, Patrona de la m\u00fasica!<\/p>\n<p><span style=\"color: #888888;\"><strong><em>Viernes 22 de Noviembre, 20 horas. Auditorio V\u00edctor Villegas de Murcia. Obras de Mendelssohn: Obertura Mar en alma y viaje feliz. Sinfon\u00edas 1 y 5. Orquesta Sinf\u00f3nica de la Regi\u00f3n de Murcia. Direcci\u00f3n musical: Virginia Mart\u00ednez. Precios: 18, 14 y 10 euros.<\/em><\/strong><\/span><\/p>\n","protected":false},"excerpt":{"rendered":"<p>&nbsp; En 1829, el Kaiser Federico Guillermo III de Prusia anuncia la celebraci\u00f3n en Berl\u00edn del tercer centenario de la Confesi\u00f3n de Augsburgo. Este hecho hist\u00f3rico tan importante de la Reforma Luterana supone una llamada a la concordia entre cat\u00f3licos y luteranos ante el emperador Carlos V. F\u00e9lix Mendelssohn (1809-1847) es un m\u00fasico de 20 [&hellip;]<\/p>\n","protected":false},"author":24,"featured_media":0,"comment_status":"open","ping_status":"open","sticky":false,"template":"","format":"standard","meta":[],"categories":[19],"tags":[],"_links":{"self":[{"href":"https:\/\/blogs.laverdad.es\/musicainesperada\/wp-json\/wp\/v2\/posts\/250"}],"collection":[{"href":"https:\/\/blogs.laverdad.es\/musicainesperada\/wp-json\/wp\/v2\/posts"}],"about":[{"href":"https:\/\/blogs.laverdad.es\/musicainesperada\/wp-json\/wp\/v2\/types\/post"}],"author":[{"embeddable":true,"href":"https:\/\/blogs.laverdad.es\/musicainesperada\/wp-json\/wp\/v2\/users\/24"}],"replies":[{"embeddable":true,"href":"https:\/\/blogs.laverdad.es\/musicainesperada\/wp-json\/wp\/v2\/comments?post=250"}],"version-history":[{"count":0,"href":"https:\/\/blogs.laverdad.es\/musicainesperada\/wp-json\/wp\/v2\/posts\/250\/revisions"}],"wp:attachment":[{"href":"https:\/\/blogs.laverdad.es\/musicainesperada\/wp-json\/wp\/v2\/media?parent=250"}],"wp:term":[{"taxonomy":"category","embeddable":true,"href":"https:\/\/blogs.laverdad.es\/musicainesperada\/wp-json\/wp\/v2\/categories?post=250"},{"taxonomy":"post_tag","embeddable":true,"href":"https:\/\/blogs.laverdad.es\/musicainesperada\/wp-json\/wp\/v2\/tags?post=250"}],"curies":[{"name":"wp","href":"https:\/\/api.w.org\/{rel}","templated":true}]}}