{"id":254,"date":"2013-11-27T23:12:10","date_gmt":"2013-11-27T23:12:10","guid":{"rendered":"http:\/\/blogs.laverdad.es\/musicainesperada\/?p=254"},"modified":"2013-11-27T23:12:10","modified_gmt":"2013-11-27T23:12:10","slug":"un-dichoso-reencuentro","status":"publish","type":"post","link":"https:\/\/blogs.laverdad.es\/musicainesperada\/2013\/11\/27\/un-dichoso-reencuentro\/","title":{"rendered":"Un dichoso reencuentro."},"content":{"rendered":"<p>&nbsp;<\/p>\n<p style=\"text-align: center;\"><a href=\"\/musicainesperada\/wp-content\/uploads\/sites\/23\/2013\/11\/FOTO-PEDRO.jpg\"><img loading=\"lazy\" class=\"aligncenter  wp-image-255\" title=\"FOTO PEDRO\" src=\"\/musicainesperada\/wp-content\/uploads\/sites\/23\/2013\/11\/FOTO-PEDRO.jpg\" alt=\"\" width=\"787\" height=\"1474\" srcset=\"https:\/\/static-blogs.laverdad.es\/wp-content\/uploads\/sites\/23\/2013\/11\/FOTO-PEDRO.jpg 1093w, https:\/\/static-blogs.laverdad.es\/wp-content\/uploads\/sites\/23\/2013\/11\/FOTO-PEDRO-160x300.jpg 160w, https:\/\/static-blogs.laverdad.es\/wp-content\/uploads\/sites\/23\/2013\/11\/FOTO-PEDRO-768x1439.jpg 768w, https:\/\/static-blogs.laverdad.es\/wp-content\/uploads\/sites\/23\/2013\/11\/FOTO-PEDRO-547x1024.jpg 547w\" sizes=\"(max-width: 787px) 100vw, 787px\" \/><\/a><\/p>\n<p>A finales del siglo XVIII, Londres es una ciudad que cuida la m\u00fasica. Adem\u00e1s de la celebraci\u00f3n de los <em><strong>Conciertos Profesionales<\/strong><\/em>, el empresario brit\u00e1nico <strong>Johann Peter Salomon<\/strong> organiza conciertos de gran nivel que pronto rivalizan con los programados por otras organizaciones.<\/p>\n<p>El post de hoy lo dedicamos a una interesante obra del periodo londinense del compositor\u00a0<strong>Joseph Haydn<\/strong>\u00a0(1732-1809). Se trata de su <em><strong>Sinfon\u00eda Concertante en Si bemol mayor Hob.I:105 para oboe, fagot, viol\u00edn y violonchelo<\/strong><\/em>, compuesta y estrenada en Londres en 1792, pocos meses despues del fallecimiento de <strong>Mozart<\/strong>. Resulta muy curioso que <strong>Haydn<\/strong>, el creador de la sinfon\u00eda cl\u00e1sica, decida crear una sinfon\u00eda concertante a instancias de <strong>Salomon<\/strong>, como una reacci\u00f3n a las presentadas por su disc\u00edpulo <strong>Ignaz Pleyel<\/strong> en uno de los <em><strong>Conciertos Profesionales<\/strong><\/em>.<\/p>\n<p><strong>Pedro Juli\u00e1<\/strong> es un concertino de la <em><strong>Sinfon\u00eda Concertante<\/strong><\/em> de <strong>Haydn<\/strong>, que hoy escuchamos en Murcia. Profesor de oboe y corno ingl\u00e9s de la Orquesta Sinf\u00f3nica de la Regi\u00f3n de Murcia recuerda como descubre esta obra: <em>&#8220;En 1991 compro un disco de Haydn que necesito para preparar un concierto en el conservatorio y descubro que lo que m\u00e1s me emociona de ese compact-disc es una sinfon\u00eda concertante del mismo autor que me llega al alma&#8221;.<\/em><\/p>\n<p>Posteriomente, estudiando en Bruselas,\u00a0<span style=\"font-size: 13px;\"><strong>\u00a0Paul Dombrecht<\/strong> le propone tocar esta misma sinfon\u00eda concertante que a\u00f1os atr\u00e1s le marca sobremanera: \u00a0<em>&#8220;En ese momento, \u00a0me lanzo sin pensarlo. El estudio diario de la pieza me descubre\u00a0<\/em><\/span><em><span style=\"font-size: 13px;\">pasajes, armon\u00edas, d\u00faos, tr\u00edos y otras muchas delicadezas\u00a0 que aparecen en la partitura y que consiguen llegar a lo \u00a0m\u00e1s profundo de mi ser, marcando una etapa preciosa de mi vida.&#8221;<\/span><\/em><\/p>\n<p>La obra se compone de 3 movimientos: Allegro, Andante en Fa mayor y allegro con espiritu.\u00a0<span style=\"font-size: 13px;\"><strong>Pedro<\/strong> nos advierte que:<em> &#8220;en el primer movimiento, el tema pasa por todos los solistas y hace que la orquesta<\/em><\/span><em><span style=\"font-size: 13px;\">\u00a0desarrolle verdadera m\u00fasica de c\u00e1mara. Es f\u00e1cil reconocer un motivode 3 notas que da un car\u00e1cter especial al Allegro.\u00a0<\/span><span style=\"font-size: 13px;\">En el segundo, nos advierte que prestemos atenci\u00f3n a esa delicadeza llevada al extremo por el oboe justo antes de la reexposici\u00f3n.&#8221;<\/span><\/em><\/p>\n<p>En la alegr\u00eda del &#8220;<em>Allegro con spirito<\/em>&#8220;, el virtuosismo del viol\u00edn y el chelo alcanza el sumum llevando al p\u00fablico a una sorpresa que no se espera. Aqu\u00ed <strong>Haydn<\/strong> hace un gi\u00f1o a su <em><strong>Sinfon\u00eda n\u00famero 7, \u00a0&#8220;Midi&#8221;<\/strong><\/em> ya que el viol\u00edn adquiere el protagonismo de una soprano&#8221;.<\/p>\n<p><strong>Pedro Juli\u00e1<\/strong> acaba de recupearse de un accidente sufrido hace 4 meses: <em>&#8220;Reencontrarme con el p\u00fablico del Auditorio y compartir lo que me hace disfrutar de esta obra me hace feliz&#8221;.<\/em><\/p>\n<p>Nosotros nos alegramos de la r\u00e1pida recuperaci\u00f3n f\u00edsica de este m\u00fasico y que sus repetidos encuentros con esta bella partitura fructifiquen en este concierto.<\/p>\n<p><span style=\"color: #808080;\"><em><strong>Jueves 28 de noviembre, 20h. Auditorio V\u00edctor Villegas. Obras de Haydn y Schumann. Orquesta sinf\u00f3nica de la Regi\u00f3n de Murcia. Direcci\u00f3n musical: Dirk Vermeulen.<\/strong><\/em><\/span><\/p>\n<p>&nbsp;<\/p>\n","protected":false},"excerpt":{"rendered":"<p>&nbsp; A finales del siglo XVIII, Londres es una ciudad que cuida la m\u00fasica. Adem\u00e1s de la celebraci\u00f3n de los Conciertos Profesionales, el empresario brit\u00e1nico Johann Peter Salomon organiza conciertos de gran nivel que pronto rivalizan con los programados por otras organizaciones. El post de hoy lo dedicamos a una interesante obra del periodo londinense [&hellip;]<\/p>\n","protected":false},"author":24,"featured_media":0,"comment_status":"open","ping_status":"open","sticky":false,"template":"","format":"standard","meta":[],"categories":[19],"tags":[],"_links":{"self":[{"href":"https:\/\/blogs.laverdad.es\/musicainesperada\/wp-json\/wp\/v2\/posts\/254"}],"collection":[{"href":"https:\/\/blogs.laverdad.es\/musicainesperada\/wp-json\/wp\/v2\/posts"}],"about":[{"href":"https:\/\/blogs.laverdad.es\/musicainesperada\/wp-json\/wp\/v2\/types\/post"}],"author":[{"embeddable":true,"href":"https:\/\/blogs.laverdad.es\/musicainesperada\/wp-json\/wp\/v2\/users\/24"}],"replies":[{"embeddable":true,"href":"https:\/\/blogs.laverdad.es\/musicainesperada\/wp-json\/wp\/v2\/comments?post=254"}],"version-history":[{"count":0,"href":"https:\/\/blogs.laverdad.es\/musicainesperada\/wp-json\/wp\/v2\/posts\/254\/revisions"}],"wp:attachment":[{"href":"https:\/\/blogs.laverdad.es\/musicainesperada\/wp-json\/wp\/v2\/media?parent=254"}],"wp:term":[{"taxonomy":"category","embeddable":true,"href":"https:\/\/blogs.laverdad.es\/musicainesperada\/wp-json\/wp\/v2\/categories?post=254"},{"taxonomy":"post_tag","embeddable":true,"href":"https:\/\/blogs.laverdad.es\/musicainesperada\/wp-json\/wp\/v2\/tags?post=254"}],"curies":[{"name":"wp","href":"https:\/\/api.w.org\/{rel}","templated":true}]}}