{"id":256,"date":"2013-11-30T15:32:54","date_gmt":"2013-11-30T15:32:54","guid":{"rendered":"http:\/\/blogs.laverdad.es\/musicainesperada\/?p=256"},"modified":"2013-11-30T15:32:54","modified_gmt":"2013-11-30T15:32:54","slug":"el-mozart-de-bilbao","status":"publish","type":"post","link":"https:\/\/blogs.laverdad.es\/musicainesperada\/2013\/11\/30\/el-mozart-de-bilbao\/","title":{"rendered":"El Mozart de Bilbao."},"content":{"rendered":"<p><a href=\"\/musicainesperada\/wp-content\/uploads\/sites\/23\/2013\/11\/arriaga-color.jpg\"><img loading=\"lazy\" class=\"aligncenter size-full wp-image-258\" title=\"arriaga color\" src=\"\/musicainesperada\/wp-content\/uploads\/sites\/23\/2013\/11\/arriaga-color.jpg\" alt=\"\" width=\"300\" height=\"168\" \/><\/a><\/p>\n<p>La M\u00fasica de C\u00e1mara en Murcia goza de buena salud. En unas horas, en nuestra ciudad, vamos a asistir por primera vez a la audici\u00f3n de la integral de los cuartetos de un m\u00fasico extraordinario.<\/p>\n<p><strong>Juan Cris\u00f3stomo de Arriaga<\/strong> (1806-1826) es uno de los compositores espa\u00f1oles m\u00e1s importantes y por ello es conocido como<em><strong> &#8220;el Mozart espa\u00f1ol&#8221;<\/strong><\/em>. Nace en Bilbao un 27 de enero, justo el d\u00eda que se celebra el 50\u00ba aniversario del nacimiento de Don Wolgang Amadeus. El impulso musical lo recibe de su padre, organista en la parroquia de Berriat\u00faa, de su hermano mayor, de distintos parientes y de <strong>Faustino Sanz<\/strong>, violinista de la Capilla de la Iglesia de Santiago en Bilbao.<\/p>\n<p>Con once a\u00f1os compone el octeto <strong><em>&#8220;Nada y Mucho&#8221;<\/em><\/strong> para trompa, cuerda, guitarra y piano y, con trece, la \u00f3pera en dos actos <em><strong>&#8220;Los esclavos felices&#8221;<\/strong><\/em> que se estrena con gran \u00e9xito en Bilbao. A final del verano de 1821, <strong>Juan Cris\u00f3stomo<\/strong> marcha a Par\u00eds con su viol\u00edn, algunas partituras y la intenci\u00f3n de integrarse en el ambiente musical europeo. En la capital francesa se matricula en el conservatorio donde es inspector <strong>Luigi Cherubini<\/strong>. Estudia viol\u00edn con el c\u00e9lebre <strong>Pierre Baillot<\/strong> que le exige mucho para que adopte la posici\u00f3n corporal que el defiende.<\/p>\n<p>El maestro que m\u00e1s influye en <strong>Arriag<\/strong>a es <strong>Fran\u00e7ois Joseph F\u00e9tis<\/strong>, que le ense\u00f1a la t\u00e9cnica del contrapunto y la fuga con tan buen resultado que el espa\u00f1ol consigue varios premios en estas materias.<\/p>\n<p>En 1823, a la edad de diecisiete a\u00f1os, compone los tres cuartetos que escucharemos en breve. Poco despu\u00e9s, el joven bilba\u00edno es nombrado profesor ayudante de <strong>Fetis<\/strong> e imparte las disciplinas en las que dos a\u00f1os antes era solo un alumno.<\/p>\n<p>El 17 de enero, diez d\u00edas antes de cumplir veinte a\u00f1os, <strong>Arriaga<\/strong> fallece en la ciudad del Sena. Para los franceses, el m\u00fasico padece <strong><em>&#8220;affection de langeur&#8221;<\/em><\/strong>, un po\u00e9tico t\u00e9rmino para referirse a la combinaci\u00f3n de una fatal tuberculosis y unas jornadas de intenso trabajo.<\/p>\n<p><strong>Arriaga<\/strong> compone a lo largo de su vida un total de veinte y tres obras, algunas de las cuales se han perdido. Su temprana muerte y la escasa difusi\u00f3n de sus escritos hace que su importante legado no tenga repercusi\u00f3n en la m\u00fasica espa\u00f1ola hasta finales del siglo XIX.<\/p>\n<p><a href=\"\/musicainesperada\/wp-content\/uploads\/sites\/23\/2013\/11\/cuarteto-academico1.jpg\"><img loading=\"lazy\" class=\"aligncenter size-medium wp-image-260\" title=\"cuarteto-academico\" src=\"\/musicainesperada\/wp-content\/uploads\/sites\/23\/2013\/11\/cuarteto-academico1.jpg\" alt=\"\" width=\"300\" height=\"162\" srcset=\"https:\/\/static-blogs.laverdad.es\/wp-content\/uploads\/sites\/23\/2013\/11\/cuarteto-academico1.jpg 648w, https:\/\/static-blogs.laverdad.es\/wp-content\/uploads\/sites\/23\/2013\/11\/cuarteto-academico1-300x162.jpg 300w\" sizes=\"(max-width: 300px) 100vw, 300px\" \/><\/a><\/p>\n<p>&nbsp;<\/p>\n<p>El <strong>Cuarteto de Il Concerto Accademico<\/strong> est\u00e1 constituido por <strong>Margherita Marseglia<\/strong> (viol\u00edn), <strong>Sa\u00fal Romero<\/strong> (viol\u00edn), <strong>Octavio de Juan<\/strong> (viola) y <strong>Cecilia Mart\u00ednez<\/strong> (violonchelo).<\/p>\n<p><strong>Octavio<\/strong> es un apasionado de los cuartetos de <strong>Arriaga<\/strong> por lo que es el int\u00e9rprete ideal para adentrarnos en ellos. No tiene reparo en reconocer que <em>&#8220;si pudiera alargar la vida de dos compositores de la Historia de la M\u00fasica, mis elegidos ser\u00edan, sin dudarlo, Schubert y Arriaga&#8221;.<\/em><\/p>\n<p>Los tres cuartetos de <strong>Arriaga<\/strong> son obras maestras. En ellos muestra su solidez t\u00e9cnica, dominio de la forma y su sello tan personal que, por momentos, recuerda a <strong>Mozart, Cherubino o Rossini<\/strong>. <strong>Octavio<\/strong> afirma que <em>&#8220;el n\u00ba3 es uno de los cinco cuartetos m\u00e1s geniales y perfecto de los m\u00e1s de cien que he interpretado como m\u00fasico&#8221;.<\/em><\/p>\n<p><strong>Arriaga<\/strong> es compositor de m\u00fasica de c\u00e1mara innovador que trata a los cuatro integrantes del cuarteto de forma igualitaria. Con la introducci\u00f3n de movimientos tipo &#8220;rond\u00f3&#8221; o la inversi\u00f3n en la presentaci\u00f3n de los temas musicales o en la recapitulaci\u00f3n de este material, nos mete de lleno en el Romanticismo. <strong>Octavio de Juan<\/strong>\u00a0ofrece su impresi\u00f3n como violista: <em>&#8220;En los tres cuartetos la viola tiene un papel importante. En el primero destaco el pasaje agudo que hay al final del Allegro y el el cuarteto n\u00ba2 es interesante la variaci\u00f3n III del segundo tiempo. En la Pastoral del cuarteto n\u00ba 3 presten atenci\u00f3n a la cascada interminable de olorosas y buc\u00f3licas semicorcheas y, despu\u00e9s, a los fren\u00e9ticos y estent\u00f3reos tr\u00e9molos que sirven de genial onomatopeya del culmen de la tormenta antes de volver de nuevo al sosiego campestre.&#8221;<\/em><\/p>\n<p>Concluyo con una frase del propio <strong>Fetis<\/strong>:<em> &#8220;&#8230; es imposible imaginar nada m\u00e1s original, m\u00e1s elegante, ni escrito con mayor pureza, que estos cuartetos&#8230;&#8221;<\/em><\/p>\n<p><span style=\"color: #808080;\"><strong><em>Lunes 2 de diciembre, 20 h. Sala de C\u00e1mara del Auditorio V\u00edctor Villegas de Murcia. Cuartetos 1, 2 y 3 de Arriaga. Cuarteto de Il Concerto Accademico. Entrada 12 euros (8 euros para jubilados, parados, j\u00f3venes y miembros de la Asociaci\u00f3n ProM\u00fasica de Murcia).<\/em><\/strong><\/span><\/p>\n<p>&nbsp;<\/p>\n<p>&nbsp;<\/p>\n","protected":false},"excerpt":{"rendered":"<p>La M\u00fasica de C\u00e1mara en Murcia goza de buena salud. En unas horas, en nuestra ciudad, vamos a asistir por primera vez a la audici\u00f3n de la integral de los cuartetos de un m\u00fasico extraordinario. Juan Cris\u00f3stomo de Arriaga (1806-1826) es uno de los compositores espa\u00f1oles m\u00e1s importantes y por ello es conocido como &#8220;el [&hellip;]<\/p>\n","protected":false},"author":24,"featured_media":0,"comment_status":"open","ping_status":"open","sticky":false,"template":"","format":"standard","meta":[],"categories":[19],"tags":[],"_links":{"self":[{"href":"https:\/\/blogs.laverdad.es\/musicainesperada\/wp-json\/wp\/v2\/posts\/256"}],"collection":[{"href":"https:\/\/blogs.laverdad.es\/musicainesperada\/wp-json\/wp\/v2\/posts"}],"about":[{"href":"https:\/\/blogs.laverdad.es\/musicainesperada\/wp-json\/wp\/v2\/types\/post"}],"author":[{"embeddable":true,"href":"https:\/\/blogs.laverdad.es\/musicainesperada\/wp-json\/wp\/v2\/users\/24"}],"replies":[{"embeddable":true,"href":"https:\/\/blogs.laverdad.es\/musicainesperada\/wp-json\/wp\/v2\/comments?post=256"}],"version-history":[{"count":0,"href":"https:\/\/blogs.laverdad.es\/musicainesperada\/wp-json\/wp\/v2\/posts\/256\/revisions"}],"wp:attachment":[{"href":"https:\/\/blogs.laverdad.es\/musicainesperada\/wp-json\/wp\/v2\/media?parent=256"}],"wp:term":[{"taxonomy":"category","embeddable":true,"href":"https:\/\/blogs.laverdad.es\/musicainesperada\/wp-json\/wp\/v2\/categories?post=256"},{"taxonomy":"post_tag","embeddable":true,"href":"https:\/\/blogs.laverdad.es\/musicainesperada\/wp-json\/wp\/v2\/tags?post=256"}],"curies":[{"name":"wp","href":"https:\/\/api.w.org\/{rel}","templated":true}]}}