{"id":261,"date":"2013-12-07T20:46:52","date_gmt":"2013-12-07T20:46:52","guid":{"rendered":"http:\/\/blogs.laverdad.es\/musicainesperada\/?p=261"},"modified":"2013-12-07T20:46:52","modified_gmt":"2013-12-07T20:46:52","slug":"la-proa-de-la-cultura","status":"publish","type":"post","link":"https:\/\/blogs.laverdad.es\/musicainesperada\/2013\/12\/07\/la-proa-de-la-cultura\/","title":{"rendered":"La proa de la cultura."},"content":{"rendered":"<p><a href=\"\/musicainesperada\/wp-content\/uploads\/sites\/23\/2013\/12\/Colage-de-3.jpg\"><img loading=\"lazy\" class=\"aligncenter size-full wp-image-264\" title=\"Colage de 3\" src=\"\/musicainesperada\/wp-content\/uploads\/sites\/23\/2013\/12\/Colage-de-3.jpg\" alt=\"\" width=\"279\" height=\"639\" srcset=\"https:\/\/static-blogs.laverdad.es\/wp-content\/uploads\/sites\/23\/2013\/12\/Colage-de-3.jpg 279w, https:\/\/static-blogs.laverdad.es\/wp-content\/uploads\/sites\/23\/2013\/12\/Colage-de-3-131x300.jpg 131w\" sizes=\"(max-width: 279px) 100vw, 279px\" \/><\/a><\/p>\n<p>&nbsp;<\/p>\n<p>Desde estas l\u00edneas les animo cada semana a (re)descubrir la m\u00fasica cl\u00e1sica en el <em><strong>Auditorio de Murcia<\/strong><\/em>, un espacio con una ac\u00fastica privilegiada. Al pasear junto a este emblem\u00e1tico edificio o cuando nos adentramos en sus diferentes espacios, muchas veces no somos conscientes de la importancia que tiene en su existencia la iniciativa de personas de la tierra.<\/p>\n<p>En el blog de hoy les cuento algunas cosas sobre la historia del <strong><em>Auditorio y Palacio de Congresos<\/em><\/strong>, es decir, sobre nuestra historia. Una de las personas que mejor recuerda los detalles es <strong>Jos\u00e9 Alberto Sa\u00e9z de Haro<\/strong>, arquitecto y mel\u00f3mano que vive de cerca los pre\u00e1mbulos de la construcci\u00f3n del edificio ya que, a mediados de los a\u00f1os ochenta, es Director General de Urbanismo, Arquitectura y Vivienda de la Comunidad Aut\u00f3noma y por su vinculaci\u00f3n con la asociaci\u00f3n<strong><em> Pro-m\u00fasica<\/em><\/strong> de Murcia, llega a ser presidente de la misma.<\/p>\n<p>Como ocurre tantas veces, la persona clave para que Murcia tenga un auditorio no ha tenido el suficiente reconocimiento por parte de la sociedad. <strong>Jos\u00e9 Alberto<\/strong> nos cuenta que: <em>\u201cEn 1983, el Ministerio de Cultura inicia el <strong>Plan Nacional de Auditorios<\/strong> a trav\u00e9s de convenios con las comunidades aut\u00f3nomas con el fin de dotar al pa\u00eds de una adecuada infraestructura musical. <strong>Jos\u00e9 Manuel Garrido Guzm\u00e1n<\/strong>, persona apasionada por el teatro y ex-concejal de Cultura del Ayuntamiento de Murcia, es en esta \u00e9poca el Director General del Instituto Nacional de las Artes Esc\u00e9nicas y de la M\u00fasica (<strong>INAEM<\/strong>) con sede en Madrid. <strong>Garrido<\/strong> es el verdadero fact\u00f3tum de todo al incluir a Murcia en el Plan de Auditorios.\u201d<\/em><\/p>\n<p>Esto permite el convenio entre el Ministerio de Cultura, la Comunidad Aut\u00f3noma de Murcia y el Ayuntamiento de Murcia. Tras la consiguiente propuesta de la Consejer\u00eda de Cultura y es estudio econ\u00f3mico de la Consejer\u00eda de Hacienda, se hace en 1987 un concurso restringido entre cuatro arquitectos, dos de Murcia y dos for\u00e1neos. Los destacados arquitectos de Murcia son <strong>Juan Antonio Molina Serrano<\/strong> (edificio del Archivo Regional) y<strong> Jos\u00e9 Mar\u00eda Torres Nadal<\/strong> (edifico de CajaMurcia en Gran V\u00eda). Los arquitectos for\u00e1neos son <strong>Jos\u00e9 Mar\u00eda Garc\u00eda de Paredes<\/strong> y <strong>Juan Daniel Fullaondo<\/strong>.<\/p>\n<p><strong>Sa\u00e9z de Haro<\/strong> participa como t\u00e9cnico en la comisi\u00f3n de selecci\u00f3n junto al presidente <strong>Carlos Collado<\/strong>, al alcalde <strong>Jos\u00e9 M\u00e9ndez<\/strong>, a <strong>Miguel \u00c1ngel P\u00e9rez-Espejo Mart\u00ednez<\/strong> (Director General de Cultura), a <strong>Luis Arr\u00f3niz<\/strong> (Director General de Turismo) y a <strong>Octavio de Juan<\/strong> (Jefe de Servicio de la Conserjer\u00eda de Cultura y el padre \u00a0de la <em><strong>Orquesta de J\u00f3venes de la Regi\u00f3n de Murcia<\/strong><\/em>), entre otros.<\/p>\n<p>El proyecto ganador del concurso es el de <strong>Garc\u00eda Paredes<\/strong>, arquitecto casado con una sobrina de <strong>Manuel de Falla<\/strong> y que hab\u00eda construido el <strong><em>Palau de la M\u00fasica de Valencia<\/em><\/strong> y los <em><strong>Auditorios de Granada y Madrid<\/strong><\/em>. <strong>Jos\u00e9 Alberto<\/strong>\u00a0cuenta que: <em>\u201cEn el tema auditorios era el n\u00famero uno. Garc\u00eda Paredes presenta un proyecto muy racionalista basado en un simple tri\u00e1ngulo donde se insertaba la sala de conciertos y los espacios residuales se destinaban al vest\u00edbulo, accesos, oficinas y cafeter\u00edas, entre otros. Se selecciona su proyecto porque es una m\u00e1quina perfecta donde lo importante es el escenario y la ac\u00fastica de la sala. La orientaci\u00f3n de las placas del techo, los materiales y los acabados est\u00e1n orientados a conseguir este fin. Los otros proyectos, en cambio, insisten en aspectos como la disposici\u00f3n de la cubierta del auditorio o la importancia de las zonas de comunicaci\u00f3n y acceso del p\u00fablico\u201d.<\/em><\/p>\n<p><a href=\"\/musicainesperada\/wp-content\/uploads\/sites\/23\/2013\/12\/alto.jpg\"><img loading=\"lazy\" class=\"aligncenter size-full wp-image-265\" title=\"alto\" src=\"\/musicainesperada\/wp-content\/uploads\/sites\/23\/2013\/12\/alto.jpg\" alt=\"\" width=\"493\" height=\"380\" srcset=\"https:\/\/static-blogs.laverdad.es\/wp-content\/uploads\/sites\/23\/2013\/12\/alto.jpg 493w, https:\/\/static-blogs.laverdad.es\/wp-content\/uploads\/sites\/23\/2013\/12\/alto-300x231.jpg 300w\" sizes=\"(max-width: 493px) 100vw, 493px\" \/><\/a><\/p>\n<p>&nbsp;<\/p>\n<p>Para <strong>Jos\u00e9 Alberto<\/strong>, adem\u00e1s de que Garc\u00eda Paredes hab\u00eda hecho ya tres auditorios, es importante que:<em> \u201cEn su equipo figura como t\u00e9cnico de ac\u00fastica <strong>Lothar Cremer<\/strong>, que hab\u00eda participado como experto en la construcci\u00f3n del edificio de la <strong>Filarm\u00f3nica de Berl<\/strong><strong>\u00edn\u201d.<\/strong><\/em><\/p>\n<p>El terreno que cede el Ayuntamiento pretende potenciar esta zona de Murcia y culminar el eje del r\u00edo. En 1990, una vez valorados los asuntos econ\u00f3micos y antes de empezar las obras, fallece Garc\u00eda Paredes y se encarga de la obra su yerno <strong>Juan Ignacio Garc\u00eda Pedrosa<\/strong>. La orientaci\u00f3n de la fachada del edificio al lado contrario del sol es muy singular.<strong> Sa\u00e9z<\/strong> nos aclara que: \u201c<em>El proyecto intenta dignificar la trasera del escenario destacando la proa del mismo en la fachada. El arquitecto parece recordarnos que el escenario es el lugar donde se producen las cosas importantes. Adem\u00e1s, si se hubiera orientado el edificio a medio d\u00eda, las cristaleras se hubieran deteriorado con el efecto del sol y el paso del tiempo\u201d.<\/em><\/p>\n<p>Del proyecto inicial, se producen algunas modificaciones.<strong> Sa\u00e9z de Haro<\/strong> nos comenta que: <em>\u201cInicialmente est\u00e1 previsto que el Auditorio tenga 1.900 localidades, con lo que hubiese sido uno de los m\u00e1s grandes del pa\u00eds, pero se termina instalando 1.768 butacas en la sala principal. Adem\u00e1s, el arquitecto proyecta los camerinos en el piso inferior al escenario, pero, a propuesta nuestra, esto se cambia y quedan situados al mismo nivel.\u201d \u00a0<\/em><\/p>\n<p>El domingo <strong>5 de febrero de 1995<\/strong> la <strong>reina Sof\u00eda<\/strong> inaugura el Auditorio de Murcia en un concierto de la <strong><em>Orquesta Filarm\u00f3nica de Munich<\/em><\/strong> dirigido por el exigente maestro <strong>Sergiu Celibidache<\/strong>. <strong>Jos\u00e9 Alberto<\/strong> forma parte del protocolo del acto en calidad de Presidente de <em><strong>Pro-m\u00fasica<\/strong><\/em> de Murcia: <em>\u201cEl maestro manifest\u00f3 que la ac\u00fastica de la sala es formidable y especialmente en el lugar donde se sit\u00faa el director. \u00a0Otros maestros que han dirigido en el Auditorio se han mostrado entusiasmados con la ac\u00fastica y la consideran una de las mejores del mundo\u201d.<\/em><\/p>\n<p>Espero que este post rinda un homenaje a todas las personas que hicieron posible que nuestra ciudad tuviese un auditorio de primera l\u00ednea. <strong>Sa\u00e9z de Haro<\/strong> comenta que: <em>\u201cAntes del Auditorio, en Murcia hay una situaci\u00f3n musical precaria a pesar de la demanda de cultura de la sociedad. <strong>Pro-m\u00fasica<\/strong> intenta dar una respuesta acorde a esta necesidad trayendo importantes orquestas de Rusia y resto de Europa, pero la ac\u00fastica y otros condicionantes del Teatro Romea y del pabell\u00f3n deportivo de los Maristas de Vistalegre son insuficientes. El Auditorio es el marco que se necesita para escuchar m\u00fasica en las condiciones adecuadas\u201d.<\/em><\/p>\n<p>Otras personas importantes en esta historia por su especial sensibilidad por la m\u00fasica y la escena son el Consejero de Cultura, <strong>Esteban Egea<\/strong>, y <strong>Pedro Olivares Galva\u00f1<\/strong>, Director General de este organismo.<\/p>\n<p>Gracias a ellos y a las personas importantes que he omitido en el texto. Espero que me disculpen por ello.<\/p>\n<p>&nbsp;<\/p>\n","protected":false},"excerpt":{"rendered":"<p>&nbsp; Desde estas l\u00edneas les animo cada semana a (re)descubrir la m\u00fasica cl\u00e1sica en el Auditorio de Murcia, un espacio con una ac\u00fastica privilegiada. Al pasear junto a este emblem\u00e1tico edificio o cuando nos adentramos en sus diferentes espacios, muchas veces no somos conscientes de la importancia que tiene en su existencia la iniciativa de [&hellip;]<\/p>\n","protected":false},"author":24,"featured_media":0,"comment_status":"open","ping_status":"open","sticky":false,"template":"","format":"standard","meta":[],"categories":[5],"tags":[],"_links":{"self":[{"href":"https:\/\/blogs.laverdad.es\/musicainesperada\/wp-json\/wp\/v2\/posts\/261"}],"collection":[{"href":"https:\/\/blogs.laverdad.es\/musicainesperada\/wp-json\/wp\/v2\/posts"}],"about":[{"href":"https:\/\/blogs.laverdad.es\/musicainesperada\/wp-json\/wp\/v2\/types\/post"}],"author":[{"embeddable":true,"href":"https:\/\/blogs.laverdad.es\/musicainesperada\/wp-json\/wp\/v2\/users\/24"}],"replies":[{"embeddable":true,"href":"https:\/\/blogs.laverdad.es\/musicainesperada\/wp-json\/wp\/v2\/comments?post=261"}],"version-history":[{"count":0,"href":"https:\/\/blogs.laverdad.es\/musicainesperada\/wp-json\/wp\/v2\/posts\/261\/revisions"}],"wp:attachment":[{"href":"https:\/\/blogs.laverdad.es\/musicainesperada\/wp-json\/wp\/v2\/media?parent=261"}],"wp:term":[{"taxonomy":"category","embeddable":true,"href":"https:\/\/blogs.laverdad.es\/musicainesperada\/wp-json\/wp\/v2\/categories?post=261"},{"taxonomy":"post_tag","embeddable":true,"href":"https:\/\/blogs.laverdad.es\/musicainesperada\/wp-json\/wp\/v2\/tags?post=261"}],"curies":[{"name":"wp","href":"https:\/\/api.w.org\/{rel}","templated":true}]}}