{"id":267,"date":"2013-12-09T21:45:36","date_gmt":"2013-12-09T21:45:36","guid":{"rendered":"http:\/\/blogs.laverdad.es\/musicainesperada\/?p=267"},"modified":"2013-12-09T21:45:36","modified_gmt":"2013-12-09T21:45:36","slug":"el-reloj-suizo-mas-perfecto","status":"publish","type":"post","link":"https:\/\/blogs.laverdad.es\/musicainesperada\/2013\/12\/09\/el-reloj-suizo-mas-perfecto\/","title":{"rendered":"El reloj suizo m\u00e1s perfecto."},"content":{"rendered":"<p>&nbsp;<\/p>\n<p><a href=\"\/musicainesperada\/wp-content\/uploads\/sites\/23\/2013\/12\/foto-rodilla.jpg\"><img loading=\"lazy\" class=\"aligncenter size-full wp-image-268\" title=\"foto rodilla\" src=\"\/musicainesperada\/wp-content\/uploads\/sites\/23\/2013\/12\/foto-rodilla.jpg\" alt=\"\" width=\"255\" height=\"198\" \/><\/a><\/p>\n<p>&nbsp;<\/p>\n<p><span style=\"font-size: 13px;\"><strong>Igor Stravinsky<\/strong> defini\u00f3 c<\/span>on esta expresi\u00f3n al compositor de hoy. El franc\u00e9s <strong>Maurice Ravel<\/strong> (1875.1937) es el fruto del matrimonio entre un ingeniero suizo y una espa\u00f1ola de origen vasco. Su vida transcurre en Par\u00eds, en cuyo conservatorio es admitido con s\u00f3lo 14 a\u00f1os. <strong>Ravel<\/strong> est\u00e1 clasificado como un m\u00fasico &#8220;impresionista&#8221;, aunque, por su enorme personalidad art\u00edstica, es complicado incluirlo en un movimiento concreto.<\/p>\n<p>Con motivo del concierto \u00a0del pr\u00f3ximo viernes en el Auditorio &#8220;V\u00edctor Villegas&#8221;, conversamos con <strong>Jos\u00e9 Miguel Rodilla<\/strong>, catedr\u00e1tico de Direcci\u00f3n de Orquesta del Conservatorio Superior de Murcia y director musical del programa que escucharemos:\u00a0<em><span style=\"font-size: 13px;\">&#8220;Mi propuesta fue dedicar un<\/span><span style=\"font-size: 13px;\">\u00a0<\/span><span style=\"font-size: 13px;\">concierto a la m\u00fasica francesa. En este contexto y considerando la plantilla de la orquesta, <strong>Ravel<\/strong> no pod\u00eda faltar. \u00a0Su obra, <strong>&#8220;Le tombeau de Couperin&#8221;<\/strong>, encaja perfectamente y es una obra emblem\u00e1tica que refleja con nitidez la uni\u00f3n del lenguaje impresionista con el del neoclasicismo. Al mismo tiempo, sirve de nexo entre las otras dos obras del programa, la <strong>&#8220;Petit suite&#8221;<\/strong> de <strong>Debussy<\/strong> y la <strong>&#8220;Sinfonietta&#8221;<\/strong> de <strong>Poulenc<\/strong> &#8220;.<\/span><\/em><\/p>\n<p><strong><em>&#8220;Le tombeau de Couperin&#8221;<\/em><\/strong>, en palabras del propio <strong>Ravel<\/strong>, no es una obra dedicada al m\u00fasico franc\u00e9s del Rococ\u00f3, sino a la m\u00fasica francesa del siglo XVIII. La compone en el oto\u00f1o de 1917, tras dos a\u00f1os de sequ\u00eda creativa por su participaci\u00f3n en la Primera Guerra Mundial. La muerte de su madre y la p\u00e9rdida de varios amigos en el frente, hace que <strong>Ravel<\/strong> reaccione ante la tragedia con la creaci\u00f3n de una suite para piano con el t\u00edtulo <em><strong>&#8220;Le tombeau de Couperin&#8221;.<\/strong><\/em><\/p>\n<p>En 1920, <strong>Ravel<\/strong> instrumenta cuatro de los seis movimientos de la suite y la versi\u00f3n orquestal se estrena en los Conciertos Pasdeloup de Par\u00eds bajo la batuta de <strong>Rhen\u00e9-Baton<\/strong>. Las cuatro piezas que componen <em><strong>&#8220;Le tombeau de Couperin&#8221;<\/strong><\/em>\u00a0para orquesta son:\u00a0<em>Preludio, Forlane, Minueto y Rigod\u00f3n.<\/em><\/p>\n<p>Seg\u00fan\u00a0<strong>Jos\u00e9 Miguel Rodilla,<\/strong> <em>&#8220;aunque la obra con m\u00e1s dificultad t\u00e9cnica del programa es la Sinfonietta de Poulenc, destaco la obra de <strong>Ravel<\/strong> por el delicado lenguaje que nos transporta a mundos sonoros maravillosos. Los cuatro movimientos suponen un reto para el director por la sutileza de la orquestaci\u00f3n, pero el m\u00e1s comprometido es el Forlane. M\u00e1s que en los aspectos t\u00e9cnicos, la dificultad radica en el control de las m\u00faltiples entradas de los distintos instrumentos para lograr un equilibrio sonoro&#8221;.<\/em><\/p>\n<p>La orquesta se compone de dos flautas, dos oboes (con corno ingl\u00e9s), dos clarinetes, dos fagotes, dos trompas, una trompeta, arpa y cuerda. <strong>Rodilla<\/strong> asegura que <em>&#8220;l<span style=\"font-size: 13px;\">os instrumentos que tienen un protagonismo especial a lo largo de la obra son los de viento madera. Tal vez destacar\u00eda el oboe, cuyas intervenciones se aprecian en casi todos los temas de los cuatro movimientos, especialmente en el comienzo del Minueto&#8221;.<\/span><\/em><\/p>\n<p>La orquesta que propone Ravel nos recuerda a las t\u00edpicas del siglo XVIII, pero nos ofrece un lenguaje arm\u00f3nico moderno que nos llena de emoci\u00f3n.<\/p>\n<p>El maestro franc\u00e9s, poco antes de morir, dijo: <em>&#8220;Todav\u00eda tengo tanta m\u00fasica en la cabeza. No he dicho apenas nada. Me queda tanto por decir&#8221;.<\/em><\/p>\n<p><strong><em><span style=\"color: #808080;\">Viernes 13 de diciembre, 20 horas. Obras de Debussy, Ravel y Poulenc. Orquesta Sinf\u00f3nica de la Regi\u00f3n de Murcia. Jos\u00e9 Miguel Rodilla (director musical). Entradas: 18, 14 y 10 euros.<\/span><\/em><\/strong><\/p>\n","protected":false},"excerpt":{"rendered":"<p>&nbsp; &nbsp; Igor Stravinsky defini\u00f3 con esta expresi\u00f3n al compositor de hoy. El franc\u00e9s Maurice Ravel (1875.1937) es el fruto del matrimonio entre un ingeniero suizo y una espa\u00f1ola de origen vasco. Su vida transcurre en Par\u00eds, en cuyo conservatorio es admitido con s\u00f3lo 14 a\u00f1os. Ravel est\u00e1 clasificado como un m\u00fasico &#8220;impresionista&#8221;, aunque, por [&hellip;]<\/p>\n","protected":false},"author":24,"featured_media":0,"comment_status":"open","ping_status":"open","sticky":false,"template":"","format":"standard","meta":[],"categories":[19],"tags":[],"_links":{"self":[{"href":"https:\/\/blogs.laverdad.es\/musicainesperada\/wp-json\/wp\/v2\/posts\/267"}],"collection":[{"href":"https:\/\/blogs.laverdad.es\/musicainesperada\/wp-json\/wp\/v2\/posts"}],"about":[{"href":"https:\/\/blogs.laverdad.es\/musicainesperada\/wp-json\/wp\/v2\/types\/post"}],"author":[{"embeddable":true,"href":"https:\/\/blogs.laverdad.es\/musicainesperada\/wp-json\/wp\/v2\/users\/24"}],"replies":[{"embeddable":true,"href":"https:\/\/blogs.laverdad.es\/musicainesperada\/wp-json\/wp\/v2\/comments?post=267"}],"version-history":[{"count":0,"href":"https:\/\/blogs.laverdad.es\/musicainesperada\/wp-json\/wp\/v2\/posts\/267\/revisions"}],"wp:attachment":[{"href":"https:\/\/blogs.laverdad.es\/musicainesperada\/wp-json\/wp\/v2\/media?parent=267"}],"wp:term":[{"taxonomy":"category","embeddable":true,"href":"https:\/\/blogs.laverdad.es\/musicainesperada\/wp-json\/wp\/v2\/categories?post=267"},{"taxonomy":"post_tag","embeddable":true,"href":"https:\/\/blogs.laverdad.es\/musicainesperada\/wp-json\/wp\/v2\/tags?post=267"}],"curies":[{"name":"wp","href":"https:\/\/api.w.org\/{rel}","templated":true}]}}