{"id":270,"date":"2013-12-14T23:31:36","date_gmt":"2013-12-14T23:31:36","guid":{"rendered":"http:\/\/blogs.laverdad.es\/musicainesperada\/?p=270"},"modified":"2013-12-14T23:31:36","modified_gmt":"2013-12-14T23:31:36","slug":"aprender-a-tocar-de-facil-a-facil","status":"publish","type":"post","link":"https:\/\/blogs.laverdad.es\/musicainesperada\/2013\/12\/14\/aprender-a-tocar-de-facil-a-facil\/","title":{"rendered":"Aprender a tocar de f\u00e1cil a f\u00e1cil."},"content":{"rendered":"<p>&nbsp;<\/p>\n<p>&nbsp;<\/p>\n<p>&nbsp;<\/p>\n<p style=\"text-align: center;\"><a href=\"\/musicainesperada\/wp-content\/uploads\/sites\/23\/2013\/12\/Foto-Fuster2.jpg\"><img loading=\"lazy\" class=\"aligncenter  wp-image-274\" title=\"Foto Fuster\" src=\"\/musicainesperada\/wp-content\/uploads\/sites\/23\/2013\/12\/Foto-Fuster2.jpg\" alt=\"\" width=\"614\" height=\"408\" srcset=\"https:\/\/static-blogs.laverdad.es\/wp-content\/uploads\/sites\/23\/2013\/12\/Foto-Fuster2.jpg 2240w, https:\/\/static-blogs.laverdad.es\/wp-content\/uploads\/sites\/23\/2013\/12\/Foto-Fuster2-300x199.jpg 300w, https:\/\/static-blogs.laverdad.es\/wp-content\/uploads\/sites\/23\/2013\/12\/Foto-Fuster2-768x510.jpg 768w, https:\/\/static-blogs.laverdad.es\/wp-content\/uploads\/sites\/23\/2013\/12\/Foto-Fuster2-1024x680.jpg 1024w\" sizes=\"(max-width: 614px) 100vw, 614px\" \/><\/a><\/p>\n<p>&nbsp;<\/p>\n<p>Entre todas las ense\u00f1anzas que he recibido del maestro <strong>Josep Fuster<\/strong>, profesor de clarinete y de m\u00fasica de c\u00e1mara, destaco el cuidado de los aspectos b\u00e1sicos del estudio e interpretaci\u00f3n musical. Me refiero al solfeo, al ritmo, a la afinaci\u00f3n, al manejo de la emisi\u00f3n del aire, a tocar los pasajes r\u00e1pidos logrando que se escuchen todas las notas, a estudiar las partes m\u00e1s dif\u00edciles muy despacio para progresivamente hacerlo m\u00e1s r\u00e1pido, a cuidar todo lo que ocurre entre dos notas y a dar de sentido a la frase musical.<\/p>\n<p>Las ense\u00f1anzas de <strong>Fuster<\/strong> son valiosas porque contienen lo &#8220;innegociable&#8221; para conseguir una adecuada expresi\u00f3n musical. El clarinetista valenciano (Villanueva de Castell\u00f3n, 1960) vive un momento \u00f3ptimo fruto de la dilatada experiencia como profesor e int\u00e9rprete, del dominio sobre el instrumento de \u00e9bano y de la sabidur\u00eda para la docencia, esto es, la maestr\u00eda para transformar estudiantes en disc\u00edpulos con creatividad musical.<\/p>\n<p><strong><a href=\"\/musicainesperada\/wp-content\/uploads\/sites\/23\/2013\/12\/Portada.jpg\"><img loading=\"lazy\" class=\"wp-image-271 alignright\" title=\"Portada\" src=\"\/musicainesperada\/wp-content\/uploads\/sites\/23\/2013\/12\/Portada.jpg\" alt=\"\" width=\"160\" height=\"202\" srcset=\"https:\/\/static-blogs.laverdad.es\/wp-content\/uploads\/sites\/23\/2013\/12\/Portada.jpg 303w, https:\/\/static-blogs.laverdad.es\/wp-content\/uploads\/sites\/23\/2013\/12\/Portada-237x300.jpg 237w\" sizes=\"(max-width: 160px) 100vw, 160px\" \/><\/a>Josep Fuster<\/strong> acaba de publicar la obra <strong><em>&#8220;Ejercicios t\u00e9cnicos de flexibilidad&#8221;<\/em><\/strong> (Editorial Boileau, Barcelona 2013) donde ofrece su punto de vista sobre todo lo relacionado con la sonoridad, afinaci\u00f3n, columna de aire, digitaci\u00f3n y articulaci\u00f3n con el clarinete. \u00a0Para el maestro <strong>Fuster,\u00a0<\/strong>manejar la t\u00e9cnica del instrumento con la adecuada flexibilidad y homegeneidad es el complemento indispensable de la expresividad requerida para dar conciertos.<\/p>\n<p>Solista de la <em><strong>Orquesta Sinf\u00f3nica de Barcelona y Nacional de Catalu\u00f1a (OBC)<\/strong><\/em> desde 1993, participa en giras con diferentes orquestas europeas y americanas y forma d\u00fao con la pianista <strong>Isabel Hern\u00e1ndez<\/strong> en distintos recitales y grabaciones con m\u00fasica de c\u00e1mara de <strong>Brahms, Weber<\/strong> y <strong>Rossini.<\/strong><\/p>\n<p>Sobre su colecci\u00f3n de discos <em><strong>&#8220;M\u00fasica Virtuosa&#8221;<\/strong><\/em>, ya dedicamos un post de este blog.<\/p>\n<p>Por fortuna, nuestra regi\u00f3n est\u00e1 incluida en el circuito europeo donde <strong>Josep Fuster <\/strong>\u00a0imparte cursos y clases magistrales como profesor invitado. En unos d\u00edas, los estudiantes de clarinete del entorno, tienen la oportunidad de recibir sus ense\u00f1anzas y lograr ser cada d\u00eda un poco mejores que el anterior.<\/p>\n<p>&nbsp;<\/p>\n<p><em>Lugar: Encuentros Musicales de la <strong>Casa Rural Candel\u00f3n<\/strong>. Abar\u00e1n, <strong>28 y 29 de Diciembre de 2013<\/strong>. Profesor: <strong>Josep Fuster<\/strong> (Clarinete Solista de la OBC y Profesor de clarinete y m\u00fasica de c\u00e1mara de la ESMUC de Barcelona). M\u00e1s informaci\u00f3n en<strong> www.casaruralcandelon.com.<\/strong><\/em><\/p>\n","protected":false},"excerpt":{"rendered":"<p>&nbsp; &nbsp; &nbsp; &nbsp; Entre todas las ense\u00f1anzas que he recibido del maestro Josep Fuster, profesor de clarinete y de m\u00fasica de c\u00e1mara, destaco el cuidado de los aspectos b\u00e1sicos del estudio e interpretaci\u00f3n musical. Me refiero al solfeo, al ritmo, a la afinaci\u00f3n, al manejo de la emisi\u00f3n del aire, a tocar los pasajes [&hellip;]<\/p>\n","protected":false},"author":24,"featured_media":0,"comment_status":"open","ping_status":"open","sticky":false,"template":"","format":"standard","meta":[],"categories":[18],"tags":[],"_links":{"self":[{"href":"https:\/\/blogs.laverdad.es\/musicainesperada\/wp-json\/wp\/v2\/posts\/270"}],"collection":[{"href":"https:\/\/blogs.laverdad.es\/musicainesperada\/wp-json\/wp\/v2\/posts"}],"about":[{"href":"https:\/\/blogs.laverdad.es\/musicainesperada\/wp-json\/wp\/v2\/types\/post"}],"author":[{"embeddable":true,"href":"https:\/\/blogs.laverdad.es\/musicainesperada\/wp-json\/wp\/v2\/users\/24"}],"replies":[{"embeddable":true,"href":"https:\/\/blogs.laverdad.es\/musicainesperada\/wp-json\/wp\/v2\/comments?post=270"}],"version-history":[{"count":0,"href":"https:\/\/blogs.laverdad.es\/musicainesperada\/wp-json\/wp\/v2\/posts\/270\/revisions"}],"wp:attachment":[{"href":"https:\/\/blogs.laverdad.es\/musicainesperada\/wp-json\/wp\/v2\/media?parent=270"}],"wp:term":[{"taxonomy":"category","embeddable":true,"href":"https:\/\/blogs.laverdad.es\/musicainesperada\/wp-json\/wp\/v2\/categories?post=270"},{"taxonomy":"post_tag","embeddable":true,"href":"https:\/\/blogs.laverdad.es\/musicainesperada\/wp-json\/wp\/v2\/tags?post=270"}],"curies":[{"name":"wp","href":"https:\/\/api.w.org\/{rel}","templated":true}]}}