{"id":276,"date":"2013-12-19T23:24:37","date_gmt":"2013-12-19T23:24:37","guid":{"rendered":"http:\/\/blogs.laverdad.es\/musicainesperada\/?p=276"},"modified":"2013-12-19T23:24:37","modified_gmt":"2013-12-19T23:24:37","slug":"la-expresion-poetica","status":"publish","type":"post","link":"https:\/\/blogs.laverdad.es\/musicainesperada\/2013\/12\/19\/la-expresion-poetica\/","title":{"rendered":"La expresi\u00f3n po\u00e9tica."},"content":{"rendered":"<p><a href=\"\/musicainesperada\/wp-content\/uploads\/sites\/23\/2013\/12\/FOTO-JANA.jpg\"><img loading=\"lazy\" class=\"aligncenter size-large wp-image-277\" title=\"FOTO JANA\" src=\"\/musicainesperada\/wp-content\/uploads\/sites\/23\/2013\/12\/FOTO-JANA.jpg\" alt=\"\" width=\"739\" height=\"1024\" srcset=\"https:\/\/static-blogs.laverdad.es\/wp-content\/uploads\/sites\/23\/2013\/12\/FOTO-JANA.jpg 1300w, https:\/\/static-blogs.laverdad.es\/wp-content\/uploads\/sites\/23\/2013\/12\/FOTO-JANA-217x300.jpg 217w, https:\/\/static-blogs.laverdad.es\/wp-content\/uploads\/sites\/23\/2013\/12\/FOTO-JANA-768x1063.jpg 768w, https:\/\/static-blogs.laverdad.es\/wp-content\/uploads\/sites\/23\/2013\/12\/FOTO-JANA-740x1024.jpg 740w\" sizes=\"(max-width: 739px) 100vw, 739px\" \/><\/a><\/p>\n<p><strong>Franz Schubert<\/strong> (Viena 1797-1828) es un m\u00fasico genial que causa asombro entre sus contempor\u00e1neos. A sus maestros no deja de sorprenderles la rapidez con la que adquiere tanto conocimientos t\u00e9cnicos como los secretos del oficio. Adem\u00e1s, la supuesta facilidad que muestra para componer hace que se le considere un m\u00fasico con inspiraci\u00f3n divina.<\/p>\n<p><span style=\"font-size: 13px;\">La realidad de <strong>Schubert<\/strong> es la de un compositor con dedicaci\u00f3n plena a la composici\u00f3n y que, a los 25 a\u00f1os de edad, nos regala una de sus obras maestras, la octava sinfon\u00eda, denominada <em><strong>\u201cInacabada\u201d.<\/strong><\/em> Este t\u00e9rmino se debe a que la obra consta solo de dos movimientos <em>\u201cAllegro moderato\u201d<\/em> y <em>\u201cAndante con moto\u201d<\/em>, quedando un tercero orquestado en sus nueves primeros compases y que no se representa casi nunca.<\/span><\/p>\n<p><span style=\"font-size: 13px;\">La sinfon\u00eda <em><strong>\u201cInacabada\u201d<\/strong><\/em>, en palabras de\u00a0<\/span><strong style=\"font-size: 13px;\">Eugenio Tr\u00edas<\/strong><span style=\"font-size: 13px;\">, es una obra consumada en la que <strong>Schubert,<\/strong> en sus dos movimientos, probablemente expresa todo lo que quer\u00eda decirnos. La pieza expone ideas musicales de mucha profundidad que salen desde lo m\u00e1s \u00edntimo del alma h<\/span><span style=\"font-size: 13px;\">umana.<\/span><\/p>\n<p><span style=\"font-size: 13px;\">Como si fuese un asunto de amor eterno, <strong>Jana Novak<\/strong>, violista de la <strong><em>Orquesta Sinf\u00f3nica de la Regi\u00f3n de Murcia<\/em><\/strong>, nos aporta su visi\u00f3n personal sobre esta obra cumbre de la Historia de la M\u00fasica: <em>\u201cCuando al principio de esta temporada me enter\u00e9 que \u00edbamos a tocar la Inacabada de Schubert sab\u00eda que pasar\u00eda otra vez por una experiencia inolvidable. Esta sinfon\u00eda fue una de las primeras obras que toqu\u00e9 en una orquesta sinf\u00f3nica y eso no se olvida nunca. Cada vez que vuelvo a tocar esta gran obra, los recuerdos se mezclan con las impresiones del momento y me producen unas sensaciones indescriptibles\u201d.<\/em><\/span><\/p>\n<p><span style=\"font-size: 13px;\"><strong>Jana<\/strong> nace en la localidad eslovaca de B\u00e1novce nad Bebravou, donde inicia con 6 a\u00f1os sus estudios con el viol\u00edn en la Volksmusikschule (equivalente a la escuela municipal). Posteriormente se matricula para estudiar viola en el Konservatorium de \u017dilina y continuar estudios en la Hochschule f\u00fcr Musische K\u00fcnste de Bratislava. Esta int\u00e9rprete se muestra muy ilusionada por iniciar los ensayos de la obra: <em>\u201cA pesar de llevar tantos a\u00f1os tocando en orquestas, cuando se pasa desde la oscuridad y el dramatismo del primer movimiento hasta la alegr\u00eda del segundo, un escalofr\u00edo recorre mi piel hasta la nuca y mis ojos cerrados amenazan con estallar en l\u00e1grimas, que las intento retener para no parecer demasiado rid\u00edcula\u201c.<\/em><\/span><\/p>\n<p><span style=\"font-size: 13px;\"><strong>Novak<\/strong> ampl\u00eda estudios en Viena y Friburgo y forma parte de la Philharmonischen Orchester der Stadt Freiburg im Breisgau y de la Kammerorchester\u00a0 der Stadt Bratislava Cappella Istropolitana, antes de incorporarse hace 10 a\u00f1os a\u00a0la <strong>OSRM<\/strong>. <strong>Jana<\/strong> tiene muy claro cu\u00e1l es el \u00a0fragmento m\u00e1s significativo de toda la pieza: <em>\u00a0\u201cEl momento que m\u00e1s me intriga de toda la sinfon\u00eda, es lo que ocurre inmediatamente despu\u00e9s de la salida del director, cuando se calman los aplausos y los m\u00fasicos estamos con los brazos en alto preparados. Toda la tensi\u00f3n y concentraci\u00f3n est\u00e1n suspendidos en el tiempo como si fu\u00e9semos estatuas y, de pronto, empiezan a sonar los instrumentos graves con toda su oscuridad, despu\u00e9s se les a\u00f1ade el siseo del resto de la cuerda y la ansiosa llamada del las maderas.\u201d<\/em><\/span><\/p>\n<p><strong>Jana<\/strong> nos anima a acudir el pr\u00f3ximo lunes al Auditorio: <em>\u201cBajo la batuta de Virginia Mart\u00ednez sonar\u00e1 un concierto que no hay que perderse. En la octava sinfon\u00eda no falta ninguna nota,porque todo est\u00e1 dicho en dos movimientos. \u00a1Maestro Schubert, gracias por tu Unvollendete! y \u00a1gracias a la m\u00fasica por formar una parte inseparable de mi vida!<\/em><\/p>\n<p><span style=\"font-size: 13px;\">Les dejo con un v\u00eddeo del primer movimiento <em>&#8220;Allegro Moderato&#8221;<\/em> dirigido por <strong>Claudio Abbado<\/strong>. \u00bfSe imaginan esto en directo?<\/span><\/p>\n<p><em style=\"font-size: 13px;\"><span style=\"color: #808080;\"><strong>Lunes 23 de diciembre, 20 horas. Auditorio V\u00edctor Villegas de Murcia. Sinfon\u00edas 4 \u201cTr\u00e1gica\u201d y 8 \u201cInacabada\u201d de F. Schubert. \u201cIdilio de Sigfrido\u201d de R. Wagner. Orquesta Sinf\u00f3nica de la Regi\u00f3n de Murcia. Virginia Mart\u00ednez (direcci\u00f3n musical). Precio entradas: 18, 14 y 10 euros (consultar descuentos).\u00a0<\/strong><\/span><\/em><\/p>\n<p>&nbsp;<\/p>\n<p><iframe loading=\"lazy\" src=\"\/\/www.youtube.com\/embed\/hHfy1K8ClFc\" frameborder=\"0\" width=\"420\" height=\"315\"><\/iframe><\/p>\n","protected":false},"excerpt":{"rendered":"<p>Franz Schubert (Viena 1797-1828) es un m\u00fasico genial que causa asombro entre sus contempor\u00e1neos. A sus maestros no deja de sorprenderles la rapidez con la que adquiere tanto conocimientos t\u00e9cnicos como los secretos del oficio. Adem\u00e1s, la supuesta facilidad que muestra para componer hace que se le considere un m\u00fasico con inspiraci\u00f3n divina. La realidad [&hellip;]<\/p>\n","protected":false},"author":24,"featured_media":0,"comment_status":"open","ping_status":"open","sticky":false,"template":"","format":"standard","meta":[],"categories":[19],"tags":[],"_links":{"self":[{"href":"https:\/\/blogs.laverdad.es\/musicainesperada\/wp-json\/wp\/v2\/posts\/276"}],"collection":[{"href":"https:\/\/blogs.laverdad.es\/musicainesperada\/wp-json\/wp\/v2\/posts"}],"about":[{"href":"https:\/\/blogs.laverdad.es\/musicainesperada\/wp-json\/wp\/v2\/types\/post"}],"author":[{"embeddable":true,"href":"https:\/\/blogs.laverdad.es\/musicainesperada\/wp-json\/wp\/v2\/users\/24"}],"replies":[{"embeddable":true,"href":"https:\/\/blogs.laverdad.es\/musicainesperada\/wp-json\/wp\/v2\/comments?post=276"}],"version-history":[{"count":0,"href":"https:\/\/blogs.laverdad.es\/musicainesperada\/wp-json\/wp\/v2\/posts\/276\/revisions"}],"wp:attachment":[{"href":"https:\/\/blogs.laverdad.es\/musicainesperada\/wp-json\/wp\/v2\/media?parent=276"}],"wp:term":[{"taxonomy":"category","embeddable":true,"href":"https:\/\/blogs.laverdad.es\/musicainesperada\/wp-json\/wp\/v2\/categories?post=276"},{"taxonomy":"post_tag","embeddable":true,"href":"https:\/\/blogs.laverdad.es\/musicainesperada\/wp-json\/wp\/v2\/tags?post=276"}],"curies":[{"name":"wp","href":"https:\/\/api.w.org\/{rel}","templated":true}]}}