{"id":278,"date":"2013-12-22T21:23:56","date_gmt":"2013-12-22T21:23:56","guid":{"rendered":"http:\/\/blogs.laverdad.es\/musicainesperada\/?p=278"},"modified":"2013-12-22T21:23:56","modified_gmt":"2013-12-22T21:23:56","slug":"el-regalo-mas-universal","status":"publish","type":"post","link":"https:\/\/blogs.laverdad.es\/musicainesperada\/2013\/12\/22\/el-regalo-mas-universal\/","title":{"rendered":"El regalo m\u00e1s universal."},"content":{"rendered":"<p style=\"text-align: center;\"><a href=\"\/musicainesperada\/wp-content\/uploads\/sites\/23\/2013\/12\/POSIBLE-CARTEL-CAMERATA-31.jpg\"><img loading=\"lazy\" class=\"aligncenter  wp-image-280\" title=\"POSIBLE CARTEL CAMERATA 3\" src=\"\/musicainesperada\/wp-content\/uploads\/sites\/23\/2013\/12\/POSIBLE-CARTEL-CAMERATA-31.jpg\" alt=\"\" width=\"614\" height=\"430\" srcset=\"https:\/\/static-blogs.laverdad.es\/wp-content\/uploads\/sites\/23\/2013\/12\/POSIBLE-CARTEL-CAMERATA-31.jpg 2243w, https:\/\/static-blogs.laverdad.es\/wp-content\/uploads\/sites\/23\/2013\/12\/POSIBLE-CARTEL-CAMERATA-31-300x210.jpg 300w, https:\/\/static-blogs.laverdad.es\/wp-content\/uploads\/sites\/23\/2013\/12\/POSIBLE-CARTEL-CAMERATA-31-768x538.jpg 768w, https:\/\/static-blogs.laverdad.es\/wp-content\/uploads\/sites\/23\/2013\/12\/POSIBLE-CARTEL-CAMERATA-31-1024x717.jpg 1024w\" sizes=\"(max-width: 614px) 100vw, 614px\" \/><\/a><\/p>\n<p>&nbsp;<\/p>\n<p>La <strong>Navidad<\/strong> es un regalo. Adem\u00e1s del profundo trasfondo religioso y la inevitable compulsi\u00f3n comercial, la dimensi\u00f3n humana cobra un protagonismo especial. En estas fiestas, las conductas de amistad, de convivencia, de solidaridad, de generosidad y de agradecimiento, entre otras, se hacen m\u00e1s patentes que en otras \u00e9pocas del a\u00f1o. Por otro lado, en <strong>Navidad<\/strong>, el par\u00f3n de la actividad laboral y acad\u00e9mica nos trae de vuelta a los familiares y amigos que no est\u00e1n presentes en el d\u00eda a d\u00eda.<\/p>\n<p>La <strong>m\u00fasica<\/strong> es un regalo vital para la humanidad oyente. El lenguaje musical es m\u00e1s universal que cualquier idioma de los m\u00e1s hablados del planeta. En cualquier lugar del mundo se puede expresar cualquier sentimiento a trav\u00e9s de la <strong>m\u00fasica<\/strong> y este discurso puede ser captado por personas con las que no ser\u00eda posible otro tipo de comunicaci\u00f3n intelectual.<\/p>\n<p><strong>M\u00fasica y Navidad<\/strong>. Esta es la propuesta que nos hace la <strong><em>Camerata de Murcia<\/em><\/strong> en su quinto aniversario. Hace unas semanas les hablaba de esta formaci\u00f3n camer\u00edstica integrada por m\u00fasicos profesionales que han sido seleccionados para completar su formaci\u00f3n de postgrado en los mejores conservatorios de Espa\u00f1a y Europa.<\/p>\n<p>Para \u201cdar cuerda al aniversario\u201d, la <em><strong>Camerata de Murcia<\/strong><\/em> interpreta obras de much\u00edsimo inter\u00e9s cultural. He tenido la oportunidad de asistir al ensayo del programa navide\u00f1o y he quedado maravillado con la dedicaci\u00f3n, talento, complicidad y calidad de estos j\u00f3venes m\u00fasicos.<\/p>\n<p>El presidente y concertino de la <em><strong>Camerata de Murcia<\/strong><\/em> es <strong>Jos\u00e9 N\u00e9stor Tom\u00e1s Loba<\/strong> que cuenta como en estos cinco a\u00f1os, <em>\u201cel trabajo, el esfuerzo y la amistad posibilitan el compromiso de excelencia musical en los concierto que hacemos. Precisamente, calidad, esfuerzo, trabajo e ilusi\u00f3n son algunas de nuestras premisas. Por eso en este aniversario tan especial ofrecemos al p\u00fablico una obra especial que es la primera vez que se interpreta en Murcia: La Obertura en Do menos de Franz Schubert\u201d.<\/em><\/p>\n<p><strong>Beethoven<\/strong> nos dice: <em>\u201cLo dif\u00edcil es bello\u201d<\/em>. <strong>Jos\u00e9 N\u00e9stor<\/strong> considera estas palabras id\u00f3neas para referirse a esta pieza de extrema dificultad:<em> \u201cMozart y Haydn escriben sus obras para m\u00fasicos que trabajan bajo el mecenazgo del Arzobispo de Salzburgo y de la familia Esterh\u00e1zy, respectivamente. Por ello, la dificultad de la obra depend\u00eda de la solvencia de la persona que iba a interpretar la obra en cuesti\u00f3n. Sin embargo, Schubert escribe su m\u00fasica sin pensar en lo dif\u00edcil que pod\u00eda resultar al int\u00e9rprete\u201d.<\/em><\/p>\n<p>La <em><strong>Obertura<\/strong><\/em> de <strong>Schubert<\/strong> est\u00e1 escrita para quinteto de cuerda con dos violas. El violinista concertino, al igual que los dem\u00e1s miembros de la <em><strong>Camerata de Murcia<\/strong><\/em>, conoce muy bien la obra:<em> \u201cMantiene un paralelismo con la c\u00e9lebre obertura de la \u00f3pera Faniska de Cherubini, especialmente en la estructura y en el modo de tratar los temas. Ambas partituras contienen dos partes definidas por los tempos \u00a0largo y allegro. Es en el allegro donde encontramos m\u00e1s similitudes, pues en Faniska el desarrollo del tema B es un bello motivo c\u00edclico realizado por los cellos, acompa\u00f1ado por los violines y flautas en un maravilloso contrapunto en corcheas. El tratamiento en la obertura de Schubert es similar, con las dos violas llevando el motivo principal acompa\u00f1adas por el contrapunto de los violines primeros y segundo. \u00a0La diferencia esencial entre las dos piezas est\u00e1 en la tonalidad, pues la obertura de Cherubini est\u00e1 en Fa mayor y la obertura de Schubert en Do menor, lo cual acent\u00faa el aspecto emotivo, tenebroso y trascendental de esta maravillosa obra\u201d.<\/em><\/p>\n<p>Para <strong>Beethoven<\/strong>: <em>\u201cLa m\u00fasica es un instrumento m\u00e1s potente que cualquier otro, porque ella encuentra su camino en lo m\u00e1s profundo del alma\u201d<\/em>. El regalo navide\u00f1o de la <strong><em>Camerata de Murcia<\/em><\/strong> es m\u00e1s universal que nunca. Los siete conciertos est\u00e1n programados en diferentes puntos de la regi\u00f3n y los que no son gratuitos, son muy asequibles para todos los bolsillos (incluido el que tiene car\u00e1cter ben\u00e9fico).<\/p>\n<p>Desde este blog les recomiendo escuchar en vivo a estos excelentes m\u00fasicos. Les animo a hacerlo con sus hijos, ya que apreciar\u00e1n de primera mano que el esfuerzo y la ilusi\u00f3n en los proyectos siempre tiene premio.<\/p>\n<p><span style=\"color: #ff0000;\"><strong>\u00a1\u00a1\u00a1Feliz Navidad!!!<\/strong><\/span><\/p>\n<p><strong><span style=\"color: #808080;\"><em><span style=\"text-decoration: underline;\">Conciertos con motivo del V\u00ba aniversario de la Camerata de Murcia.<\/span><\/em><\/span><\/strong><\/p>\n<p><span style=\"color: #808080;\"><em>Viernes <strong>27 de diciembre.<\/strong> Auditorio de <strong>Ceut\u00ed, 20 h.<\/strong> (6 euros).<\/em><\/span><\/p>\n<p><span style=\"color: #808080;\"><em>Viernes\u00a0<strong>27 de diciembre.<\/strong> Miniconcierto en Plaza Santo Domingo de <strong>Murcia, 13 h<\/strong>. (gratuito). <\/em><\/span><\/p>\n<p><span style=\"color: #808080;\"><em>S\u00e1bado <strong>28 de diciembre<\/strong>. Museo Aequeol\u00f3gico de <strong>Murcia, 20h<\/strong> (10 euros).<\/em><\/span><\/p>\n<p><span style=\"color: #808080;\"><em>Domingo <strong>29 de diciembre<\/strong>. Auditorio Municipal de <strong>Algezares, 20h<\/strong> (5 euros).<\/em><\/span><\/p>\n<p><span style=\"color: #808080;\"><em>Lunes <strong>30 de diciembre<\/strong>. Auditorio de <strong>Yecla, 20 h<\/strong>. (Gratuito).<\/em><\/span><\/p>\n<p><span style=\"color: #808080;\"><em>Viernes<strong> 3 de enero<\/strong>. Casino de <strong>Murcia,<\/strong>\u00a0<strong>20h.<\/strong> (12 euros. Solidario en beneficio del Banco de alimentos).<\/em><\/span><\/p>\n<p><span style=\"color: #808080;\"><em>S\u00e1bado <strong>4 de enero.<\/strong> Teatro Capitol de <strong>Cieza<\/strong>,\u00a0<strong>20h<\/strong> (Gratuito).<\/em><\/span><\/p>\n<p><span style=\"color: #000000;\"><em><span style=\"text-decoration: underline;\">Programa de todos los conciertos<\/span>: <strong>Franz Schubert<\/strong> (Overtura en Do menor D8); <strong>Nikolai Skalkkotas<\/strong> (Danzas griegas para orquesta de cuerda. Solo en Algezares y Santo Domingo. En Yecla se sustituye por el Quinteto de clarinete de <strong>Wolfgang Amadeus Mozart<\/strong>); <strong>Peter Ilyich Tchaikovsky (<\/strong>Serenata para orquesta de cuerdas en Do Mayor, Op. 48). <strong>Boccherini<\/strong> (Fandango para el quinteto de guitarra en Re mayor, n\u00fam. 4).<\/em><\/span><\/p>\n<p>&nbsp;<\/p>\n<p>&nbsp;<\/p>\n","protected":false},"excerpt":{"rendered":"<p>&nbsp; La Navidad es un regalo. Adem\u00e1s del profundo trasfondo religioso y la inevitable compulsi\u00f3n comercial, la dimensi\u00f3n humana cobra un protagonismo especial. En estas fiestas, las conductas de amistad, de convivencia, de solidaridad, de generosidad y de agradecimiento, entre otras, se hacen m\u00e1s patentes que en otras \u00e9pocas del a\u00f1o. Por otro lado, en [&hellip;]<\/p>\n","protected":false},"author":24,"featured_media":0,"comment_status":"open","ping_status":"open","sticky":false,"template":"","format":"standard","meta":[],"categories":[19],"tags":[],"_links":{"self":[{"href":"https:\/\/blogs.laverdad.es\/musicainesperada\/wp-json\/wp\/v2\/posts\/278"}],"collection":[{"href":"https:\/\/blogs.laverdad.es\/musicainesperada\/wp-json\/wp\/v2\/posts"}],"about":[{"href":"https:\/\/blogs.laverdad.es\/musicainesperada\/wp-json\/wp\/v2\/types\/post"}],"author":[{"embeddable":true,"href":"https:\/\/blogs.laverdad.es\/musicainesperada\/wp-json\/wp\/v2\/users\/24"}],"replies":[{"embeddable":true,"href":"https:\/\/blogs.laverdad.es\/musicainesperada\/wp-json\/wp\/v2\/comments?post=278"}],"version-history":[{"count":0,"href":"https:\/\/blogs.laverdad.es\/musicainesperada\/wp-json\/wp\/v2\/posts\/278\/revisions"}],"wp:attachment":[{"href":"https:\/\/blogs.laverdad.es\/musicainesperada\/wp-json\/wp\/v2\/media?parent=278"}],"wp:term":[{"taxonomy":"category","embeddable":true,"href":"https:\/\/blogs.laverdad.es\/musicainesperada\/wp-json\/wp\/v2\/categories?post=278"},{"taxonomy":"post_tag","embeddable":true,"href":"https:\/\/blogs.laverdad.es\/musicainesperada\/wp-json\/wp\/v2\/tags?post=278"}],"curies":[{"name":"wp","href":"https:\/\/api.w.org\/{rel}","templated":true}]}}