{"id":282,"date":"2013-12-28T08:30:48","date_gmt":"2013-12-28T08:30:48","guid":{"rendered":"http:\/\/blogs.laverdad.es\/musicainesperada\/?p=282"},"modified":"2013-12-28T08:30:48","modified_gmt":"2013-12-28T08:30:48","slug":"un-auditorio-con-puertas-al-cielo","status":"publish","type":"post","link":"https:\/\/blogs.laverdad.es\/musicainesperada\/2013\/12\/28\/un-auditorio-con-puertas-al-cielo\/","title":{"rendered":"Un auditorio con puertas al Cielo."},"content":{"rendered":"<p><a href=\"\/musicainesperada\/wp-content\/uploads\/sites\/23\/2013\/12\/cielo.jpg\"><img loading=\"lazy\" class=\"aligncenter size-full wp-image-283\" title=\"cielo\" src=\"\/musicainesperada\/wp-content\/uploads\/sites\/23\/2013\/12\/cielo.jpg\" alt=\"\" width=\"259\" height=\"194\" \/><\/a><\/p>\n<p>&nbsp;<\/p>\n<p>Hoy <strong>Morfeo<\/strong> me ha gastado una buena inocentada. Esta noche he so\u00f1ado que, de forma oficial, no tendr\u00edamos un aeropuerto en Murcia.\u00a0 Sin embargo, la inversi\u00f3n urban\u00edstica y arquitect\u00f3nica realizada en Corvera ser\u00eda orientada hacia un plan \u201cB\u201d pactado entre el Gobierno Regional y el principal partido de la oposici\u00f3n.<\/p>\n<p>En sue\u00f1os, Murcia era una ciudad sin los espacios culturales suficientes y hab\u00eda que solapar representaciones, exposiciones y macroconciertos en el <strong>Auditorio V\u00edctor Villegas<\/strong>. \u00a0La soluci\u00f3n al problema se encontr\u00f3 en un proyecto consensuado y alternativo al aeropuerto que consiste en la construcci\u00f3n de una gran \u201cCiudad de la Cultura\u201d. \u00a0El complejo de Corvera estar\u00eda formado por un museo de Arte Moderno, un centro de Producci\u00f3n Cinematogr\u00e1fica, \u00a0un Centro de Congresos, dos hoteles, un mega auditorio para grandes eventos de m\u00fasica pop, el inevitable centro comercial, distintas \u00e1reas de servicio y un ampl\u00edsimo aparcamiento gratuito.<\/p>\n<p>En lo que a m\u00fasica se refiere, la propuesta era muy clara. La m\u00fasica cl\u00e1sica se circunscrib\u00eda al <strong>Auditorio V\u00edctor Villegas<\/strong>, cuya sala principal quedaba en exclusiva para representar m\u00fasica cl\u00e1sica. Siempre en mi sue\u00f1o, la consecuencia inmediata era que la <em><strong>Orquesta Sinf\u00f3nica de la Regi\u00f3n de Murcia<\/strong><\/em> ten\u00eda disponibilidad absoluta de la sala<strong>\u00a0&#8220;Narciso Yepes\u201d<\/strong> tanto para sus ensayos como para sus actuaciones, lo que redundaba en una mejor preparaci\u00f3n de los conciertos, un cuidado equilibrio en los distintos planos sonoros y un incremento en el nivel art\u00edstico de las representaciones.<\/p>\n<p>Creo que es la primera vez que he so\u00f1ado que los dos partidos pol\u00edticos de la comunidad pacten por la cultura. Los pol\u00edticos que formaban la c\u00fapula del PP y del PSOE se compromet\u00edan a adquirir (de su propio bolsillo) uno o dos abonos del <strong>Ciclo de la OSRM<\/strong> para lo que quedase de temporada.<\/p>\n<p>Aunque parezca irracional (los sue\u00f1os son as\u00ed), en Murcia surgi\u00f3 cierta competencia entre algunas esposas mel\u00f3manas de l\u00edderes pol\u00edticos para optar al t\u00edtulo de <strong>\u201cMadrina de la Orquesta de J\u00f3venes de la Regi\u00f3n de Murcia\u201d<\/strong>, cuya influencia fue decisiva para el resurgimiento de esta formaci\u00f3n musical y para asegurar que la formaci\u00f3n completa de los futuros m\u00fasicos de la regi\u00f3n.<\/p>\n<p>La <strong>OSRM<\/strong>, que hace meses estuvo a punto de desaparecer, en mis sue\u00f1os recibe el espaldarazo definitivo de la Consejer\u00eda de Cultura. Para la primavera de 2014 estaba prevista una ampliaci\u00f3n de la orquesta para poder abordar obras sinf\u00f3nicas y oper\u00edsticas del Romanticismo y del siglo XX. Nadie conoc\u00eda el n\u00famero definitivo de plazas ofertadas, pero se sab\u00eda que se seguir\u00eda estrictamente la <strong>Ley de Funci\u00f3n P\u00fablica<\/strong>. Todo esto era una gran oportunidad para que \u00a0los nuevos componentes de la OSRM, los j\u00f3venes int\u00e9rpretes murcianos exiliados por el resto de Europa y otros m\u00fasicos bien formados pudieran estabilizar su carrera profesional.<\/p>\n<p>Adem\u00e1s, la sala<strong> \u201cMiguel \u00c1ngel Clares\u201d<\/strong> se consolidaba como el <strong>\u201cOlimpo de la M\u00fasica de C\u00e1mara\u201d<\/strong>. Como ocurre con el <strong>Ciclo de Grandes Orquestas<\/strong>, las agrupaciones camer\u00edsticas de la regi\u00f3n compart\u00edan su sede con los mejores tr\u00edos, cuartetos, quintetos, sextetos y octetos de Europa y Am\u00e9rica.<\/p>\n<p>En el sue\u00f1o il\u00f3gico, otro cambio era la utilizaci\u00f3n del edificio anexo al <strong>Auditorio V\u00edctor Villegas<\/strong> para impartir clases magistrales dirigidas a alumnos de los dos Conservatorios de la Regi\u00f3n. La actividad docente era compartida entre los profesores de estos dos centros, con profesores de la <strong>OSRM<\/strong> y algunos de los m\u00fasicos de las orquestas for\u00e1neas que ven\u00edan a Murcia.<\/p>\n<p>Hoy <strong>Morfeo<\/strong> me ha pillado desprevenido y me lo he cre\u00eddo todo. \u00a1C\u00f3mo he ca\u00eddo con su inocentada!<\/p>\n","protected":false},"excerpt":{"rendered":"<p>&nbsp; Hoy Morfeo me ha gastado una buena inocentada. Esta noche he so\u00f1ado que, de forma oficial, no tendr\u00edamos un aeropuerto en Murcia.\u00a0 Sin embargo, la inversi\u00f3n urban\u00edstica y arquitect\u00f3nica realizada en Corvera ser\u00eda orientada hacia un plan \u201cB\u201d pactado entre el Gobierno Regional y el principal partido de la oposici\u00f3n. En sue\u00f1os, Murcia era [&hellip;]<\/p>\n","protected":false},"author":24,"featured_media":0,"comment_status":"open","ping_status":"open","sticky":false,"template":"","format":"standard","meta":[],"categories":[5],"tags":[],"_links":{"self":[{"href":"https:\/\/blogs.laverdad.es\/musicainesperada\/wp-json\/wp\/v2\/posts\/282"}],"collection":[{"href":"https:\/\/blogs.laverdad.es\/musicainesperada\/wp-json\/wp\/v2\/posts"}],"about":[{"href":"https:\/\/blogs.laverdad.es\/musicainesperada\/wp-json\/wp\/v2\/types\/post"}],"author":[{"embeddable":true,"href":"https:\/\/blogs.laverdad.es\/musicainesperada\/wp-json\/wp\/v2\/users\/24"}],"replies":[{"embeddable":true,"href":"https:\/\/blogs.laverdad.es\/musicainesperada\/wp-json\/wp\/v2\/comments?post=282"}],"version-history":[{"count":0,"href":"https:\/\/blogs.laverdad.es\/musicainesperada\/wp-json\/wp\/v2\/posts\/282\/revisions"}],"wp:attachment":[{"href":"https:\/\/blogs.laverdad.es\/musicainesperada\/wp-json\/wp\/v2\/media?parent=282"}],"wp:term":[{"taxonomy":"category","embeddable":true,"href":"https:\/\/blogs.laverdad.es\/musicainesperada\/wp-json\/wp\/v2\/categories?post=282"},{"taxonomy":"post_tag","embeddable":true,"href":"https:\/\/blogs.laverdad.es\/musicainesperada\/wp-json\/wp\/v2\/tags?post=282"}],"curies":[{"name":"wp","href":"https:\/\/api.w.org\/{rel}","templated":true}]}}