{"id":284,"date":"2013-12-28T22:29:14","date_gmt":"2013-12-28T22:29:14","guid":{"rendered":"http:\/\/blogs.laverdad.es\/musicainesperada\/?p=284"},"modified":"2013-12-28T22:29:14","modified_gmt":"2013-12-28T22:29:14","slug":"la-guitarra-dirigida-a-la-luz","status":"publish","type":"post","link":"https:\/\/blogs.laverdad.es\/musicainesperada\/2013\/12\/28\/la-guitarra-dirigida-a-la-luz\/","title":{"rendered":"La guitarra dirigida a la luz."},"content":{"rendered":"<p style=\"text-align: center;\"><a href=\"\/musicainesperada\/wp-content\/uploads\/sites\/23\/2013\/12\/Foto-Carmen-Mar\u00eda-Ros.jpg\"><img loading=\"lazy\" class=\"aligncenter  wp-image-285\" title=\"Foto Carmen Mar\u00eda Ros\" src=\"\/musicainesperada\/wp-content\/uploads\/sites\/23\/2013\/12\/Foto-Carmen-Mar\u00eda-Ros.jpg\" alt=\"\" width=\"576\" height=\"384\" srcset=\"https:\/\/static-blogs.laverdad.es\/wp-content\/uploads\/sites\/23\/2013\/12\/Foto-Carmen-Mar\u00eda-Ros.jpg 720w, https:\/\/static-blogs.laverdad.es\/wp-content\/uploads\/sites\/23\/2013\/12\/Foto-Carmen-Mar\u00eda-Ros-300x200.jpg 300w\" sizes=\"(max-width: 576px) 100vw, 576px\" \/><\/a><\/p>\n<p style=\"text-align: left;\">La guitarra es un instrumento muy interesante para los compositores del siglo XVIII y, por ello, en el <em><strong>XIV Concierto Extraordinario de Navidad del Cuarteto Saravasti<\/strong><\/em>, adquiere un protagonismo especial.<\/p>\n<p style=\"text-align: left;\"><strong>Carmen Mar\u00eda Ros<\/strong> es la int\u00e9rprete que acompa\u00f1ar\u00e1 al genial cuarteto en las obras de <strong>Luigi Boccherini<\/strong> (1743-1805) y <strong>Mauro Giulani<\/strong> (1781-1829). Esta guitarrista y violista nacida en Murcia, completa un brillante expediente acad\u00e9mico con ambos instrumentos, tanto en el conservatorio de nuestra ciudad como en la\u00a0<em><strong>Guildhall School of Music<\/strong><\/em> de Londres. Posteriormente, ha realizado seminarios de perfeccionamientos con m\u00fasicos de la talla de <strong>Russell.<\/strong><\/p>\n<p style=\"text-align: left;\"><strong>Carmen Mar\u00eda<\/strong> ha ofrecido recitales\u00a0<span style=\"font-size: 13px;\">importantes escenarios como el Teatro Real, Auditorio Nacional, Auditorio Manuel de Falla, Fundaci\u00f3n Juan March, Ateneo de Madrid, Teatro Nacional de Cuba, Teatro Garc\u00eda Lorca de Lisboa, Palau de la M\u00fasica de Valencia, Teatro Nacional de Panam\u00e1, Teatro Nacional de Costa Rica o el Instituto Cervantes de M\u00fanich, entre otros.<\/span><\/p>\n<p style=\"text-align: left;\">De los nueve Quintetos para guitarra, dos violines, viola y violonchelo de <strong>Boccherini<\/strong> , escucharemos el n\u00famero 4 en Re mayor (G.448), conocido como <strong><em>Quinteto del Fandango<\/em><\/strong>,<span style=\"font-size: 13px;\">\u00a0transcrito en 1798 a partir de algunos movimientos de los Quintetos con dos violonchelos n\u00fameros 6 y 2.<\/span><\/p>\n<p style=\"text-align: left;\"><strong>Mauro Giulani<\/strong> es uno de los guitarristas m\u00e1s c\u00e9lebres de su \u00e9poca. De los cuatro conciertos para guitarra y orquesta que compuso, se interpretar\u00e1 el Opus 30 en La Mayor.<\/p>\n<p style=\"text-align: left;\">El programa lo completa <strong>Joaqu\u00edn Turina<\/strong> (1882-1949) con dos obras que \u00e9l mismo emparej\u00f3 a modo de &#8220;dos jarrones o dos candelabros&#8221;: La <em><strong>Oraci\u00f3n del Torero<\/strong><\/em> Op.74 y La <strong><em>Serenata<\/em><\/strong> Op. 87.<\/p>\n<p style=\"text-align: left;\">La Oraci\u00f3n del Torero ya fue ampliamente comentada en otro post de &#8220;M\u00fasica inesperada&#8221;. La Serenata para cuarteto de cuerda es una de las mejores obras de Turina. Su contenido abstracto la distingue de otras composiciones program\u00e1ticas y se caracteriza por un discurso musical con siete motivos o temas.<\/p>\n<p style=\"text-align: left;\">La pieza que completa el programa es el Cuarteto de cuerda en Fa mayor K. 168 de <strong>W. A. Mozart\u00a0<\/strong>(1756-1791) Es uno de los cuartetos vieneses compuestos en 1773 y se compone de cuatro movimientos, de los cuales, el \u00faltimo <em>&#8220;Allegro&#8221;<\/em> es un ejemplo de integraci\u00f3n de la fuga en el cuarteto. Los cuartetos vieneses fueron muy importantes para que <strong>Mozart<\/strong> desarrollara una t\u00e9cnica compositiva para esta formaci\u00f3n camer\u00edstica en la l\u00ednea de <strong>Haydn.<\/strong><\/p>\n<p style=\"text-align: left;\"><strong><span style=\"color: #808080;\"><em>Lunes 30 de Diciembre, 20 horas. Auditorio V\u00edctor Villegas de Murcia. Sala &#8220;Miguel \u00c1ngel Clares&#8221;. XIV Concierto Extraordinario de Navidad. Cuarteto Saravasti y Carmen Mar\u00eda Ros (guitarra). Precio \u00fanico: 12 euros.<\/em><\/span><\/strong><\/p>\n","protected":false},"excerpt":{"rendered":"<p>La guitarra es un instrumento muy interesante para los compositores del siglo XVIII y, por ello, en el XIV Concierto Extraordinario de Navidad del Cuarteto Saravasti, adquiere un protagonismo especial. Carmen Mar\u00eda Ros es la int\u00e9rprete que acompa\u00f1ar\u00e1 al genial cuarteto en las obras de Luigi Boccherini (1743-1805) y Mauro Giulani (1781-1829). Esta guitarrista y [&hellip;]<\/p>\n","protected":false},"author":24,"featured_media":0,"comment_status":"open","ping_status":"open","sticky":false,"template":"","format":"standard","meta":[],"categories":[19],"tags":[],"_links":{"self":[{"href":"https:\/\/blogs.laverdad.es\/musicainesperada\/wp-json\/wp\/v2\/posts\/284"}],"collection":[{"href":"https:\/\/blogs.laverdad.es\/musicainesperada\/wp-json\/wp\/v2\/posts"}],"about":[{"href":"https:\/\/blogs.laverdad.es\/musicainesperada\/wp-json\/wp\/v2\/types\/post"}],"author":[{"embeddable":true,"href":"https:\/\/blogs.laverdad.es\/musicainesperada\/wp-json\/wp\/v2\/users\/24"}],"replies":[{"embeddable":true,"href":"https:\/\/blogs.laverdad.es\/musicainesperada\/wp-json\/wp\/v2\/comments?post=284"}],"version-history":[{"count":0,"href":"https:\/\/blogs.laverdad.es\/musicainesperada\/wp-json\/wp\/v2\/posts\/284\/revisions"}],"wp:attachment":[{"href":"https:\/\/blogs.laverdad.es\/musicainesperada\/wp-json\/wp\/v2\/media?parent=284"}],"wp:term":[{"taxonomy":"category","embeddable":true,"href":"https:\/\/blogs.laverdad.es\/musicainesperada\/wp-json\/wp\/v2\/categories?post=284"},{"taxonomy":"post_tag","embeddable":true,"href":"https:\/\/blogs.laverdad.es\/musicainesperada\/wp-json\/wp\/v2\/tags?post=284"}],"curies":[{"name":"wp","href":"https:\/\/api.w.org\/{rel}","templated":true}]}}