{"id":287,"date":"2014-01-01T11:50:15","date_gmt":"2014-01-01T11:50:15","guid":{"rendered":"http:\/\/blogs.laverdad.es\/musicainesperada\/?p=287"},"modified":"2014-01-01T11:50:15","modified_gmt":"2014-01-01T11:50:15","slug":"asuntos-de-familia","status":"publish","type":"post","link":"https:\/\/blogs.laverdad.es\/musicainesperada\/2014\/01\/01\/asuntos-de-familia\/","title":{"rendered":"Asuntos de familia."},"content":{"rendered":"<p><a href=\"\/musicainesperada\/wp-content\/uploads\/sites\/23\/2014\/01\/familia-STRAUSS.jpg\"><img loading=\"lazy\" class=\"aligncenter size-full wp-image-288\" title=\"familia STRAUSS\" src=\"\/musicainesperada\/wp-content\/uploads\/sites\/23\/2014\/01\/familia-STRAUSS.jpg\" alt=\"\" width=\"383\" height=\"168\" srcset=\"https:\/\/static-blogs.laverdad.es\/wp-content\/uploads\/sites\/23\/2014\/01\/familia-STRAUSS.jpg 383w, https:\/\/static-blogs.laverdad.es\/wp-content\/uploads\/sites\/23\/2014\/01\/familia-STRAUSS-300x132.jpg 300w\" sizes=\"(max-width: 383px) 100vw, 383px\" \/><\/a><\/p>\n<p>&nbsp;<\/p>\n<p>Comenzamos el a\u00f1o con la saga de los<strong> Strauss<\/strong>, formada por <strong>Johann I<\/strong> y sus tres hijos<strong> Eduard, Johann II y Joseph<\/strong> (de izquierda a derecha en la imagen). Esta familia de m\u00fasicos domina el panorama musical vien\u00e9s desde 1824 a 1901 y as\u00ed lo refleja <strong>Henry-Louis de La Granje<\/strong> en su libro <em><strong>&#8220;Viena, una historia musical&#8221;<\/strong><\/em> (editorial Paid\u00f3s de m\u00fasica).<\/p>\n<p>Cuando escuchamos conciertos y grabaciones de los<strong> Strauss<\/strong>, percibimos una m\u00fasica iluminada por la galanter\u00eda y el ritmo y esto nos invita a cantarla y bailarla. Sin embargo, la historia de esta saga est\u00e1 plagada de celos, infidelidad, envidia, vanidad, complejos y, finalmente, un terrible acto de venganza.<\/p>\n<p>En 1824,<strong> Johann Baptist Strauss padre<\/strong> (1804-1849), debuta junto a su amigo <strong>Joseph Lanner<\/strong> (1801-1843) en un caf\u00e9 del Prater, donde presentan sus primeras composiciones con gran \u00e9xito. Un a\u00f1o m\u00e1s tarde, algunas noches dividen la orquesta para poder atender todos sus compromisos, aunque poco despu\u00e9s lo hacen definitivamente por el malestar de <strong>Strauss<\/strong> derivado por la publicaci\u00f3n de sus obras por su &#8220;amigo&#8221;, firmando con el apellido<strong> Lanner<\/strong>.<\/p>\n<p><span style=\"font-size: 13px;\"><strong>Strauss I<\/strong> se casa con la hija del due\u00f1o de una de las tabernas donde toca y entre 1825 y 1835 nacen los tres hijos del matrimonio. En 1829 <strong>Johann padre<\/strong> firma un contrato con el local m\u00e1s c\u00e9lebre de Viena,<em><strong> &#8220;Zum Sperl&#8221;<\/strong><\/em> lugar donde se celebran diariamente animadas veladas y hasta treinta fiestas en carnaval. El m\u00fasico compone en este establecimiento la cuarta parte de sus obras musicales. Tal es el \u00e9xito de<strong> Strauss I<\/strong>, que en 1833 realiza su primera gira internacional.<\/span><\/p>\n<p><strong>Johann Strauss hijo<\/strong> (1825-1899) tiene desde la infancia una definida vocaci\u00f3n musical que su padre intenta anular. \u00a0Pero su padre se marche de casa con una amante y esto permite que <strong>Johann junior<\/strong> pueda tener un profesor de viol\u00edn y que a los 19 a\u00f1os debute con su orquesta en el albergue<em><strong> &#8220;Zur Stadt Belgrad&#8221;<\/strong><\/em>. El d\u00eda de Santa Teresa de 1833 organiza una velada de baile con un poder de convocatoria espectacular que le abre las puertas del \u00e9xito. A pesar del monopolio que ejerce su padre como Kapellmeister del primer B\u00fcrgerregiment, <strong>Johann II<\/strong> consigue el mismo cargo en el otro regimiento de la ciudad, aunque sigue sin tener posibilidades de tocar en los mejores locales de Viena.<\/p>\n<p>Como cuenta <strong>de La Granje,<\/strong> se estima que, en la capital austriaca, la cuarta parte de sus 300.000 habitantes disfrutan de la noche en las tabernas y salas de baile, lo que hace que la rivalidad entre padre e hijo crezca hasta tal punto que, cuando <strong>Strauss I<\/strong> esta de gira, el <strong>Strauss II<\/strong> es contratado en los establecimientos donde poco antes ten\u00eda el veto paterno.<\/p>\n<p>En 1849, <strong>Johann padre<\/strong> muere de escarlatina y tras un fastuoso funeral en el que se interpreta el\u00a0<em><strong>Requiem<\/strong><\/em> de <strong>Mozart<\/strong>, comienza el reinado de <strong>Johann Strauss II<\/strong> en Viena. En estos compone obras tan famosas como en vals <em><strong>&#8220;Danubio azul&#8221;<\/strong><\/em> y muestra sus virtudes de manager, actuando con la orquesta en dos o tres locales cada noche.\u00a0<span style=\"font-size: 13px;\"><strong>Johann II<\/strong> llega a componer 300 obras, a dirigir numerosos conciertos y a realizar con su orquesta numerosas giras internacionales por Europa y Estados Unidos.<\/span><span style=\"font-size: 13px;\">\u00a0Sin embargo, con esto no consigue atender la demanda musical, y sus clientes ven con decepci\u00f3n que sus orquestas no sean dirigidas por \u00e9l en persona.\u00a0<\/span><\/p>\n<p>Por tanto, <strong>Johann II<\/strong> no tiene m\u00e1s remedio que convencer a sus hermanos <strong>Joseph<\/strong> (ingeniero) y<strong> Eduard<\/strong> (diplom\u00e1tico) para que abandonen sus ocupaciones y se reconviertan en m\u00fasicos y directores de orquesta. Es increible como los dos aprenden con gran entusiasmo a manejar el viol\u00edn y la batuta. <strong>Joseph<\/strong> demuestra ser el m\u00e1s dotado para la m\u00fasica de los tres hermanos y, en 1853, debuta con \u00e9xito en el m\u00edtico <em><strong>&#8220;Zum Sperl&#8221;<\/strong><\/em>, pero todos estos cambios profesionales tan repentinos minan su salud ps\u00edquica y, tras una fase de desvanecimientos y dolores de cabeza, fallece en 1870 de un ataque cerebral en mitad de un concierto.<\/p>\n<p><strong>Eduard<\/strong> es un m\u00fasico que se muestra confiado y vanidoso pero que, en el fondo, sufre un marcado complejo de inferioridad ante sus hermanos. Poco despu\u00e9s de la muerte de <strong>Joseph<\/strong>, <strong>Johann II<\/strong> le cede la direcci\u00f3n de la orquesta <strong>Strauss<\/strong> y, a partir de entonces, <strong>Eduard<\/strong> saca todo el rencor familiar no asistiendo a la muerte de <strong>Johann<\/strong> y destruyendo en una estufa los archivos completos con partituras y correspondencias de la saga <strong>Strauss<\/strong>. Fin del &#8220;cuento de hadas.&#8221;<\/p>\n<p>A pesar de toda esta \u00e1cida historia, la m\u00fasica de los<strong> Strauss<\/strong> est\u00e1 repleta de belleza, melod\u00edas y ritmo, por lo que son verdaderas obras de arte. La <em><strong>Orquesta Sinf\u00f3nica de la Regi\u00f3n de Murcia<\/strong><\/em>, dirigida por <strong>Virginia Mart\u00ednez<\/strong>, nos felicita el A\u00f1o Nuevo transport\u00e1ndonos a la Viena del siglo XIX. Entretanto, disfruten del v\u00eddeo de un concierto en los <em><strong>jardines de \u00a0Sch\u00f6nbrunn<\/strong><\/em>, escuchando \u00a0<em><strong>&#8220;Wiener Blut&#8221;<\/strong><\/em> de <strong>Johann Strauss II.<\/strong><\/p>\n<p><strong>\u00a1Feliz 2014!<\/strong><\/p>\n<p><span style=\"text-decoration: underline;\"><span style=\"color: #808080;\"><strong><em>Conciertos solidarios de A\u00f1o Nuevo de la OSRM:<\/em><\/strong><\/span><\/span><\/p>\n<p><span style=\"color: #808080;\"><strong><em>Jueves 2 de enero, Auditorio de \u00c1guilas, 21 horas (15 euros), <\/em><\/strong><\/span><\/p>\n<p><span style=\"color: #808080;\"><strong><em>Viernes 3 de enero, 21 horas , Teatro Guerra de Lorca (<span style=\"font-size: 13px;\">de 15 a 28 euros)<\/span><span style=\"font-size: 13px;\">. <\/span><\/em><\/strong><\/span><\/p>\n<p><span style=\"color: #808080;\"><strong><em><span style=\"font-size: 13px;\">S\u00e1bado 4 de enero, 20 horas. Auditorio V\u00edctor Villegas de Murcia (entre 15 y 28 euros).\u00a0<\/span><\/em><\/strong><\/span><\/p>\n<p>&nbsp;<\/p>\n<p><iframe loading=\"lazy\" src=\"\/\/www.youtube.com\/embed\/V1vk3LcOsc4\" frameborder=\"0\" width=\"420\" height=\"315\"><\/iframe><\/p>\n","protected":false},"excerpt":{"rendered":"<p>&nbsp; Comenzamos el a\u00f1o con la saga de los Strauss, formada por Johann I y sus tres hijos Eduard, Johann II y Joseph (de izquierda a derecha en la imagen). Esta familia de m\u00fasicos domina el panorama musical vien\u00e9s desde 1824 a 1901 y as\u00ed lo refleja Henry-Louis de La Granje en su libro &#8220;Viena, [&hellip;]<\/p>\n","protected":false},"author":24,"featured_media":0,"comment_status":"open","ping_status":"open","sticky":false,"template":"","format":"standard","meta":[],"categories":[19],"tags":[],"_links":{"self":[{"href":"https:\/\/blogs.laverdad.es\/musicainesperada\/wp-json\/wp\/v2\/posts\/287"}],"collection":[{"href":"https:\/\/blogs.laverdad.es\/musicainesperada\/wp-json\/wp\/v2\/posts"}],"about":[{"href":"https:\/\/blogs.laverdad.es\/musicainesperada\/wp-json\/wp\/v2\/types\/post"}],"author":[{"embeddable":true,"href":"https:\/\/blogs.laverdad.es\/musicainesperada\/wp-json\/wp\/v2\/users\/24"}],"replies":[{"embeddable":true,"href":"https:\/\/blogs.laverdad.es\/musicainesperada\/wp-json\/wp\/v2\/comments?post=287"}],"version-history":[{"count":0,"href":"https:\/\/blogs.laverdad.es\/musicainesperada\/wp-json\/wp\/v2\/posts\/287\/revisions"}],"wp:attachment":[{"href":"https:\/\/blogs.laverdad.es\/musicainesperada\/wp-json\/wp\/v2\/media?parent=287"}],"wp:term":[{"taxonomy":"category","embeddable":true,"href":"https:\/\/blogs.laverdad.es\/musicainesperada\/wp-json\/wp\/v2\/categories?post=287"},{"taxonomy":"post_tag","embeddable":true,"href":"https:\/\/blogs.laverdad.es\/musicainesperada\/wp-json\/wp\/v2\/tags?post=287"}],"curies":[{"name":"wp","href":"https:\/\/api.w.org\/{rel}","templated":true}]}}