{"id":290,"date":"2014-01-06T20:11:17","date_gmt":"2014-01-06T20:11:17","guid":{"rendered":"http:\/\/blogs.laverdad.es\/musicainesperada\/?p=290"},"modified":"2014-01-06T20:11:17","modified_gmt":"2014-01-06T20:11:17","slug":"las-consecuencias-de-la-gripe","status":"publish","type":"post","link":"https:\/\/blogs.laverdad.es\/musicainesperada\/2014\/01\/06\/las-consecuencias-de-la-gripe\/","title":{"rendered":"Las consecuencias de la gripe."},"content":{"rendered":"<p><a href=\"\/musicainesperada\/wp-content\/uploads\/sites\/23\/2014\/01\/lenny-dirige.jpg\"><img loading=\"lazy\" class=\"aligncenter size-full wp-image-291\" title=\"lenny dirige\" src=\"\/musicainesperada\/wp-content\/uploads\/sites\/23\/2014\/01\/lenny-dirige.jpg\" alt=\"\" width=\"194\" height=\"259\" \/><\/a><\/p>\n<p>&nbsp;<\/p>\n<p>Detr\u00e1s de un inesperado y exitoso debut, hay circunstancias cruciales que posibilitan el devenir de los acontecimientos.<\/p>\n<p>Durante la ma\u00f1ana del domingo 14 de noviembre de 1943 saltan las alarmas en las oficinas del Carnegie Hall de Nueva York. El maestro <strong>Bruno Walter<\/strong> tiene gripe y no podr\u00e1 estar frente a la <em><strong>New York Philarmonic Orchestra<\/strong><\/em> como director invitado. Adem\u00e1s, <strong>Rodszinski<\/strong>, el titular de la c\u00e9lebre formaci\u00f3n, estaba aislado en su casa del campo por causa de la nieve y el mal tiempo.<\/p>\n<p><strong>Bruno Zirato<\/strong>, gerente del Carnegie Hall,\u00a0se ve obligado a telefonear a <strong>Leonard Bernstein<\/strong>, que es un joven de 25 a\u00f1os, ayudante del director titular. <strong>Ulrich R\u00fchle<\/strong>, en su libro<em><strong> &#8220;Locos por la m\u00fasica. La juventud de los grandes compositores&#8221;<\/strong><\/em> (Alianza editorial, 2004) transcribe la conversaci\u00f3n: &#8220;<em>Hola Lenny, soy Zirato. Ha llegado el momento. Esta tarde a las tres tienes que dirigir la orquesta. No hay tiempo para ensayar. Bruno Walter est\u00e1 enfermo. Dice que con mucho gusto repasar\u00e1 contigo las partituras durante una hora, \u00a0pero que no puede hacer m\u00e1s por t\u00ed&#8221;.<\/em><\/p>\n<p>Es la gran oportunidad de <strong>Lenny<\/strong>. El concierto se iba a transmitir por la radio nacional a toda Am\u00e9rica. <strong>Bernstein<\/strong> conoce muy bien las dif\u00edciles obras del programa del d\u00eda, pero nunca las ha dirigido. Tampoco se ha puesto nunca al frente de la Filarm\u00f3nica de Nueva York.<\/p>\n<p><a href=\"\/musicainesperada\/wp-content\/uploads\/sites\/23\/2014\/01\/images.jpg\"><img loading=\"lazy\" class=\"aligncenter size-full wp-image-292\" title=\"images\" src=\"\/musicainesperada\/wp-content\/uploads\/sites\/23\/2014\/01\/images.jpg\" alt=\"\" width=\"240\" height=\"182\" \/><\/a><\/p>\n<p>&nbsp;<\/p>\n<p>Tras haberse reunido con<strong> Walter<\/strong> para recibir sus explicaciones, se dirige al Carnegie Hall y aparece en el escenario sin batuta para iniciar el programa. El aplauso inicial es un preludio de lo que va a ocurrir despu\u00e9s. El entusiasmo se intensifica durante la velada y el joven maestro sale a saludar una y otra vez.<\/p>\n<p>La zona de camerinos tras el concierto parece la entrada de un hormiguero. Todos quieren conocer y felicitar a<strong> Lenny<\/strong>. En la primera plana del <em><strong>New York Times<\/strong><\/em> se imprime: <em>&#8220;El se\u00f1or Bernstein debe poseer algo parecido al genio para hacer pleno uso de esta gran ocasi\u00f3n&#8221;.<\/em><\/p>\n<p>Quince a\u00f1os despu\u00e9s, <strong>Leonard Bernstein<\/strong> es nombrado director titular de la <strong><em>Filarm\u00f3nica de Nueva York<\/em><\/strong>, puesto en el que permanecer\u00e1 durante once a\u00f1os. Es el directorde orquesta estaunidense m\u00e1s joven en alcanzar el \u00e9xito y ha pasado a la historia por saber hacer asequible la m\u00fasica cl\u00e1sica a millones de personas, especialmente a los j\u00f3venes.<\/p>\n<p>Creador de 3 sinfon\u00edas, dos obras corales, tres famosos musicales (entre ellos <em><strong>West Side Story<\/strong><\/em>), cantatas y ballets, adem\u00e1s de ganador de un Oscar a la mejor banda sonora original,<strong> Bernstein<\/strong> destaca como profesor y educador en la Universidad Brandies, en el Centro de M\u00fasica Berkshire de Tanglewood y en los famosos <strong><em>&#8220;Conciertos para j\u00f3venes&#8221;<\/em><\/strong>, televisados a todo el mundo.<\/p>\n<p><span style=\"font-size: 13px;\">Les invito a escuchar este fragmento de los <em><strong>Chichester Psalms<\/strong><\/em> compuestos por <strong>Lenny<\/strong> en 1965.\u00a0<\/span><\/p>\n<p><iframe loading=\"lazy\" src=\"\/\/www.youtube.com\/embed\/DI43GNWV7kY\" frameborder=\"0\" width=\"560\" height=\"315\"><\/iframe><\/p>\n<p>&nbsp;<\/p>\n","protected":false},"excerpt":{"rendered":"<p>&nbsp; Detr\u00e1s de un inesperado y exitoso debut, hay circunstancias cruciales que posibilitan el devenir de los acontecimientos. Durante la ma\u00f1ana del domingo 14 de noviembre de 1943 saltan las alarmas en las oficinas del Carnegie Hall de Nueva York. El maestro Bruno Walter tiene gripe y no podr\u00e1 estar frente a la New York [&hellip;]<\/p>\n","protected":false},"author":24,"featured_media":0,"comment_status":"open","ping_status":"open","sticky":false,"template":"","format":"standard","meta":[],"categories":[7],"tags":[],"_links":{"self":[{"href":"https:\/\/blogs.laverdad.es\/musicainesperada\/wp-json\/wp\/v2\/posts\/290"}],"collection":[{"href":"https:\/\/blogs.laverdad.es\/musicainesperada\/wp-json\/wp\/v2\/posts"}],"about":[{"href":"https:\/\/blogs.laverdad.es\/musicainesperada\/wp-json\/wp\/v2\/types\/post"}],"author":[{"embeddable":true,"href":"https:\/\/blogs.laverdad.es\/musicainesperada\/wp-json\/wp\/v2\/users\/24"}],"replies":[{"embeddable":true,"href":"https:\/\/blogs.laverdad.es\/musicainesperada\/wp-json\/wp\/v2\/comments?post=290"}],"version-history":[{"count":0,"href":"https:\/\/blogs.laverdad.es\/musicainesperada\/wp-json\/wp\/v2\/posts\/290\/revisions"}],"wp:attachment":[{"href":"https:\/\/blogs.laverdad.es\/musicainesperada\/wp-json\/wp\/v2\/media?parent=290"}],"wp:term":[{"taxonomy":"category","embeddable":true,"href":"https:\/\/blogs.laverdad.es\/musicainesperada\/wp-json\/wp\/v2\/categories?post=290"},{"taxonomy":"post_tag","embeddable":true,"href":"https:\/\/blogs.laverdad.es\/musicainesperada\/wp-json\/wp\/v2\/tags?post=290"}],"curies":[{"name":"wp","href":"https:\/\/api.w.org\/{rel}","templated":true}]}}