{"id":294,"date":"2014-01-12T21:52:51","date_gmt":"2014-01-12T21:52:51","guid":{"rendered":"http:\/\/blogs.laverdad.es\/musicainesperada\/?p=294"},"modified":"2014-01-12T21:52:51","modified_gmt":"2014-01-12T21:52:51","slug":"el-dolor-de-una-madre","status":"publish","type":"post","link":"https:\/\/blogs.laverdad.es\/musicainesperada\/2014\/01\/12\/el-dolor-de-una-madre\/","title":{"rendered":"El dolor de una madre."},"content":{"rendered":"<p><a href=\"\/musicainesperada\/wp-content\/uploads\/sites\/23\/2014\/01\/Simon-Marmion-mater-dolorosa.jpg\"><img loading=\"lazy\" class=\"aligncenter size-full wp-image-295\" title=\"Simon Marmion-mater dolorosa\" src=\"\/musicainesperada\/wp-content\/uploads\/sites\/23\/2014\/01\/Simon-Marmion-mater-dolorosa.jpg\" alt=\"\" width=\"328\" height=\"496\" srcset=\"https:\/\/static-blogs.laverdad.es\/wp-content\/uploads\/sites\/23\/2014\/01\/Simon-Marmion-mater-dolorosa.jpg 328w, https:\/\/static-blogs.laverdad.es\/wp-content\/uploads\/sites\/23\/2014\/01\/Simon-Marmion-mater-dolorosa-198x300.jpg 198w\" sizes=\"(max-width: 328px) 100vw, 328px\" \/><\/a><\/p>\n<p>&nbsp;<\/p>\n<p>Los m\u00e9dicos residentes y los estudiantes que se forman a mi alrededor conocen la importancia que doy a la atenci\u00f3n que se debe prestar a las madres de los pacientes. Una de las fuerzas m\u00e1s importantes e interesantes de la naturaleza es el instinto maternal. Por tanto, en la pr\u00e1ctica m\u00e9dica hay que tener siempre presente el sufrimiento de una madre, con independencia de si el hijo es un ni\u00f1o o un adulto.<\/p>\n<p>En el siglo XIII, <strong>Jacopone da Todi<\/strong> escribe un poema de 1o estrofas sobre los dolores de la Virgen y la compasi\u00f3n que debe sentir el alma cristiana. A lo largo de la historia, muchos escritores, pintores y m\u00fasicos han dedicado sus obras al tema de la <strong><em>&#8220;mater dolorosa&#8221;<\/em><\/strong>. La imagen que aparece sobre el texto es del cuadro de <strong>Simon Marmion.<\/strong><\/p>\n<p>El texto de <strong>Todi<\/strong> comienza con las palabras: <em>&#8220;La madre dolorosa estaba al pie de la cruz de la que colgaba su hijo&#8221;.<\/em> Entre los maestros que han creado m\u00fasica para el <strong><em>&#8220;Stabat Mater&#8221;<\/em><\/strong>, destacan <strong>Josquin des Pr\u00e9s, Palestrina, Caldara, Vivaldi, Pergolesi, Rossini, Dvorak y Poulenc.<\/strong><\/p>\n<p><strong>Giovanni Battista Pergolesi<\/strong> (1710-1736) es famoso por su \u00f3pera <strong><em>&#8220;La serva padrona&#8221;<\/em><\/strong> y por su <em><strong>&#8220;Stabat Mater&#8221;<\/strong><\/em>. Esta pieza sacra fue muy admirada en Europa, especialmente por la emotividad de despierta en el oyente. <strong>Diderot<\/strong> escribe con iron\u00eda: <em>&#8220;La polic\u00eda deber\u00edan prohibir que se cante el Stabat Mater de Pergolesi&#8221;.<\/em><\/p>\n<p>El m\u00e9rito de <strong>Pergolesi<\/strong>\u00a0fue dejar de un lado la severidad y dramatismo con el que se trataba este tema y utilizar un lenguaje m\u00e1s sentimental, profano y humano. Sin duda, el m\u00fasico italiano ofrece un anticipo de lo que va a ser a partir de ese momento la m\u00fasica sacra: la prevalencia de lo eleg\u00edaco y cant\u00e1bile sobre el dramatismo polif\u00f3nico. Si no la han escuchado nunca, les recomiendo que sientan curiosidad por la primera impresi\u00f3n que les va a causar.<\/p>\n<p><span style=\"font-size: 13px;\">Como homenaje al desaparecido catedr\u00e1tico de Derecho Romano, <strong>Antonio D\u00edaz Bautista<\/strong>\u00a0(1943-2013), el pr\u00f3ximo fin de semana\u00a0<\/span><span style=\"font-size: 13px;\">se interpreta el\u00a0<\/span><strong style=\"font-size: 13px;\"><em>&#8220;Stabat Mater&#8221;<\/em><\/strong><span style=\"font-size: 13px;\">\u00a0de\u00a0<\/span><strong style=\"font-size: 13px;\">Pergolesi\u00a0<\/strong><span style=\"font-size: 13px;\">en el <\/span><span style=\"font-size: 13px;\">Real Casino de Murcia, donde este profesor fue directivo.<\/span><\/p>\n<div id=\"attachment_298\" style=\"width: 310px\" class=\"wp-caption aligncenter\"><a href=\"\/musicainesperada\/wp-content\/uploads\/sites\/23\/2014\/01\/cuadro-almus2.jpg\"><img aria-describedby=\"caption-attachment-298\" loading=\"lazy\" class=\"size-medium wp-image-298\" title=\"cuadro almus\" src=\"\/musicainesperada\/wp-content\/uploads\/sites\/23\/2014\/01\/cuadro-almus2.jpg\" alt=\"\" width=\"300\" height=\"300\" srcset=\"https:\/\/static-blogs.laverdad.es\/wp-content\/uploads\/sites\/23\/2014\/01\/cuadro-almus2.jpg 2400w, https:\/\/static-blogs.laverdad.es\/wp-content\/uploads\/sites\/23\/2014\/01\/cuadro-almus2-150x150.jpg 150w, https:\/\/static-blogs.laverdad.es\/wp-content\/uploads\/sites\/23\/2014\/01\/cuadro-almus2-300x300.jpg 300w, https:\/\/static-blogs.laverdad.es\/wp-content\/uploads\/sites\/23\/2014\/01\/cuadro-almus2-768x770.jpg 768w, https:\/\/static-blogs.laverdad.es\/wp-content\/uploads\/sites\/23\/2014\/01\/cuadro-almus2-1021x1024.jpg 1021w\" sizes=\"(max-width: 300px) 100vw, 300px\" \/><\/a><p id=\"caption-attachment-298\" class=\"wp-caption-text\">Cuarteto Almus. \u00d3leo de Moya Moreno, 2009.<\/p><\/div>\n<p><span style=\"color: #808080;\"><strong><em>S\u00e1bado 18 de enero, 20 horas.\u00a0<span style=\"font-size: 13px;\">Sal\u00f3n de Baile del Real Casino de Murcia.\u00a0<\/span><span style=\"font-size: 13px;\">Stabat Mater\u00a0<\/span><span style=\"font-size: 13px;\">para soprano, mezzosoprano, cuerdas y continuo, de\u00a0Giovanni Battista Pergolesi.\u00a0<\/span><span style=\"font-size: 13px;\">Sandra Ferr\u00e1ndez (soprano), Maite Maruri (mezzosoprano), Cuarteto Almus y Miguel \u00c1ngel Rodr\u00edguez (continuo)<\/span><span style=\"font-size: 13px;\">. Se requiere invitaci\u00f3n.<\/span><\/em><\/strong><\/span><\/p>\n<p style=\"text-align: left;\">\n<p style=\"text-align: left;\">\n","protected":false},"excerpt":{"rendered":"<p>&nbsp; Los m\u00e9dicos residentes y los estudiantes que se forman a mi alrededor conocen la importancia que doy a la atenci\u00f3n que se debe prestar a las madres de los pacientes. Una de las fuerzas m\u00e1s importantes e interesantes de la naturaleza es el instinto maternal. Por tanto, en la pr\u00e1ctica m\u00e9dica hay que tener [&hellip;]<\/p>\n","protected":false},"author":24,"featured_media":0,"comment_status":"open","ping_status":"open","sticky":false,"template":"","format":"standard","meta":[],"categories":[19],"tags":[],"_links":{"self":[{"href":"https:\/\/blogs.laverdad.es\/musicainesperada\/wp-json\/wp\/v2\/posts\/294"}],"collection":[{"href":"https:\/\/blogs.laverdad.es\/musicainesperada\/wp-json\/wp\/v2\/posts"}],"about":[{"href":"https:\/\/blogs.laverdad.es\/musicainesperada\/wp-json\/wp\/v2\/types\/post"}],"author":[{"embeddable":true,"href":"https:\/\/blogs.laverdad.es\/musicainesperada\/wp-json\/wp\/v2\/users\/24"}],"replies":[{"embeddable":true,"href":"https:\/\/blogs.laverdad.es\/musicainesperada\/wp-json\/wp\/v2\/comments?post=294"}],"version-history":[{"count":0,"href":"https:\/\/blogs.laverdad.es\/musicainesperada\/wp-json\/wp\/v2\/posts\/294\/revisions"}],"wp:attachment":[{"href":"https:\/\/blogs.laverdad.es\/musicainesperada\/wp-json\/wp\/v2\/media?parent=294"}],"wp:term":[{"taxonomy":"category","embeddable":true,"href":"https:\/\/blogs.laverdad.es\/musicainesperada\/wp-json\/wp\/v2\/categories?post=294"},{"taxonomy":"post_tag","embeddable":true,"href":"https:\/\/blogs.laverdad.es\/musicainesperada\/wp-json\/wp\/v2\/tags?post=294"}],"curies":[{"name":"wp","href":"https:\/\/api.w.org\/{rel}","templated":true}]}}