{"id":299,"date":"2014-01-18T11:22:23","date_gmt":"2014-01-18T11:22:23","guid":{"rendered":"http:\/\/blogs.laverdad.es\/musicainesperada\/?p=299"},"modified":"2014-01-18T11:22:23","modified_gmt":"2014-01-18T11:22:23","slug":"el-impulso-creador","status":"publish","type":"post","link":"https:\/\/blogs.laverdad.es\/musicainesperada\/2014\/01\/18\/el-impulso-creador\/","title":{"rendered":"El impulso creador."},"content":{"rendered":"<p><a href=\"\/musicainesperada\/wp-content\/uploads\/sites\/23\/2014\/01\/Javicello3.jpg\"><img loading=\"lazy\" class=\"aligncenter size-large wp-image-303\" title=\"Javicello\" src=\"\/musicainesperada\/wp-content\/uploads\/sites\/23\/2014\/01\/Javicello3.jpg\" alt=\"\" width=\"512\" height=\"501\" srcset=\"https:\/\/static-blogs.laverdad.es\/wp-content\/uploads\/sites\/23\/2014\/01\/Javicello3.jpg 2253w, https:\/\/static-blogs.laverdad.es\/wp-content\/uploads\/sites\/23\/2014\/01\/Javicello3-300x294.jpg 300w, https:\/\/static-blogs.laverdad.es\/wp-content\/uploads\/sites\/23\/2014\/01\/Javicello3-768x752.jpg 768w, https:\/\/static-blogs.laverdad.es\/wp-content\/uploads\/sites\/23\/2014\/01\/Javicello3-1024x1002.jpg 1024w\" sizes=\"(max-width: 512px) 100vw, 512px\" \/><\/a><\/p>\n<p>&nbsp;<\/p>\n<p>Disfrutar de la m\u00fasica clasica escuchando la perspectiva del m\u00fasico es una experiencia muy gratificante. Cada comp\u00e1s de una partitura contiene suficiente m\u00fasica para dedicarle m\u00e1s tiempo del que uno imagina. Por lo general, el int\u00e9rprete tiene que expresar lo que el creador de la pieza, en otro tiempo y en otro contexto, plasm\u00f3 en su obra. La imposibilidad de poder dialogar con el m\u00fasico que escribi\u00f3 la partitura original abre el abanico de opiniones sobre como transmitir cada fragmento de cualquier obra musical.<\/p>\n<p><span style=\"font-size: 13px;\">Hoy contamos en este b<\/span><span style=\"font-size: 13px;\">log con la presencia de\u00a0<\/span><span style=\"font-size: 13px;\">un m\u00fasico que es int\u00e9rprete y compositor. <strong>Javier Ignacio C\u00f3rdoba<\/strong> (1995) nos comenta algunos aspectos de su <em><strong>Tr\u00edo n\u00famero 1 en Do menor para viol\u00edn, viola y violonchelo<\/strong><\/em>, que va a interpretar en Murcia el pr\u00f3ximo d\u00eda 27 de enero, d\u00eda del nacimiento de otro joven compositor, el salzburgu\u00e9s\u00a0<strong>Wolfgang Amadeus Mozart<\/strong>. \u00a0<\/span><\/p>\n<p>Este violonchelista nacido en El Palmar, comenz\u00f3 sus estudios de piano a los 4 a\u00f1os y es uno de los m\u00fasicos m\u00e1s destacados formados en la <em><strong>Escuela de M\u00fasica Chaplin<\/strong><\/em> de nuestra capital: <em>&#8220;Le debo a los profesores de Chaplin mi dedicaci\u00f3n a la m\u00fasica, en especial a mi profesora de chelo, Alicia Mart\u00ednez. Actualmente estoy preparando mi acceso a los estudios de Grado Superior&#8221;.<\/em><\/p>\n<p><strong>Javier Ignacio<\/strong> es actualmente el violonchelo titular de la <strong><em>Orquesta de C\u00e1mara de Murcia<\/em><\/strong> y colabora con otras formaciones como la <strong><em>Orquesta de la Universidad de Murcia<\/em><\/strong> y la <strong><em>Orquesta de J\u00f3venes de la Regi\u00f3n de Murcia<\/em><\/strong>, esta \u00faltima,\u00a0<span style=\"font-size: 13px;\">de forma inexplicable,\u00a0<\/span><span style=\"font-size: 13px;\">sin actividad musical en la actualidad.<\/span><\/p>\n<p>Como compositor, <strong>Javier Ignacio C\u00f3rdoba<\/strong> ha escrito distintas piezas para instrumentos solistas, c\u00e1mara, voz y orquesta, estrenando, con s\u00f3lo 16 a\u00f1os, su obra <strong><em>&#8220;Andante para flauta y orquesta&#8221;<\/em><\/strong> en un concierto celebrado en el Balneario de Archena, con el flautista <strong>Juan Arcadio Mart\u00ednez<\/strong>\u00a0y la <strong><em>Orquesta de C\u00e1mara de Murcia<\/em><\/strong> bajo la direcci\u00f3n de <strong>Jos\u00e9 Ignacio Pellicer S\u00e1nchez<\/strong>. Otra obra compuesta por este joven m\u00fasico es la <strong><em>&#8220;Serenata para cuerdas&#8221;<\/em><\/strong> estrenada con la <strong><em>Orquesta Juvenil de la Escuela de M\u00fasica Chaplin<\/em><\/strong>.<\/p>\n<p>Sobre la obra que interpreta pr\u00f3ximamente en nuestra ciudad, <strong>C\u00f3rdoba<\/strong> nos anticipa que:\u00a0<em>&#8220;El tercer movimiento del tr\u00edo n\u00famero 1 en do menor para viol\u00edn, viola y violonchelo es un \u00ab<span style=\"font-size: 13px;\">largo<\/span><span style=\"font-size: 13px;\">\u00bb<\/span><span style=\"font-size: 13px;\">\u00a0con indicaci\u00f3n <\/span><span style=\"font-size: 13px;\">\u00ab<\/span><span style=\"font-size: 13px;\">sotto voce<\/span><span style=\"font-size: 13px;\">\u00bb y un tema principal iniciado por\u00a0<\/span><span style=\"font-size: 13px;\">el viol\u00edn que se desarrolla en la compleja tonalidad de do sostenido menor<\/span><\/em><em style=\"font-size: 13px;\"><span style=\"font-size: 13px;\">\u00a0a lo largo del movimiento.\u00a0<\/span><\/em><em style=\"font-size: 13px;\"><span style=\"font-size: 13px;\">A modo de fuga se unen viola y violonchelo completando el esqueleto arm\u00f3nico de la pieza. Es un movimiento de tem\u00e1tica dolorosa y que est\u00e1 repleto de matices que proporcionan gran profundidad a la m\u00fasica&#8221;.<\/span><\/em><\/p>\n<p><strong>Javier Ignacio<\/strong> nos comenta que el <strong><em>tr\u00edo en Do menor<\/em><\/strong> es una obra muy exigente para los \u00ednt\u00e9rpretes: <em>&#8220;T<span style=\"font-size: 13px;\">anto el reg\u00edstro intrumental, como la tonalidad y las din\u00e1micas obligan a los m\u00fasicos a estar en constante advertencia. <\/span><span style=\"font-size: 13px;\">El juego musical con el tema principal es constante y variado por los tres instrumentos. El punto \u00e1lgido del movimiento viene antes de la coda, donde el tema se toca\u00a0\u00abforte\u00bb\u00a0al un\u00edsono, alcanzando un \u00ab<\/span><span style=\"font-size: 13px;\">fort\u00edsimo<\/span><span style=\"font-size: 13px;\">\u00bb<\/span><span style=\"font-size: 13px;\">\u00a0cerca del puente de cada instrumento, lo que convierte la sonoridad en dura y lacerante. Tras el silencio, el violonchelo anuncia con su nota m\u00e1s profunda la coda final de la obra, que poco a poco se apaga en \u00ab<\/span><span style=\"font-size: 13px;\">pizzicato<\/span><span style=\"font-size: 13px;\">\u00bb<\/span><span style=\"font-size: 13px;\">. El estilo musical evoca a los \u00faltimos cuartetos de Beethoven.&#8221;<\/span><\/em><\/p>\n<p>Esta es una de las pocas obras musicales en la que, gracias a la presencia de <strong>Javier Ignacio<\/strong>, compositor e int\u00e9rprete, podemos asegurar cu\u00e1l es la \u00fanica y v\u00e9rdadera versi\u00f3n.<\/p>\n<p><span style=\"color: #808080;\"><strong>Lunes 27 de enero de 2014, 20 horas. Aula Cultural de Cajamurcia, Gran V\u00eda de Murcia. Concierto &#8220;Con el m\u00fasico amigo&#8221;. Homenaje a Joaqu\u00edn Toledo Espallardo. Obras de Mozart, Haydn, Mahler, Rachmaninov, Keta Moya y Javier Ignacio C\u00f3rdoba. Entrada libre hasta completar aforo.<\/strong><\/span><\/p>\n<p><strong><br \/>\n<\/strong><\/p>\n","protected":false},"excerpt":{"rendered":"<p>&nbsp; Disfrutar de la m\u00fasica clasica escuchando la perspectiva del m\u00fasico es una experiencia muy gratificante. Cada comp\u00e1s de una partitura contiene suficiente m\u00fasica para dedicarle m\u00e1s tiempo del que uno imagina. Por lo general, el int\u00e9rprete tiene que expresar lo que el creador de la pieza, en otro tiempo y en otro contexto, plasm\u00f3 [&hellip;]<\/p>\n","protected":false},"author":24,"featured_media":0,"comment_status":"open","ping_status":"open","sticky":false,"template":"","format":"standard","meta":[],"categories":[19],"tags":[],"_links":{"self":[{"href":"https:\/\/blogs.laverdad.es\/musicainesperada\/wp-json\/wp\/v2\/posts\/299"}],"collection":[{"href":"https:\/\/blogs.laverdad.es\/musicainesperada\/wp-json\/wp\/v2\/posts"}],"about":[{"href":"https:\/\/blogs.laverdad.es\/musicainesperada\/wp-json\/wp\/v2\/types\/post"}],"author":[{"embeddable":true,"href":"https:\/\/blogs.laverdad.es\/musicainesperada\/wp-json\/wp\/v2\/users\/24"}],"replies":[{"embeddable":true,"href":"https:\/\/blogs.laverdad.es\/musicainesperada\/wp-json\/wp\/v2\/comments?post=299"}],"version-history":[{"count":0,"href":"https:\/\/blogs.laverdad.es\/musicainesperada\/wp-json\/wp\/v2\/posts\/299\/revisions"}],"wp:attachment":[{"href":"https:\/\/blogs.laverdad.es\/musicainesperada\/wp-json\/wp\/v2\/media?parent=299"}],"wp:term":[{"taxonomy":"category","embeddable":true,"href":"https:\/\/blogs.laverdad.es\/musicainesperada\/wp-json\/wp\/v2\/categories?post=299"},{"taxonomy":"post_tag","embeddable":true,"href":"https:\/\/blogs.laverdad.es\/musicainesperada\/wp-json\/wp\/v2\/tags?post=299"}],"curies":[{"name":"wp","href":"https:\/\/api.w.org\/{rel}","templated":true}]}}