{"id":305,"date":"2014-01-22T00:18:04","date_gmt":"2014-01-22T00:18:04","guid":{"rendered":"http:\/\/blogs.laverdad.es\/musicainesperada\/?p=305"},"modified":"2014-01-22T00:18:04","modified_gmt":"2014-01-22T00:18:04","slug":"claudio","status":"publish","type":"post","link":"https:\/\/blogs.laverdad.es\/musicainesperada\/2014\/01\/22\/claudio\/","title":{"rendered":"Claudio."},"content":{"rendered":"<p><a href=\"\/musicainesperada\/wp-content\/uploads\/sites\/23\/2014\/01\/Claudio.jpg\"><img loading=\"lazy\" class=\"aligncenter size-full wp-image-306\" title=\"Claudio\" src=\"\/musicainesperada\/wp-content\/uploads\/sites\/23\/2014\/01\/Claudio.jpg\" alt=\"\" width=\"261\" height=\"193\" \/><\/a><\/p>\n<p>Hace tan solo unas horas, el maestro<strong> Abbado<\/strong> nos ha dejado. La mayor\u00eda de articulistas, directores de orquestas, m\u00fasicos y cantantes, han destacado todas las virtudes y sabidur\u00eda de este gran humanista del mundo de la m\u00fasica.<\/p>\n<p>Personalmente, me ha afectado mucho esta triste noticia.<strong> Abbado<\/strong> es uno de mis directores favoritos por muchos motivos. Adem\u00e1s de haber escuchado una y otra vez sus grabaciones de absoluta referencia de la <em><strong>5\u00aa sinfon\u00eda<\/strong><\/em> de<strong> Mahler<\/strong>, de las obras de <strong>Ravel<\/strong>, de la \u00f3pera <em><strong>Macbeth<\/strong><\/em> de <strong>Verdi<\/strong>\u00a0y de <em><strong>La Cenerentola<\/strong><\/em> de <strong>Rossini<\/strong>, entre otras, siempre me ha impresionado la personalidad y actitud de este maestro ante la orquesta.<\/p>\n<p>En una de mis visitas a Berl\u00edn, conversando con <strong>Mart\u00edn Baeza<\/strong>, excelente anfitri\u00f3n y trompetista, me contaba detalles de los ensayos y conciertos con <strong>Abbado<\/strong>. <strong>Mart\u00edn<\/strong> es m\u00fasico de la <em><strong>Deutsche Oper de Berl\u00edn<\/strong><\/em> y de la <em><strong>Orquesta del Festival de Lucerna<\/strong><\/em> que cada 25 de agosto se constitu\u00eda en torno al director italiano. Uno de los episodios m\u00e1s significativos del car\u00e1cter de <strong>Abbado<\/strong> es el de la gira por Tokio de la <em><strong>Filarm\u00f3nica de Berl\u00edn<\/strong><\/em> con motivo de la representaci\u00f3n de<em><strong> Trist\u00e1n e Isolda<\/strong><\/em>. <strong>Mart\u00edn Baeza<\/strong> era uno de los trompetistas que fue testigo de la determinacion de <strong>Claudio Abbado<\/strong> para abandonar por unas horas la UCI y dirigir de memoria, al borde del desfallecimineto, las distintas representaciones de la c\u00e9lebre \u00f3pera de <strong>Wagner<\/strong>. <strong>Baeza<\/strong> destacaba que, tan agotadora era la obra en s\u00ed misma, como las repetidas veces que el venerado maestro ten\u00eda que salir a saludar al p\u00fablico.<\/p>\n<p>Hace algo m\u00e1s de tres a\u00f1os, tuve la oportunidad de saludar a <strong>Claudio Abbado<\/strong> con motivo del concierto en Madrid de Iberm\u00fasica con la <em><strong>Orquesta de Lucerna<\/strong><\/em> y la interpretaci\u00f3n de la <em><strong>Novena Sinfon\u00eda<\/strong><\/em> de <strong>Mahler<\/strong>. Mi buen amigo Pedro Olivares y yo tuvimos el honor de estrecharle la mano y conversar con \u00e9l, que nos atendi\u00f3 amablemente e inclus\u00f3 firm\u00f3 la partitura de la sinfon\u00eda que llev\u00e1bamos al auditorio. En ese momento, nos sent\u00edamos tan privilegiados que no pod\u00edamos imaginar lo que <strong>Abbado<\/strong> nos ten\u00eda reservado en la sala.<\/p>\n<p>Escuchar a <strong>Mahler<\/strong> a trav\u00e9s de int\u00e9rpretes del nivel de Kolja Blacher, Wolfram Christ, Lucas Mac\u00edas, Sabine Meyer, Reinhold Friedich, entre otros m\u00fasicos de la <em><strong>Orquesta de Lucerna<\/strong><\/em>, es una experiencia fuera de lo com\u00fan. Pero, el maestro milan\u00e9s que a los siete a\u00f1os decidi\u00f3 ser director, consigui\u00f3 despertar la emotividad de m\u00fasicos y de p\u00fablico con una interpretaci\u00f3n sublime. Creo que es dif\u00edcil entender la espiritualidad contenida en la m\u00fasica de Mahler si no hay alguien que la explique en directo como <strong>Abbado<\/strong>. Tengo que reconocer, que en los \u00faltimos compases del Adagio, al mismo tiempo que se oscurec\u00eda gradualmente la sala, cre\u00ed que era mi visi\u00f3n la que declinaba con la emoci\u00f3n del momento. Al final, cuando la orquesta interpret\u00f3 la \u00faltima nota, el maestro mantuvo la batuta y el silencio se prolong\u00f3 durante 3 minutos inolvidables. Esa era la magia de <strong>Claudio.<\/strong><\/p>\n<p>Como homenaje a <strong>Claudio Abbado<\/strong> les invito a escuchar el v\u00eddeo del final de la <em><strong>Sinfon\u00eda n\u00ba 2 &#8220;Resurrecci\u00f3n&#8221;<\/strong><\/em> de <strong>Mahler<\/strong> en la que comprobar\u00e1n el poder de la mirada y del gesto del maestro italiano.<\/p>\n<p>Evocando a uno de los lieder m\u00e1s conocidos de <strong>Mahler:<\/strong> <em>&#8220;A menudo \u00a0pienso que Claudio no se ha ido. \u00a1Pronto regresar\u00e1 a casa! \u00a1No esteis inquietos! S\u00f3lo est\u00e1 haciendo una larga caminata. \u00a1Es un bello d\u00eda sobre las altas colinas!&#8221;<\/em><\/p>\n<p>&nbsp;<\/p>\n<p><span style=\"color: #808080;\"><em><strong>Propuestas para el fin de semana:<\/strong><\/em><\/span><\/p>\n<p><span style=\"color: #808080;\"><em><strong> Jueves 23, 20h. Auditorio V\u00edctor Villegas. Sinfon\u00eda n\u00ba3, Danza macabra y Suite Argelina de Saint-Sa\u00ebns. Orquesta Sinf\u00f3nica de la Regi\u00f3n de Murcia. Silvioa M\u00e1rquez (solista). Virginia Mart\u00ednez (direcci\u00f3n).<\/strong><\/em><\/span><\/p>\n<p><span style=\"color: #808080;\"><em><strong>Viernes 24, 20 h. Aula Cultural Gran V\u00eda de Cajamurcia. Cuarteto n\u00ba12 &#8220;Americano&#8221; de Dvorak y Cuarteto n\u00ba14 &#8220;La Muerte y la Doncella&#8221; de Schubert. Cuarteto Salzillo.<\/strong><\/em><\/span><\/p>\n<pre><\/pre>\n<p><iframe loading=\"lazy\" src=\"\/\/www.youtube.com\/embed\/cIkCcJIqUeI\" frameborder=\"0\" width=\"560\" height=\"315\"><\/iframe><\/p>\n","protected":false},"excerpt":{"rendered":"<p>Hace tan solo unas horas, el maestro Abbado nos ha dejado. La mayor\u00eda de articulistas, directores de orquestas, m\u00fasicos y cantantes, han destacado todas las virtudes y sabidur\u00eda de este gran humanista del mundo de la m\u00fasica. Personalmente, me ha afectado mucho esta triste noticia. Abbado es uno de mis directores favoritos por muchos motivos. [&hellip;]<\/p>\n","protected":false},"author":24,"featured_media":0,"comment_status":"open","ping_status":"open","sticky":false,"template":"","format":"standard","meta":[],"categories":[11],"tags":[],"_links":{"self":[{"href":"https:\/\/blogs.laverdad.es\/musicainesperada\/wp-json\/wp\/v2\/posts\/305"}],"collection":[{"href":"https:\/\/blogs.laverdad.es\/musicainesperada\/wp-json\/wp\/v2\/posts"}],"about":[{"href":"https:\/\/blogs.laverdad.es\/musicainesperada\/wp-json\/wp\/v2\/types\/post"}],"author":[{"embeddable":true,"href":"https:\/\/blogs.laverdad.es\/musicainesperada\/wp-json\/wp\/v2\/users\/24"}],"replies":[{"embeddable":true,"href":"https:\/\/blogs.laverdad.es\/musicainesperada\/wp-json\/wp\/v2\/comments?post=305"}],"version-history":[{"count":0,"href":"https:\/\/blogs.laverdad.es\/musicainesperada\/wp-json\/wp\/v2\/posts\/305\/revisions"}],"wp:attachment":[{"href":"https:\/\/blogs.laverdad.es\/musicainesperada\/wp-json\/wp\/v2\/media?parent=305"}],"wp:term":[{"taxonomy":"category","embeddable":true,"href":"https:\/\/blogs.laverdad.es\/musicainesperada\/wp-json\/wp\/v2\/categories?post=305"},{"taxonomy":"post_tag","embeddable":true,"href":"https:\/\/blogs.laverdad.es\/musicainesperada\/wp-json\/wp\/v2\/tags?post=305"}],"curies":[{"name":"wp","href":"https:\/\/api.w.org\/{rel}","templated":true}]}}