{"id":312,"date":"2014-02-05T23:30:36","date_gmt":"2014-02-05T23:30:36","guid":{"rendered":"http:\/\/blogs.laverdad.es\/musicainesperada\/?p=312"},"modified":"2014-02-05T23:30:36","modified_gmt":"2014-02-05T23:30:36","slug":"un-gran-padre-y-un-buen-hijo","status":"publish","type":"post","link":"https:\/\/blogs.laverdad.es\/musicainesperada\/2014\/02\/05\/un-gran-padre-y-un-buen-hijo\/","title":{"rendered":"Un gran padre y un buen hijo"},"content":{"rendered":"<p><a href=\"\/musicainesperada\/wp-content\/uploads\/sites\/23\/2014\/02\/Gonzalo-foto.jpg\"><img loading=\"lazy\" class=\"aligncenter size-large wp-image-313\" title=\"Gonzalo foto\" src=\"\/musicainesperada\/wp-content\/uploads\/sites\/23\/2014\/02\/Gonzalo-foto.jpg\" alt=\"\" width=\"680\" height=\"1024\" srcset=\"https:\/\/static-blogs.laverdad.es\/wp-content\/uploads\/sites\/23\/2014\/02\/Gonzalo-foto.jpg 1500w, https:\/\/static-blogs.laverdad.es\/wp-content\/uploads\/sites\/23\/2014\/02\/Gonzalo-foto-199x300.jpg 199w, https:\/\/static-blogs.laverdad.es\/wp-content\/uploads\/sites\/23\/2014\/02\/Gonzalo-foto-768x1156.jpg 768w\" sizes=\"(max-width: 680px) 100vw, 680px\" \/><\/a><\/p>\n<p>Una de las obligaciones no escritas que tienen los hijos es transmitir a las generaciones venideras el legado recibido de los padres. <strong>Carl Philipp Emanuel Bach<\/strong> (1714-1788) fue el segundo hijo que tuvo el c\u00e9lebre <strong>Johann Sebastian Bach<\/strong> que, como tres de sus hermanos, sigui\u00f3 la estela profesional del progenitor.<\/p>\n<p><strong>Carl Philipp Emanuel<\/strong> era una persona muy culta, que manten\u00eda reuniones con otros intelectuales y cuidaba mucho las relaciones con las damas de la corte. As\u00ed conoci\u00f3 a <strong>Sara Ley<\/strong>, t\u00eda abuela de <strong>Mendelssohn<\/strong>, quien fue clave en la conservaci\u00f3n de los documentos de <strong>J.S. Bach<\/strong>. A diferencia de su hermano mayor, el extravagante y exc\u00e9ntrico <strong>Wilhem Friedemann<\/strong>,\u00a0el buen\u00a0<strong>C.P.E<\/strong>. cuid\u00f3 con esmero los manuscritos paternos que recibi\u00f3 en herencia, lo que permiti\u00f3, entre otras cosas, que <strong>F\u00e9lix Mendelssohn\u00a0<\/strong>pudiese descubrir y estrenar\u00a0<strong><em>&#8220;La Pasi\u00f3n seg\u00fan San Mateo<\/em><\/strong>&#8220;, quiz\u00e1s la obra m\u00e1s importante de la Historia de la M\u00fasica.<\/p>\n<p><strong>C.P.E. Bach<\/strong> fue clavecinista en la corte de <strong>Federico II<\/strong> de Prusia, &#8220;el grande&#8221;, al que le gustaba rodearse de m\u00fasicos de alto nivel. En su obra <em><strong>&#8220;Ensayo sobre el verdadero arte de tocar instrumentos de teclado&#8221;<\/strong><\/em> defiende la necesidad que tiene el compositor de despertar emociones en el oyente, para lo que es indispensable que antes\u00a0el m\u00fasico se emocione a s\u00ed mismo.<\/p>\n<p>Adem\u00e1s, este gran compositor es uno de los m\u00e1ximos representantes del estilo galante, basado en la simplificaci\u00f3n, sencillez y equilibrio frente a la complejidad del estilo polif\u00f3nico y la t\u00e9cnica del contrapunto. As\u00ed, la melod\u00eda pas\u00f3 a ser el elemento musical m\u00e1s importante y la armon\u00eda qued\u00f3 en un plano secundario.<\/p>\n<p>El pr\u00f3ximo viernes, <strong>Gonzalo Meseguer Luj\u00e1n<\/strong>\u00a0interpreta el <em><strong>Concierto para violonchelo en La mayor<\/strong><\/em> de <strong>C.P.E Bach<\/strong> en \u00c1guilas. Este m\u00fasico murciano realiz\u00f3 sus estudios en el Real Conservatorio Superior de M\u00fasica de Madrid y ampli\u00f3 la formaci\u00f3n con un m\u00e1ster en el &#8220;Universit\u00e4t Mozarteum&#8221; de Salzburgo. Su pasi\u00f3n por la m\u00fasica ha influido en que su hermano Lorenzo (del que hemos ya\u00a0hablado en este blog) haya seguido sus pasos con este apasionante instrumento.<\/p>\n<p><strong>Gonzalo<\/strong> comenta que: <em>&#8220;C.P.E Bach es un m\u00fasico injustamente tratado y desconocido para la mayor\u00eda del p\u00fablico, pero fue un revolucionario en su \u00e9poca y su estilo supuso una evoluci\u00f3n del Barroco hacia el Clasicismo&#8221;.<\/em><\/p>\n<p>Sobre el concierto en La mayor, <strong>Meseguer<\/strong> cuenta que:<em> &#8220;Es un ejemplo de estilo concertante donde la orquesta ve reducido el espacio entre las intervenciones del instrumento solista. La obra tiene gran colorido arm\u00f3nico y supone un reto t\u00e9cnico para la mano derecha del chelista. Los aspectos m\u00e1s relevantes son las escalas y arpegios de las melod\u00edas del Allegro, el contraste que supone el modo menor del segundo movimiento Largo, las numerosas bariolages y modulaciones en forma de rond\u00f3 del tercer movimiento Allegro assai y la cadencia que puede interpretar el solista\u00a0\u00aba piacere\u00bb.&#8221;<\/em><\/p>\n<p>En definitiva, un concierto fundamental para entender la\u00a0m\u00fasica que posteriormente inspir\u00f3 a\u00a0maestros como <strong>Haydn<\/strong> y <strong>Beethoven.<\/strong><\/p>\n<p><span style=\"color: #808080;\"><em><strong>Viernes 7 de febrero, 21 horas. Auditorio Infanta Elena de Aguilas. Obras de Vivaldi, J.S. Bach, C.P.E. Bach y T. Albinoni. Pedro Maci\u00e1 (oboe), Gonzalo Meseguer (violonchelo), Tatevik Khachatryan (violin). Orquesta de C\u00e1mara de Cartagena. Rafael Rosell (Direcci\u00f3n musical). Entrada: 15 euros\u00a0(Gratuita para socios de Prom\u00fasica de \u00c1guilas).<\/strong><\/em><\/span><\/p>\n<p>&nbsp;<\/p>\n<p>&nbsp;<\/p>\n","protected":false},"excerpt":{"rendered":"<p>Una de las obligaciones no escritas que tienen los hijos es transmitir a las generaciones venideras el legado recibido de los padres. Carl Philipp Emanuel Bach (1714-1788) fue el segundo hijo que tuvo el c\u00e9lebre Johann Sebastian Bach que, como tres de sus hermanos, sigui\u00f3 la estela profesional del progenitor. Carl Philipp Emanuel era una [&hellip;]<\/p>\n","protected":false},"author":24,"featured_media":0,"comment_status":"open","ping_status":"open","sticky":false,"template":"","format":"standard","meta":[],"categories":[19],"tags":[],"_links":{"self":[{"href":"https:\/\/blogs.laverdad.es\/musicainesperada\/wp-json\/wp\/v2\/posts\/312"}],"collection":[{"href":"https:\/\/blogs.laverdad.es\/musicainesperada\/wp-json\/wp\/v2\/posts"}],"about":[{"href":"https:\/\/blogs.laverdad.es\/musicainesperada\/wp-json\/wp\/v2\/types\/post"}],"author":[{"embeddable":true,"href":"https:\/\/blogs.laverdad.es\/musicainesperada\/wp-json\/wp\/v2\/users\/24"}],"replies":[{"embeddable":true,"href":"https:\/\/blogs.laverdad.es\/musicainesperada\/wp-json\/wp\/v2\/comments?post=312"}],"version-history":[{"count":0,"href":"https:\/\/blogs.laverdad.es\/musicainesperada\/wp-json\/wp\/v2\/posts\/312\/revisions"}],"wp:attachment":[{"href":"https:\/\/blogs.laverdad.es\/musicainesperada\/wp-json\/wp\/v2\/media?parent=312"}],"wp:term":[{"taxonomy":"category","embeddable":true,"href":"https:\/\/blogs.laverdad.es\/musicainesperada\/wp-json\/wp\/v2\/categories?post=312"},{"taxonomy":"post_tag","embeddable":true,"href":"https:\/\/blogs.laverdad.es\/musicainesperada\/wp-json\/wp\/v2\/tags?post=312"}],"curies":[{"name":"wp","href":"https:\/\/api.w.org\/{rel}","templated":true}]}}