{"id":314,"date":"2014-02-10T23:24:06","date_gmt":"2014-02-10T23:24:06","guid":{"rendered":"http:\/\/blogs.laverdad.es\/musicainesperada\/?p=314"},"modified":"2014-02-10T23:24:06","modified_gmt":"2014-02-10T23:24:06","slug":"en-mi-querida-paris","status":"publish","type":"post","link":"https:\/\/blogs.laverdad.es\/musicainesperada\/2014\/02\/10\/en-mi-querida-paris\/","title":{"rendered":"En mi querida Par\u00eds"},"content":{"rendered":"<p><a href=\"\/musicainesperada\/wp-content\/uploads\/sites\/23\/2014\/02\/fachada.jpg\"><img loading=\"lazy\" class=\"aligncenter size-full wp-image-315\" title=\"fachada\" src=\"\/musicainesperada\/wp-content\/uploads\/sites\/23\/2014\/02\/fachada.jpg\" alt=\"\" width=\"274\" height=\"184\" \/><\/a><\/p>\n<p>&nbsp;<\/p>\n<p>Par\u00eds es una ciudad entra\u00f1able para m\u00ed por distintos motivos. Adem\u00e1s de ser destino de inolvidables viajes tur\u00edsticos con la familia y con amigos, la capital de Francia ha sido testigo de interesantes congresos m\u00e9dicos internacionales y de emotivos acontecimientos deportivos en los que he tenido mi momento de gloria. Los lugares con m\u00e1s encanto, en mi opini\u00f3n, son el barrio de Montmatre, el <em><strong>Museo Marmottan<\/strong><\/em> y la Rue Rome, donde disfruto mucho perdi\u00e9ndome en las tiendas de partituras musicales como <strong><em>&#8220;La Flute de Pan&#8221;<\/em><\/strong>.<\/p>\n<p>Pero de todos los edificios de la &#8220;ciudad de la luz&#8221;, el que m\u00e1s me impresiona es el de la <strong><em>\u00d3pera de Par\u00eds<\/em><\/strong>, considerado el ejemplo m\u00e1s caracter\u00edstico de la arquitectura del <strong>Segundo Imperio en Francia<\/strong> (1852-1870). <strong>Luis Napole\u00f3n<\/strong>, sobrino del famoso <strong>Napole\u00f3n el Grande<\/strong>, vive con la intenci\u00f3n de recuperar el esplendor de Francia y mostrar todo su poder\u00edo econ\u00f3mico y hegemon\u00eda cultural. Adem\u00e1s del plan para completar el <strong><em>Museo del Louvre<\/em><\/strong> y de reestructurar urban\u00edsticamente toda la ciudad con la ayuda del bar\u00f3n Haussmann, en 1860 convoca el concurso de la <em><strong>\u00d3pera de Par\u00eds<\/strong><\/em>.<\/p>\n<p><strong>Charles Garnier<\/strong> (1825-1898) es un arquitecto formado en <strong><em>l\u00b4\u00c9cole des Beaux Arts<\/em><\/strong> que ya desde el inicio destaca en su profesi\u00f3n. En 1848 la <strong><em>Academia<\/em><\/strong> le otorga el <strong><em>Prix de Rome<\/em><\/strong>, lo que le permite viajar por Grecia, Italia y Oriente. Para ganar el concurso de la <strong><em>\u00d3pera de Par\u00eds<\/em><\/strong> tiene que competir con <strong>Viollet-le-Duc<\/strong>, otro arquitecto muy amigo de la emperatriz <strong>Eugenia<\/strong>. Sin embargo, <strong>Napole\u00f3n III<\/strong> decide finalmente que el proyecto de <strong>Garnier<\/strong> es el mejor.<\/p>\n<p>La obra de la <strong><em>\u00d3pera de Par\u00eds<\/em><\/strong> queda terminada por fuera en 1870, pero hasta pasado cinco a\u00f1os no se inaugura. El impresionante edificio contiene numerosos elementos figurativos y esculturas, entre las que sobresalen las de <strong>Carpeaux<\/strong>. El estilo es m\u00e1s italiano que franc\u00e9s, con una fachada de aire veneciano, que cobra especial protagonismo por las dimensiones de la plaza a la que mira. No hay una puerta principal, sino una bella arquer\u00eda que conecta directamente con el vest\u00edbulo. Uno de los aspectos m\u00e1s llamativos de la fachada es la policrom\u00eda resultante de la combinaci\u00f3n de los distintos m\u00e1rmoles de las columnas y ornamentos.<\/p>\n<p>De los detalles del interior de la \u00f3pera, destacar\u00eda la sala de butacas y la escalera ceremonial que son espectaculares. \u00a0La escalera es el elemento que ordena los espacios de relaci\u00f3n y los salones, tan importantes para <strong><em>Garnier<\/em><\/strong> como los propios lugares de representaci\u00f3n.<\/p>\n<p>&nbsp;<\/p>\n<p><a href=\"\/musicainesperada\/wp-content\/uploads\/sites\/23\/2014\/02\/palcos.jpg\"><img loading=\"lazy\" class=\"aligncenter size-full wp-image-317\" title=\"palcos\" src=\"\/musicainesperada\/wp-content\/uploads\/sites\/23\/2014\/02\/palcos.jpg\" alt=\"\" width=\"300\" height=\"168\" \/><\/a><\/p>\n<p><a href=\"\/musicainesperada\/wp-content\/uploads\/sites\/23\/2014\/02\/escalera2.jpg\"><img loading=\"lazy\" class=\"aligncenter size-full wp-image-316\" title=\"escalera2\" src=\"\/musicainesperada\/wp-content\/uploads\/sites\/23\/2014\/02\/escalera2.jpg\" alt=\"\" width=\"286\" height=\"176\" \/><\/a><\/p>\n<p>&nbsp;<\/p>\n<p>Par\u00eds es la ciudad donde transcurre la acci\u00f3n de \u00f3peras como <em><strong>La Boheme<\/strong><\/em> y de musicales como <em><strong>E<em>l<\/em> Fantasma de la \u00d3pera<\/strong><\/em>. Otra obra maestra situada en parte en esta ciudad es <em><strong>La Traviata<\/strong><\/em> con su c\u00e9lebre fragmento <em><strong>&#8220;Parigi, o cara&#8221;<\/strong><\/em>, (&#8220;Querida Par\u00eds&#8221;), uno de los momentos sublimes de la composici\u00f3n de <strong>Verdi<\/strong> y que pueden escuchar en el siguiente enlace.<\/p>\n<p>&nbsp;<\/p>\n<p><iframe loading=\"lazy\" src=\"\/\/www.youtube.com\/embed\/kTG9e6j3yc8\" frameborder=\"0\" width=\"420\" height=\"315\"><\/iframe><\/p>\n","protected":false},"excerpt":{"rendered":"<p>&nbsp; Par\u00eds es una ciudad entra\u00f1able para m\u00ed por distintos motivos. Adem\u00e1s de ser destino de inolvidables viajes tur\u00edsticos con la familia y con amigos, la capital de Francia ha sido testigo de interesantes congresos m\u00e9dicos internacionales y de emotivos acontecimientos deportivos en los que he tenido mi momento de gloria. Los lugares con m\u00e1s [&hellip;]<\/p>\n","protected":false},"author":24,"featured_media":0,"comment_status":"open","ping_status":"open","sticky":false,"template":"","format":"standard","meta":[],"categories":[5],"tags":[],"_links":{"self":[{"href":"https:\/\/blogs.laverdad.es\/musicainesperada\/wp-json\/wp\/v2\/posts\/314"}],"collection":[{"href":"https:\/\/blogs.laverdad.es\/musicainesperada\/wp-json\/wp\/v2\/posts"}],"about":[{"href":"https:\/\/blogs.laverdad.es\/musicainesperada\/wp-json\/wp\/v2\/types\/post"}],"author":[{"embeddable":true,"href":"https:\/\/blogs.laverdad.es\/musicainesperada\/wp-json\/wp\/v2\/users\/24"}],"replies":[{"embeddable":true,"href":"https:\/\/blogs.laverdad.es\/musicainesperada\/wp-json\/wp\/v2\/comments?post=314"}],"version-history":[{"count":0,"href":"https:\/\/blogs.laverdad.es\/musicainesperada\/wp-json\/wp\/v2\/posts\/314\/revisions"}],"wp:attachment":[{"href":"https:\/\/blogs.laverdad.es\/musicainesperada\/wp-json\/wp\/v2\/media?parent=314"}],"wp:term":[{"taxonomy":"category","embeddable":true,"href":"https:\/\/blogs.laverdad.es\/musicainesperada\/wp-json\/wp\/v2\/categories?post=314"},{"taxonomy":"post_tag","embeddable":true,"href":"https:\/\/blogs.laverdad.es\/musicainesperada\/wp-json\/wp\/v2\/tags?post=314"}],"curies":[{"name":"wp","href":"https:\/\/api.w.org\/{rel}","templated":true}]}}