{"id":319,"date":"2014-02-18T14:17:16","date_gmt":"2014-02-18T14:17:16","guid":{"rendered":"http:\/\/blogs.laverdad.es\/musicainesperada\/?p=319"},"modified":"2014-02-18T14:17:16","modified_gmt":"2014-02-18T14:17:16","slug":"las-letras-de-agata","status":"publish","type":"post","link":"https:\/\/blogs.laverdad.es\/musicainesperada\/2014\/02\/18\/las-letras-de-agata\/","title":{"rendered":"Las letras de \u00c1gata"},"content":{"rendered":"<p><a href=\"\/musicainesperada\/wp-content\/uploads\/sites\/23\/2014\/02\/Detalle-foto-camearta.jpg\"><img loading=\"lazy\" class=\"aligncenter size-large wp-image-320\" title=\"Detalle foto camearta\" src=\"\/musicainesperada\/wp-content\/uploads\/sites\/23\/2014\/02\/Detalle-foto-camearta.jpg\" alt=\"\" width=\"741\" height=\"1024\" srcset=\"https:\/\/static-blogs.laverdad.es\/wp-content\/uploads\/sites\/23\/2014\/02\/Detalle-foto-camearta.jpg 1072w, https:\/\/static-blogs.laverdad.es\/wp-content\/uploads\/sites\/23\/2014\/02\/Detalle-foto-camearta-217x300.jpg 217w, https:\/\/static-blogs.laverdad.es\/wp-content\/uploads\/sites\/23\/2014\/02\/Detalle-foto-camearta-768x1060.jpg 768w, https:\/\/static-blogs.laverdad.es\/wp-content\/uploads\/sites\/23\/2014\/02\/Detalle-foto-camearta-742x1024.jpg 742w\" sizes=\"(max-width: 741px) 100vw, 741px\" \/><\/a><\/p>\n<p>Desde siempre, algunos compositores han encriptado mensajes dentro de sus melod\u00edas con fines muy distintos. Adem\u00e1s de rendir homenajes a determinadas personas o acontecimientos o a protestar contra una forma de gobernar, con frecuencia, los m\u00fasicos muestran su admiraci\u00f3n hacia determinadas damas de forma ingeniosa. En este blog hemos comentado como maestros de la fama de <strong>Beethoven, Mahler o Wagner<\/strong> agudizan su ingenio para mostrar su gusto por la belleza femenina.<\/p>\n<p><strong>Johannes Brahms<\/strong> (1833-1897) es uno de los m\u00fasicos m\u00e1s impresionantes de la historia por su calidad y cantidad como creador de obras de arte. Aunque la sombra de <strong>Beethoven<\/strong> le hace postponer la composici\u00f3n de sus magn\u00edficas sinfon\u00edas y cuartetos de cuerda, <strong>Brahms<\/strong>,\u00a0desde muy pronto, es un maestro en M\u00fasica de C\u00e1mara y, ejemplo de ello, son sus interesantes cuartetos para piano, tr\u00edos para piano y sextetos de cuerda.<\/p>\n<p><span style=\"font-size: 13px;\">Con motivo de la inauguraci\u00f3n del<em> <strong>VII Ciclo de J\u00f3venes Solistas<\/strong><\/em>, la <strong>Camerata de Murcia<\/strong> interpreta el\u00a0<strong><em>Sexteto n\u00ba 2 en sol mayor op. 36<\/em><\/strong> <span id=\"6912bcfa-cd60-4fa1-b62c-833af86a965c\" class=\"GINGER_SOFTWARE_mark\">del<\/span> compositor nacido en Hamburgo. La obra est\u00e1 escrita para dos violines, dos violas y dos violonchelos, instrumentos que confieren una sonoridad &#8220;made in Brahms&#8221; al doblar la l\u00ednea mel\u00f3dica y al dividirse en parejas para combinarse y enfrentarse entre ellos.<\/span><\/p>\n<p>De los cuatro movimientos &#8211; <em>Allegro non tropo, Scherzo, Poco adagio y Poco allegro<\/em> &#8211; podemos detacar algunos aspectos. El <em>Allegro non tropo<\/em> contiene un tema inicial expresado &#8220;a media voz&#8221; por el primer viol\u00edn sobre un acompa\u00f1amiento inmutable de la primera viola y que van a reconocer con facilidad. Posteriormente hay un fragmento de intenso lirismo que est\u00e1 basado en las notas &#8211; la, sol, la, mi, si &#8211; que se corresponden con la notaci\u00f3n musical alemana <strong>&#8211; A, G, A, H, E &#8211;<\/strong> , letras pertenecientes al nombre de pila de la \u00fanica joven con la que <strong>Brahms<\/strong> estuvo comprometido. De hecho, el m\u00fasico le reconoci\u00f3 a su gran amigo <strong>Joachim<\/strong> que la pieza tiene el comentado perfil mel\u00f3dico pensando en <strong>Agathe von Siebold<\/strong>, hermosa joven con bella voz y que era hija de un profesor de Gottingen.<\/p>\n<p>Del <em>Adagio<\/em> destaca la melod\u00eda de doce compases en modo menor que <strong>Brahms<\/strong> viste con sombr\u00edas armon\u00edas para dar lugar a una serie de cinco variaciones que tambi\u00e9n tienen doce compases cada una de ellas. La manera de modular las cadencias que tiene\u00a0<strong>Brahms<\/strong> y la rigidez en la longitud de las frases, hace que <strong>Ivor Keys<\/strong> compare a esta t\u00e9cnica con el &#8220;vino joven en botellas viejas&#8221;.<\/p>\n<p>El programa se completa con el\u00a0<span style=\"font-size: 13px;\"><strong><em>Grande Sestetto Concertante en mi bemol mayor, K.364<\/em><\/strong> de <strong>W.A. Mozart<\/strong>, cuya importancia obliga a postponer su an\u00e1lisis para otra ocasi\u00f3n.<\/span><\/p>\n<p>Ya hemos hablado del talento y profesionalidad de los m\u00fasicos de la <strong>Camerata de Murcia<\/strong> en otros post del blog. Les invito a ver y escuchar una interpretaci\u00f3n de la <em><strong>Serenata para cuerdas<\/strong><\/em> de <strong>Chaikovsky<\/strong>, grabada en la pasada Navidad. Hoy dejo que la m\u00fasica de esta agrupaci\u00f3n hable por s\u00ed misma y les anime a disfrutar de estos int\u00e9rpretes en directo.<\/p>\n<p><span style=\"color: #808080;\"><em><strong>Murcia, 20 de febrero de 2014, 20 h. Edificio Moneo de Murcia. Obras de Brahms y Mozart. Camerata de Murcia:\u00a0<span style=\"font-size: 13px;\">Jos\u00e9 N\u00e9stor Tom\u00e1s y Alejandro Nicol\u00e1s (violines), Alicia Salas y Jos\u00e9 Garc\u00eda (violas), Antonio Garc\u00eda e In\u00e9s de Juan (violoncellos).<\/span><\/strong><\/em><\/span><\/p>\n<p>&nbsp;<\/p>\n<p><iframe loading=\"lazy\" src=\"\/\/www.youtube.com\/embed\/Rg3c93AcFgU\" frameborder=\"0\" width=\"560\" height=\"315\"><\/iframe><\/p>\n","protected":false},"excerpt":{"rendered":"<p>Desde siempre, algunos compositores han encriptado mensajes dentro de sus melod\u00edas con fines muy distintos. Adem\u00e1s de rendir homenajes a determinadas personas o acontecimientos o a protestar contra una forma de gobernar, con frecuencia, los m\u00fasicos muestran su admiraci\u00f3n hacia determinadas damas de forma ingeniosa. En este blog hemos comentado como maestros de la fama [&hellip;]<\/p>\n","protected":false},"author":24,"featured_media":0,"comment_status":"open","ping_status":"open","sticky":false,"template":"","format":"standard","meta":[],"categories":[19],"tags":[],"_links":{"self":[{"href":"https:\/\/blogs.laverdad.es\/musicainesperada\/wp-json\/wp\/v2\/posts\/319"}],"collection":[{"href":"https:\/\/blogs.laverdad.es\/musicainesperada\/wp-json\/wp\/v2\/posts"}],"about":[{"href":"https:\/\/blogs.laverdad.es\/musicainesperada\/wp-json\/wp\/v2\/types\/post"}],"author":[{"embeddable":true,"href":"https:\/\/blogs.laverdad.es\/musicainesperada\/wp-json\/wp\/v2\/users\/24"}],"replies":[{"embeddable":true,"href":"https:\/\/blogs.laverdad.es\/musicainesperada\/wp-json\/wp\/v2\/comments?post=319"}],"version-history":[{"count":0,"href":"https:\/\/blogs.laverdad.es\/musicainesperada\/wp-json\/wp\/v2\/posts\/319\/revisions"}],"wp:attachment":[{"href":"https:\/\/blogs.laverdad.es\/musicainesperada\/wp-json\/wp\/v2\/media?parent=319"}],"wp:term":[{"taxonomy":"category","embeddable":true,"href":"https:\/\/blogs.laverdad.es\/musicainesperada\/wp-json\/wp\/v2\/categories?post=319"},{"taxonomy":"post_tag","embeddable":true,"href":"https:\/\/blogs.laverdad.es\/musicainesperada\/wp-json\/wp\/v2\/tags?post=319"}],"curies":[{"name":"wp","href":"https:\/\/api.w.org\/{rel}","templated":true}]}}