{"id":323,"date":"2014-02-23T00:04:57","date_gmt":"2014-02-23T00:04:57","guid":{"rendered":"http:\/\/blogs.laverdad.es\/musicainesperada\/?p=323"},"modified":"2014-02-23T00:04:57","modified_gmt":"2014-02-23T00:04:57","slug":"el-paciente-agradecido","status":"publish","type":"post","link":"https:\/\/blogs.laverdad.es\/musicainesperada\/2014\/02\/23\/el-paciente-agradecido\/","title":{"rendered":"El paciente agradecido"},"content":{"rendered":"<p>&nbsp;<\/p>\n<p><a href=\"\/musicainesperada\/wp-content\/uploads\/sites\/23\/2014\/02\/Foto22.jpg\"><img loading=\"lazy\" class=\"aligncenter size-medium wp-image-327\" title=\"Foto2\" src=\"\/musicainesperada\/wp-content\/uploads\/sites\/23\/2014\/02\/Foto22.jpg\" alt=\"\" width=\"300\" height=\"264\" srcset=\"https:\/\/static-blogs.laverdad.es\/wp-content\/uploads\/sites\/23\/2014\/02\/Foto22.jpg 2850w, https:\/\/static-blogs.laverdad.es\/wp-content\/uploads\/sites\/23\/2014\/02\/Foto22-300x264.jpg 300w, https:\/\/static-blogs.laverdad.es\/wp-content\/uploads\/sites\/23\/2014\/02\/Foto22-768x677.jpg 768w, https:\/\/static-blogs.laverdad.es\/wp-content\/uploads\/sites\/23\/2014\/02\/Foto22-1024x902.jpg 1024w\" sizes=\"(max-width: 300px) 100vw, 300px\" \/><\/a><\/p>\n<p>&nbsp;<\/p>\n<p>&nbsp;<\/p>\n<p><span style=\"font-family: Calibri; font-size: small;\">No hay mayor satisfacci\u00f3n para un m\u00e9dico que la percepci\u00f3n de la mirada y sonrisa de gratitud del paciente al que le solventa un problema de salud. Curiosamente, la manifestaci\u00f3n de este agradecimiento no guarda relaci\u00f3n con la complejidad del tratamiento aplicado ni de las horas invertidas en la consulta o en el quir\u00f3fano. En este sentido, se podr\u00eda decir que existe la misma magia tras una laboriosa cirug\u00eda de laringe que en la extracci\u00f3n de un simple pero molesto tap\u00f3n de cera del interior del conducto auditivo.<\/span><\/p>\n<p><span style=\"font-family: Calibri; font-size: small;\">Hoy les hablo de un paciente muy contento con su m\u00e9dico que suplementa su sonrisa de agradecimiento con la dedicatoria en una composici\u00f3n sin par en la Historia de la M\u00fasica. <strong>Sergei Rachmaninov<\/strong> (1873-1943) sufre una depresi\u00f3n a los 24 a\u00f1os tras el fracaso de su Primera Sinfon\u00eda y sigue los consejos de su t\u00eda <strong>Varvara Satina<\/strong> para que visite al <strong>Doctor Nikolai Dahl<\/strong>, experto en hipnosis, que la ha tratado con \u00e9xito de una neuropat\u00eda de origen psicosom\u00e1tico. <strong>Sergei<\/strong>, tras una terapia basada en sesiones relajantes, comienza a componer un concierto de piano cuyas bellas ideas mel\u00f3dicas brotan de su cerebro con relativa facilidad. La obra se estrena en Mosc\u00fa el 27 de octubre de 1901, dedicado al <strong>Doctor Dahl.<\/strong><\/span><\/p>\n<p><span style=\"font-family: Calibri; font-size: small;\">El <em><strong>concierto para piano n\u00famero 2 en do menor opus 18<\/strong><\/em>, es la obra m\u00e1s importante de la carrera de <strong>Rachmaninov.<\/strong> <strong>Pablo de Torres P\u00e9rez<\/strong> (Murcia, 1993), el galardonado pianista que actualmente completa su formaci\u00f3n en el <em><strong>Conservatori del Liceu de Barcelona<\/strong><\/em>, nos comenta los aspectos m\u00e1s relevantes de esta composici\u00f3n: <em>\u201cMuchos estudiantes de piano eligen el Segundo Concierto para piano de Rachmaninov para interpretarlo como obra final de carrera, ya que esto es equivalente a alcanzar la cima interpretativa\u201d.<\/em><\/span><\/p>\n<p><span style=\"font-family: Calibri; font-size: small;\"><strong>Pablo<\/strong>, que comienza a tocar el piano a los 6 a\u00f1os y desde muy pronto compagina sus estudios en el Conservatorio Profesional de Murcia con la asistencia a clases magistrales, destaca que:<em> \u201cPara tocar los tres movimientos del concierto n\u00fam. 2 de Rachmaninov, hay que poseer todas las cualidades un buen int\u00e9rprete. Los pasajes virtuosistas de gran complejidad t\u00e9cnica se intercalan con otros m\u00e1s lentos de extrema belleza y dificultad interpretativa. Adem\u00e1s, el trastorno del crecimiento que padece el compositor ruso, le dota de unas manos prodigiosas capaces de interpretar acordes grandiosos resueltos en simples y preciosistas melod\u00edas. Tambi\u00e9n destacar\u00eda los fragmentos del piano como solista seguidos de otros con una textura m\u00e1s de acompa\u00f1amiento de la orquesta\u201d.<\/em><\/span><\/p>\n<p><span style=\"font-family: Calibri; font-size: small;\">En su interesante libro <em><strong>\u201cRachmaninov, Orchestral Music\u201d,<\/strong><\/em> <strong>Patrick Piggot<\/strong> aclara que el famoso acompa\u00f1amiento del comienzo del segundo movimiento est\u00e1 basado en una Romanza para seis manos que el maestro compone en 1890 para las tres hijas de su amigo <strong>Skalon<\/strong>. Adem\u00e1s, el tema principal del finale del <em><strong>Segundo Concierto<\/strong><\/em> surge del motivo musical de una obra espiritual que compone en 1893 con motivo de una celebraci\u00f3n religiosa rusa. <strong>Pablo de Torres<\/strong> piensa que: <em>\u201cM\u00e1s all\u00e1 de la complejidad de la interpretaci\u00f3n, lo que hace grande a esta pieza es la belleza con la que Rachmaninov escribe cada parte y c\u00f3mo es capaz de armonizar los cantos ortodoxos en los que se basan varios de sus temas de una manera totalmente natural. Rachmaninov crea texturas donde piano y orquesta son un \u00fanico ser a disposici\u00f3n de la melod\u00eda sin perder su esencia original. Adem\u00e1s del archiconocido primer tema con el que entra la orquesta tras la introducci\u00f3n del piano &#8211; y que reaparece a lo largo del movimiento -,\u00a0 destacar\u00eda el tema principal del segundo movimiento donde la melod\u00eda es conducida entre diferentes miembros de la orquesta y el piano. A lo largo del movimiento, de nuevo, melod\u00eda y acompa\u00f1amiento se reparten entre la orquesta y el piano hasta que se agotan de la manera m\u00e1s natural con una intervenci\u00f3n del solista que da entrada al tercer movimiento. Para m\u00ed es, sin duda, el pasaje m\u00e1s bello de toda la pieza.\u201d<\/em><\/span><\/p>\n<p><span style=\"font-family: Calibri; font-size: small;\">Es un privilegio hablar de <strong>Rachmaninov<\/strong> con un m\u00fasico como <strong>Pablo de Torres<\/strong>. Este joven murciano que ha participado en el <em><strong>\u201cFestival Europeo de las Artes\u201d<\/strong><\/em> (2010), que ha sido seleccionado por la Embajada y Consulado Polaco para conmemorar el 200 aniversario de Chopin con una gira y la grabaci\u00f3n de un disco y que ya ha interpretado en Murcia el dif\u00edcil <em><strong>Concierto para piano n\u00famero 23<\/strong><\/em> de <strong>Mozart<\/strong>, tiene un gran presente\/futuro profesional. En mayo de 2013 interpret\u00f3 en Barcelona la obra <em><strong>\u201cPierrot Lunaire\u201d<\/strong><\/em> de <strong>Schoenberg<\/strong> como miembro del conjunto de m\u00fasica contempor\u00e1nea <strong><em>\u201cDenken Ensemble\u201d<\/em><\/strong> y,hace unos meses, particip\u00f3 en el Festival Internacional de Jazz de la ciudad condal en concierto <strong><em>\u201cWeill &#038; Jazz\u201d<\/em><\/strong> donde se homenaje\u00f3 al m\u00fasico alem\u00e1n. <\/span><\/p>\n<p><span style=\"font-family: Calibri; font-size: small;\">El pr\u00f3ximo jueves podemos disfrutar de todos los contrastes de luz y oscuridad contenidos en este c\u00e9lebre concierto con los que <strong>Pablo de Torres<\/strong> nos ha ilustrado.<\/span><\/p>\n<p><span style=\"font-family: Calibri; font-size: small;\">Ya saben, <em>\u201cRachmaninov nunca falla\u2026\u201d<\/em><\/span><\/p>\n<p>&nbsp;<\/p>\n<p><span style=\"color: #808080;\"><strong><em><span style=\"font-family: Calibri; font-size: small;\">Jueves 27 de febrero, 20 horas. Auditorio V\u00edctor Villegas de Murcia. Concierto para piano n\u00famero 2 de S. Rachmaninov. Francesca da Rimini y Romeo y Julieta de P.I. Chaikosvky. Orquesta Filarm\u00f3nica de Novosibirsk. Ekaterina Mechetina (piano). Gintaras Rinkevicius (direcci\u00f3n musical). Precios: 40, 30 y 20 euros.<\/span><\/em><\/strong><\/span><\/p>\n","protected":false},"excerpt":{"rendered":"<p>&nbsp; &nbsp; &nbsp; No hay mayor satisfacci\u00f3n para un m\u00e9dico que la percepci\u00f3n de la mirada y sonrisa de gratitud del paciente al que le solventa un problema de salud. Curiosamente, la manifestaci\u00f3n de este agradecimiento no guarda relaci\u00f3n con la complejidad del tratamiento aplicado ni de las horas invertidas en la consulta o en [&hellip;]<\/p>\n","protected":false},"author":24,"featured_media":0,"comment_status":"open","ping_status":"open","sticky":false,"template":"","format":"standard","meta":[],"categories":[19],"tags":[],"_links":{"self":[{"href":"https:\/\/blogs.laverdad.es\/musicainesperada\/wp-json\/wp\/v2\/posts\/323"}],"collection":[{"href":"https:\/\/blogs.laverdad.es\/musicainesperada\/wp-json\/wp\/v2\/posts"}],"about":[{"href":"https:\/\/blogs.laverdad.es\/musicainesperada\/wp-json\/wp\/v2\/types\/post"}],"author":[{"embeddable":true,"href":"https:\/\/blogs.laverdad.es\/musicainesperada\/wp-json\/wp\/v2\/users\/24"}],"replies":[{"embeddable":true,"href":"https:\/\/blogs.laverdad.es\/musicainesperada\/wp-json\/wp\/v2\/comments?post=323"}],"version-history":[{"count":0,"href":"https:\/\/blogs.laverdad.es\/musicainesperada\/wp-json\/wp\/v2\/posts\/323\/revisions"}],"wp:attachment":[{"href":"https:\/\/blogs.laverdad.es\/musicainesperada\/wp-json\/wp\/v2\/media?parent=323"}],"wp:term":[{"taxonomy":"category","embeddable":true,"href":"https:\/\/blogs.laverdad.es\/musicainesperada\/wp-json\/wp\/v2\/categories?post=323"},{"taxonomy":"post_tag","embeddable":true,"href":"https:\/\/blogs.laverdad.es\/musicainesperada\/wp-json\/wp\/v2\/tags?post=323"}],"curies":[{"name":"wp","href":"https:\/\/api.w.org\/{rel}","templated":true}]}}