{"id":328,"date":"2014-03-01T22:19:52","date_gmt":"2014-03-01T22:19:52","guid":{"rendered":"http:\/\/blogs.laverdad.es\/musicainesperada\/?p=328"},"modified":"2014-03-01T22:19:52","modified_gmt":"2014-03-01T22:19:52","slug":"el-potencial-expresivo-del-contrabajo","status":"publish","type":"post","link":"https:\/\/blogs.laverdad.es\/musicainesperada\/2014\/03\/01\/el-potencial-expresivo-del-contrabajo\/","title":{"rendered":"El potencial expresivo del contrabajo"},"content":{"rendered":"<p><a href=\"\/musicainesperada\/wp-content\/uploads\/sites\/23\/2014\/03\/Foto-Pablo.jpg\"><img loading=\"lazy\" class=\"aligncenter size-full wp-image-329\" title=\"Foto Pablo\" src=\"\/musicainesperada\/wp-content\/uploads\/sites\/23\/2014\/03\/Foto-Pablo.jpg\" alt=\"\" width=\"286\" height=\"467\" srcset=\"https:\/\/static-blogs.laverdad.es\/wp-content\/uploads\/sites\/23\/2014\/03\/Foto-Pablo.jpg 286w, https:\/\/static-blogs.laverdad.es\/wp-content\/uploads\/sites\/23\/2014\/03\/Foto-Pablo-184x300.jpg 184w\" sizes=\"(max-width: 286px) 100vw, 286px\" \/><\/a><\/p>\n<p>&nbsp;<\/p>\n<p>Como dice el maestro <strong>Josep Fuster<\/strong>, un buen m\u00fasico debe llevar su intrumento por dentro. Para comunicar una idea musical, entre otras cosas,\u00a0<span style=\"font-size: 13px;\">es b\u00e1sico\u00a0<\/span><span style=\"font-size: 13px;\">interiorizarla antes de expresarla con naturalidad.<\/span><\/p>\n<p><span style=\"font-size: 13px;\">En<em><strong> &#8220;M\u00fasica inesperada&#8221;<\/strong><\/em> trato de hablarles sobre buenos m\u00fasicos, insistiendo en sus experiencias profesionales y en c\u00f3mo recuerdan su periodo formativo. Esta semana tengo el placer de presentarles a <strong>Pablo Orenes Fern\u00e1ndez<\/strong> (Murcia, 1984), contrabajista que ha completado estudios y desarrollado parte de su profesi\u00f3n \u00a0en una ciudad tan cultural como lo es Londres.<\/span><\/p>\n<p>Pablo tras su paso por los conservatorios <em><strong>Profesional de M\u00fasica y Superior de M\u00fasica de Murcia<\/strong><\/em> bajo la supervisi\u00f3n del profesor <strong>David Monrabal Garc\u00ed<\/strong>a, ingresa en 2009 en la prestigiosa <em><strong>Guildhall School of Music and Drama de Londres<\/strong><\/em> y recibe las ense\u00f1anzas del profesor <strong>Rinat Ibragimov<\/strong>, primer contrabajo de la <em><strong>London Symphony Orchestra<\/strong><\/em> y reputado solista internacional. Tambi\u00e9n ha sido muy importante para Pablo Orenes la formaci\u00f3n recibida de <strong>Evgeny Kosolov<\/strong> del <strong>Conservatorio Tchaikovsky de Mosc\u00fa.<\/strong><\/p>\n<p>Este joven murciano ha interpretado m\u00fasica en numerosas formaciones entre las que destacan la\u00a0<span style=\"font-size: 13px;\"><em><strong>Orquesta de J\u00f3venes de la Regi\u00f3n de Murcia<\/strong><\/em>, la<em><strong> Orquesta Sinf\u00f3nica de la Regi\u00f3n de Murcia, Il Concerto Accademico,<\/strong><\/em> la <em><strong>JONC Filarmon\u00eda<\/strong><\/em>, la <em><strong>Guildhall Symphony Orchestra,<\/strong><\/em> la <em><strong>Nederlands Philharmonisch Orkest<\/strong><\/em>, la <em><strong>Orchestra dell\u2019 Ente Concerti\u00a0Marialisa\u00a0de\u00a0Carolis<\/strong><\/em> y la <strong><em>Southbank Sinfonia<\/em><\/strong>. Sobre esta \u00faltima orquesta,<strong> Pablo<\/strong> nos cuenta como le sorprendi\u00f3 el &#8220;hambre de m\u00fasica&#8221; de sus compa\u00f1eros: <em>&#8220;A\u00a0<\/em><\/span><em><span style=\"font-size: 13px;\">pesar del gran volumen de trabajo, los m\u00fasicos se quedaban despu\u00e9<\/span><span style=\"font-size: 13px;\">s de la jornada de ensayo para seguir tocando en grupos de c\u00e1mara. Adem\u00e1s, algunos ten\u00edan una\u00a0<\/span><span style=\"font-size: 13px;\">actividad paralela en otros g\u00e9neros musicales distintos de la cl\u00e1sica&#8221;.\u00a0<\/span><\/em><\/p>\n<p>Sobre su incorporaci\u00f3n a la <em><strong>Southbank Sinfonia<\/strong><\/em>, este contrabajista comenta que: <em>&#8220;En el<span style=\"font-size: 13px;\">\u00a0proceso de selecci\u00f3n de solicitudes s<\/span><span style=\"font-size: 13px;\">e valoran mucho m\u00e1s las ideas expresadas en la carta de motivaci\u00f3n que el curriculum vitae. Luego hay que tocar en una audici\u00f3n, lo que puede ser la parte m\u00e1s \u00abcomplicada\u00bb y, por \u00faltimo, realizar la entrevista\u00a0con el director art\u00edstico y el manager general.&#8221;<\/span><\/em><\/p>\n<p>El d\u00eda a d\u00eda en Londres no deja tiempo para &#8220;el relajante t\u00e9 de las cinco&#8221;. <strong>Orenes<\/strong> recuerda <em>&#8220;la intensa\u00a0<span style=\"font-size: 13px;\">actividad de una jornada de trabajo. Se comenzaba a las 9.45 y se hac\u00edan dos sesiones \u00a0de tres horas\u00a0<\/span><span style=\"font-size: 13px;\">de ensayo,\u00a0<\/span><span style=\"font-size: 13px;\">con treinta minutos de descanso en cada una y la pausa de una hora para comer. Era bastante habitual ensayar varios programas en una misma semana, ya que los jueves hab\u00eda concierto en iglesia de St. John&#8217;s Waterloo y los fines de semana se actuaba en otras salas de Londres \u00a0o en otras partes del pa\u00eds.&#8221;<\/span><\/em><\/p>\n<p><span style=\"font-size: 13px;\">En cuanto a la organizaci\u00f3n interna de la orquesta, <strong>Pablo<\/strong> nos dice que<em> &#8220;los puestos de concertino y de jefe de cada secci\u00f3n van rotando. Esto, al principio puede sonar extra\u00f1o, pero ayuda mucho a crear \u00absecci\u00f3n\u00bb. Esta manera de trabajar en equipo es muy interesante, ya que la rotaci\u00f3n por todos los puestos da una visi\u00f3n mucho m\u00e1s completa y permite realizar el mismo trabajo desde diferentes perspectivas. La reflexi\u00f3n sobre el papel que desempe\u00f1a el \u00faltimo contrabajo para mejorar al grupo o sobre lo que puede aportar el primer atril para que el conjunto sea m\u00e1s s\u00f3lido, enriquece mucho al m\u00fasico.&#8221; \u00a0<\/em><\/span><\/p>\n<p>Les recomiendo un v\u00eddeo de la <em><strong>Southbank Sinfonie<\/strong><\/em> interpretando la <em><strong>&#8220;Rhapsody in blue&#8221;<\/strong><\/em> de <strong>Gershwin<\/strong>. Es fant\u00e1stico disfrutar de tan buena m\u00fasica y de tan buenos m\u00fasicos como Pablo Orenes. Otro d\u00eda hablaremos \u00a0sobre <strong>Rinat Ibragimov<\/strong>, su maestro.<\/p>\n<p>&nbsp;<\/p>\n<p><iframe loading=\"lazy\" src=\"\/\/www.youtube.com\/embed\/SlBLS-HL1g8\" frameborder=\"0\" width=\"560\" height=\"315\"><\/iframe><\/p>\n","protected":false},"excerpt":{"rendered":"<p>&nbsp; Como dice el maestro Josep Fuster, un buen m\u00fasico debe llevar su intrumento por dentro. Para comunicar una idea musical, entre otras cosas,\u00a0es b\u00e1sico\u00a0interiorizarla antes de expresarla con naturalidad. En &#8220;M\u00fasica inesperada&#8221; trato de hablarles sobre buenos m\u00fasicos, insistiendo en sus experiencias profesionales y en c\u00f3mo recuerdan su periodo formativo. Esta semana tengo el [&hellip;]<\/p>\n","protected":false},"author":24,"featured_media":0,"comment_status":"open","ping_status":"open","sticky":false,"template":"","format":"standard","meta":[],"categories":[5],"tags":[],"_links":{"self":[{"href":"https:\/\/blogs.laverdad.es\/musicainesperada\/wp-json\/wp\/v2\/posts\/328"}],"collection":[{"href":"https:\/\/blogs.laverdad.es\/musicainesperada\/wp-json\/wp\/v2\/posts"}],"about":[{"href":"https:\/\/blogs.laverdad.es\/musicainesperada\/wp-json\/wp\/v2\/types\/post"}],"author":[{"embeddable":true,"href":"https:\/\/blogs.laverdad.es\/musicainesperada\/wp-json\/wp\/v2\/users\/24"}],"replies":[{"embeddable":true,"href":"https:\/\/blogs.laverdad.es\/musicainesperada\/wp-json\/wp\/v2\/comments?post=328"}],"version-history":[{"count":0,"href":"https:\/\/blogs.laverdad.es\/musicainesperada\/wp-json\/wp\/v2\/posts\/328\/revisions"}],"wp:attachment":[{"href":"https:\/\/blogs.laverdad.es\/musicainesperada\/wp-json\/wp\/v2\/media?parent=328"}],"wp:term":[{"taxonomy":"category","embeddable":true,"href":"https:\/\/blogs.laverdad.es\/musicainesperada\/wp-json\/wp\/v2\/categories?post=328"},{"taxonomy":"post_tag","embeddable":true,"href":"https:\/\/blogs.laverdad.es\/musicainesperada\/wp-json\/wp\/v2\/tags?post=328"}],"curies":[{"name":"wp","href":"https:\/\/api.w.org\/{rel}","templated":true}]}}