{"id":33,"date":"2013-02-04T22:18:36","date_gmt":"2013-02-04T22:18:36","guid":{"rendered":"http:\/\/blogs.laverdad.es\/musicainesperada\/?p=33"},"modified":"2013-02-04T22:18:36","modified_gmt":"2013-02-04T22:18:36","slug":"el-destino-siempre-llama-dos-veces","status":"publish","type":"post","link":"https:\/\/blogs.laverdad.es\/musicainesperada\/2013\/02\/04\/el-destino-siempre-llama-dos-veces\/","title":{"rendered":"El Destino siempre llama dos veces."},"content":{"rendered":"<p>La fascinaci\u00f3n de Beethoven por el Destino se consolida en su sinfon\u00eda n\u00ba 5. La c\u00e9lebre c\u00e9lula de 4 notas (tres veces sol en corcheas y un mi bemol en blanca) que abre el primer movimiento de esta obra es el tema m\u00e1s famoso de la historia de la m\u00fasica. Beethoven dice sobre \u00e9l: \u201cSo pocht das Schicksal an die Pforte\u201d (\u201cAs\u00ed golpea el destino en la puerta\u201d).<\/p>\n<p>Este genial compositor consigue \u201cincomodarnos\u201d en esta sinfon\u00eda desde el principio. No s\u00f3lo imprime un car\u00e1cter interrogativo al tema inicial, sino que crea m\u00e1xima incertidumbre al ser imposible determinar el tono musical del inicio (Si bemol mayor, Mi bemol mayor o Do menor). Beethoven, sin\u00a0 consolidar el tema en una melod\u00eda \u201ccantabile\u201d, lo va modificando a lo largo de toda la sinfon\u00eda \u00a0otorg\u00e1ndole un car\u00e1cter omnipresente. As\u00ed, esta famosa c\u00e9lula se reconoce de manera inconfundible en el Scherzo (3\u00ba movimiento) y en los acentos r\u00edtmicos de los bajos en el 4\u00ba movimiento. Si se agudiza el o\u00eddo, tambi\u00e9n se reconoce durante el 2\u00ba movimiento, en un pasaje secreto de las violas.<\/p>\n<p>Les adjunto un v\u00eddeo de una versi\u00f3n de absoluta referencia: Carlos Kleiber y la Filarm\u00f3nica de Viena. Colecci\u00f3n \u201cLos Originales\u201d del sello Deutsche Gramophon.<\/p>\n<p>Si el Destino golpea en su puerta y se lo puede permitir, disfrute de esta m\u00fasica en directo.<\/p>\n<p>&nbsp;<\/p>\n<p>Abono Beethoven: Sinfon\u00edas 5\u00aa y 6\u00aa. Orquesta Sinf\u00f3nica de la Regi\u00f3n de Murcia. Directora musical: Virginia Mart\u00ednez. Mi\u00e9rcoles 6 a las 20:30 h en el Auditorio el Batel de Cartagena y Jueves 7 a las 20h en el Auditorio V\u00edctor Villegas de Murcia. Charla sobre el concierto 45 minutos antes, aproximadamente.<br \/>\n<iframe loading=\"lazy\" src=\"\/\/www.youtube.com\/embed\/RqsT00B0ttI\" frameborder=\"0\" width=\"420\" height=\"315\"><\/iframe><\/p>\n","protected":false},"excerpt":{"rendered":"<p>La fascinaci\u00f3n de Beethoven por el Destino se consolida en su sinfon\u00eda n\u00ba 5. La c\u00e9lebre c\u00e9lula de 4 notas (tres veces sol en corcheas y un mi bemol en blanca) que abre el primer movimiento de esta obra es el tema m\u00e1s famoso de la historia de la m\u00fasica. Beethoven dice sobre \u00e9l: \u201cSo [&hellip;]<\/p>\n","protected":false},"author":24,"featured_media":0,"comment_status":"open","ping_status":"closed","sticky":false,"template":"","format":"standard","meta":[],"categories":[19],"tags":[],"_links":{"self":[{"href":"https:\/\/blogs.laverdad.es\/musicainesperada\/wp-json\/wp\/v2\/posts\/33"}],"collection":[{"href":"https:\/\/blogs.laverdad.es\/musicainesperada\/wp-json\/wp\/v2\/posts"}],"about":[{"href":"https:\/\/blogs.laverdad.es\/musicainesperada\/wp-json\/wp\/v2\/types\/post"}],"author":[{"embeddable":true,"href":"https:\/\/blogs.laverdad.es\/musicainesperada\/wp-json\/wp\/v2\/users\/24"}],"replies":[{"embeddable":true,"href":"https:\/\/blogs.laverdad.es\/musicainesperada\/wp-json\/wp\/v2\/comments?post=33"}],"version-history":[{"count":0,"href":"https:\/\/blogs.laverdad.es\/musicainesperada\/wp-json\/wp\/v2\/posts\/33\/revisions"}],"wp:attachment":[{"href":"https:\/\/blogs.laverdad.es\/musicainesperada\/wp-json\/wp\/v2\/media?parent=33"}],"wp:term":[{"taxonomy":"category","embeddable":true,"href":"https:\/\/blogs.laverdad.es\/musicainesperada\/wp-json\/wp\/v2\/categories?post=33"},{"taxonomy":"post_tag","embeddable":true,"href":"https:\/\/blogs.laverdad.es\/musicainesperada\/wp-json\/wp\/v2\/tags?post=33"}],"curies":[{"name":"wp","href":"https:\/\/api.w.org\/{rel}","templated":true}]}}