{"id":331,"date":"2014-03-08T00:16:53","date_gmt":"2014-03-08T00:16:53","guid":{"rendered":"http:\/\/blogs.laverdad.es\/musicainesperada\/?p=331"},"modified":"2014-03-08T00:16:53","modified_gmt":"2014-03-08T00:16:53","slug":"la-pianista-ejemplar","status":"publish","type":"post","link":"https:\/\/blogs.laverdad.es\/musicainesperada\/2014\/03\/08\/la-pianista-ejemplar\/","title":{"rendered":"La pianista ejemplar"},"content":{"rendered":"<p style=\"text-align: center;\"><a href=\"\/musicainesperada\/wp-content\/uploads\/sites\/23\/2014\/03\/KETA-collage.jpg\"><img loading=\"lazy\" class=\"aligncenter  wp-image-332\" title=\"KETA collage\" src=\"\/musicainesperada\/wp-content\/uploads\/sites\/23\/2014\/03\/KETA-collage.jpg\" alt=\"\" width=\"640\" height=\"162\" srcset=\"https:\/\/static-blogs.laverdad.es\/wp-content\/uploads\/sites\/23\/2014\/03\/KETA-collage.jpg 1000w, https:\/\/static-blogs.laverdad.es\/wp-content\/uploads\/sites\/23\/2014\/03\/KETA-collage-300x76.jpg 300w, https:\/\/static-blogs.laverdad.es\/wp-content\/uploads\/sites\/23\/2014\/03\/KETA-collage-768x195.jpg 768w\" sizes=\"(max-width: 640px) 100vw, 640px\" \/><\/a><\/p>\n<p style=\"text-align: left;\">\n<p style=\"text-align: left;\"><span style=\"font-size: 13px;\">Hoy s\u00e1bado es el d\u00eda de la mujer trabajadora. Por ello, en este post, rindo un homenaje especial a una gran compositora, pianista\u00a0 y profesora de m\u00fasica de nuestra ciudad. Compaginar la pasi\u00f3n por la m\u00fasica, la dedicaci\u00f3n a la ense\u00f1anza y la atenci\u00f3n a una familia numerosa no es una tarea nada sencilla.<\/span><\/p>\n<p><strong>Enriqueta Moya G\u00f3mez<\/strong>, <strong>\u201cKeta\u201d<\/strong>, empez\u00f3 a tocar el piano en su Orihuela natal a los once a\u00f1os y complet\u00f3 sus estudios en el <em><strong>Conservatorio Superior de M\u00fasica de Murcia<\/strong><\/em>:<em> \u201cComenc\u00e9 por pura vocaci\u00f3n ya que no ten\u00eda familiares m\u00fasicos. En la \u00e9poca en la que casi todas las ni\u00f1as estudiaban piano, mi madre no pudo hacerlo por problemas de movilidad en un brazo como consecuencia de una enfermedad infantil. Su mayor ilusi\u00f3n era que sus hijas tocaran el piano. Finalmente, mi hermana <strong>Mar\u00eda<\/strong> no termin\u00f3 la carrera, pero ten\u00eda muy buen o\u00eddo y mucha facilidad para este instrumento\u201d.<\/em><\/p>\n<p>Madre de seis hijos, inaugura en 1983, en la calle Frutos Baeza, la <em><strong>Academia de M\u00fasica KETA<\/strong><\/em>\u00a0y, aunque ahora la regenta su hija <strong>Vanessa<\/strong>, es rara la ma\u00f1ana que\u00a0<strong>Keta<\/strong>\u00a0no se da una vuelta por all\u00ed: <em>\u201cMe encanta la docencia. He tenido muchos alumnos, tanto adultos como peque\u00f1os. Algunos de esos ni\u00f1os hoy ejercen la medicina o son abogados, pero tambi\u00e9n hay directores de orquesta y profesores de piano. Los mi\u00e9rcoles por la tarde soy una alumna m\u00e1s, ya que estoy aprendiendo a tocar el viol\u00edn\u201d.<\/em><\/p>\n<p><strong>Keta Moya<\/strong> no sabe con exactitud cu\u00e1ntas composiciones ha creado entre ciclos y obras sueltas. Entre los \u00e1lbumes de piezas musicales que ha compuesto, destacan <strong><em>\u201cLa Navidad en concierto\u201d<\/em><\/strong>, <em><strong>\u201cCon toques de Romanticismo\u201d<\/strong><\/em>, <strong><em>\u201cInspiraci\u00f3n de poeta\u201d<\/em><\/strong>, <em><strong>\u201cVida y F\u00e9\u201d<\/strong><\/em>, <strong><em>\u201cA\u00f1oranzas y recuerdos\u201d<\/em><\/strong> y <em><strong>\u201cHomenaje a Mozart\u201d<\/strong><\/em>, entre otros.<\/p>\n<p>La actividad musical de <strong>Keta<\/strong> como concertista es abrumadora. Ha interpretado obras en las principales salas de la Regi\u00f3n de Murcia, Barcelona y Alicante. Colabora regularmente con la <em><strong>Fundaci\u00f3n FADE<\/strong><\/em> y participa en distintas actividades de car\u00e1cter ben\u00e9fico. Su pr\u00f3ximo proyecto es un recital de piano y casta\u00f1uelas del 20 de marzo en Cajamurcia dentro del programa <strong><em>\u201cCon sonidos de Cuaresma\u201d<\/em><\/strong> en el que participa <strong>Mar\u00eda Dolores Moreno<\/strong>: <em>\u201cEste a\u00f1o interpretar\u00e9 una bonita pieza musical de estreno que he compuesto para el Cristo del Amparo\u201d.<\/em><\/p>\n<p><strong>Keta Moya<\/strong> que est\u00e1 debidamente reconocida como compositora de nuestra regi\u00f3n en los libros de texto de los colegios e institutos, cre\u00f3 en 2010 el himno del <em><strong>Instituto de Ense\u00f1anza Secundaria Juan Carlos I<\/strong><\/em> y ha escrito guiones de teatro como son <em><strong>\u201cFederico y su duende\u201d<\/strong><\/em>, <em><strong>\u201cLa mirada de un siglo\u201d<\/strong><\/em> y la ya comentada <strong><em>\u201cInspiraci\u00f3n de poeta\u201d<\/em><\/strong>: <em>\u201cEstas obras han sido fruto de mi colaboraci\u00f3n con la compa\u00f1\u00eda <strong>AFTALIA<\/strong> cuya directora, <strong>Inma Mart\u00edn<\/strong>, ha sido una persona clave en muchos proyectos y actuaciones\u201d.<\/em><\/p>\n<p>La pianista oriolana nos comenta que en su m\u00fasica se nota <em>\u201cla influencia afrocubana y la andaluza, especialmente en los ritmos ternarios y sincopados de las habaneras y guajiras. Mis ra\u00edces cubanas y andaluzas se dejan ver continuamente en mis composiciones. Cultivo el poema sinf\u00f3nico y me inspiro en el mundo de la naturaleza y en la poes\u00eda, sin dedicarme a ning\u00fan autor en particular.\u201d<\/em><\/p>\n<p style=\"text-align: left;\"><strong>Keta<\/strong> es una mujer admirable y un modelo de dedicaci\u00f3n, educaci\u00f3n, sencillez, sabidur\u00eda y bondad. Los que hemos aprendido y seguimos aprendiendo de sus ense\u00f1anzas y ejemplo, lo sabemos de primera mano.<\/p>\n","protected":false},"excerpt":{"rendered":"<p>Hoy s\u00e1bado es el d\u00eda de la mujer trabajadora. Por ello, en este post, rindo un homenaje especial a una gran compositora, pianista\u00a0 y profesora de m\u00fasica de nuestra ciudad. Compaginar la pasi\u00f3n por la m\u00fasica, la dedicaci\u00f3n a la ense\u00f1anza y la atenci\u00f3n a una familia numerosa no es una tarea nada sencilla. Enriqueta [&hellip;]<\/p>\n","protected":false},"author":24,"featured_media":0,"comment_status":"open","ping_status":"open","sticky":false,"template":"","format":"standard","meta":[],"categories":[11],"tags":[],"_links":{"self":[{"href":"https:\/\/blogs.laverdad.es\/musicainesperada\/wp-json\/wp\/v2\/posts\/331"}],"collection":[{"href":"https:\/\/blogs.laverdad.es\/musicainesperada\/wp-json\/wp\/v2\/posts"}],"about":[{"href":"https:\/\/blogs.laverdad.es\/musicainesperada\/wp-json\/wp\/v2\/types\/post"}],"author":[{"embeddable":true,"href":"https:\/\/blogs.laverdad.es\/musicainesperada\/wp-json\/wp\/v2\/users\/24"}],"replies":[{"embeddable":true,"href":"https:\/\/blogs.laverdad.es\/musicainesperada\/wp-json\/wp\/v2\/comments?post=331"}],"version-history":[{"count":0,"href":"https:\/\/blogs.laverdad.es\/musicainesperada\/wp-json\/wp\/v2\/posts\/331\/revisions"}],"wp:attachment":[{"href":"https:\/\/blogs.laverdad.es\/musicainesperada\/wp-json\/wp\/v2\/media?parent=331"}],"wp:term":[{"taxonomy":"category","embeddable":true,"href":"https:\/\/blogs.laverdad.es\/musicainesperada\/wp-json\/wp\/v2\/categories?post=331"},{"taxonomy":"post_tag","embeddable":true,"href":"https:\/\/blogs.laverdad.es\/musicainesperada\/wp-json\/wp\/v2\/tags?post=331"}],"curies":[{"name":"wp","href":"https:\/\/api.w.org\/{rel}","templated":true}]}}