{"id":338,"date":"2014-03-19T09:10:37","date_gmt":"2014-03-19T09:10:37","guid":{"rendered":"http:\/\/blogs.laverdad.es\/musicainesperada\/?p=338"},"modified":"2014-03-19T09:10:37","modified_gmt":"2014-03-19T09:10:37","slug":"la-caricia-de-dios","status":"publish","type":"post","link":"https:\/\/blogs.laverdad.es\/musicainesperada\/2014\/03\/19\/la-caricia-de-dios\/","title":{"rendered":"La caricia de Dios"},"content":{"rendered":"<p><a href=\"\/musicainesperada\/wp-content\/uploads\/sites\/23\/2014\/03\/Foto-narciso.png\"><img loading=\"lazy\" class=\"aligncenter size-full wp-image-339\" title=\"Foto narciso\" src=\"\/musicainesperada\/wp-content\/uploads\/sites\/23\/2014\/03\/Foto-narciso.png\" alt=\"\" width=\"255\" height=\"198\" \/><\/a><\/p>\n<p><span style=\"font-family: Calibri; font-size: medium;\">Esta es la expresi\u00f3n con la que el guitarrista <strong>Narciso Yepes<\/strong> (1927-1997) intu\u00eda lo que era el Arte. El c\u00e9lebre m\u00fasico lorquino confes\u00f3 haber recibido el \u201cDon\u201d de la m\u00fasica y que, con la mayor humildad, lo pondr\u00eda al servicio de los dem\u00e1s. La m\u00fasica que escribi\u00f3 y transmiti\u00f3 para nuestro deleite, era lo que m\u00e1s lo acercaba a <strong>Dios<\/strong>, por ser \u00e9l \u00fanico capaz de\u00a0compartir con <strong>Narciso<\/strong>\u00a0los peque\u00f1os detalles y circunstancias\u00a0de cada interpretaci\u00f3n suya.<\/span><\/p>\n<p><span style=\"font-family: Calibri; font-size: medium;\">Precisamente he elegido el d\u00eda 19 de marzo para hablar de<strong> Narciso<\/strong>, un aut\u00e9ntico padre de la m\u00fasica, ya que ma\u00f1ana se cumplen 50 a\u00f1os desde que debut\u00f3 mundialmente en Berl\u00edn con la guitarra de diez cuerdas. <\/span><\/p>\n<p><span style=\"font-family: Calibri; font-size: medium;\">La idea de incorporar la guitarra de diez cuerdas a la sala de conciertos la tiene &#8220;in mente&#8221; <strong>Narciso Yepes<\/strong> tiempo antes y por ello encarga al taller del luthier <strong>Ram\u00edrez III<\/strong> su fabricaci\u00f3n.\u00a0El 1 de marzo de 1964 le entregaron\u00a0la primera guitarra de estas caracter\u00edsticas\u00a0y en unas semanas ya dominaba el instrumento para tocarlo con maestr\u00eda ante el p\u00fablico. He tenido la oportunidad de hablar con <strong>Marysia Yepes<\/strong>, la mujer\u00a0del c\u00e9lebre guitarrista\u00a0y la persona m\u00e1s importante en su vida: <em>\u201cRealmente Jos\u00e9 Ram\u00edrez no estaba decidido a hacer la guitarra, as\u00ed que fue su primer oficial, Paulino Bernab\u00e9, el que hizo todas las guitarras. M\u00e1s tarde, Ignacio Fleta, lutier de Barcelona, le hizo una segunda guitarra que no era muy adecuada para climas secos. Probablemente este problema se deb\u00eda a que Fleta no ten\u00eda el secador de madera adecuado y su guitarra s\u00f3lo funcionaba bien en ambientes h\u00famedos. El clima seco las agrietaba y curvaba el m\u00e1stil unos mil\u00edmetros\u201d.<\/em><\/span><\/p>\n<p><span style=\"font-family: Calibri; font-size: medium;\">Imagino la emoci\u00f3n con la que <strong>Narciso Yepes<\/strong> recibi\u00f3 su nueva guitarra de diez cuerdas y las sensaciones que sinti\u00f3 ante la proximidad de su inmediato concierto veinte d\u00edas despu\u00e9s con la<strong><em> Filarm\u00f3nica de Berl\u00edn<\/em><\/strong> en la <strong><em>Hoch Schulle f\u00fcr Musik<\/em><\/strong> de la capital alemana. <strong>Marysia<\/strong> nos cuenta que <em>\u201cestaba ilusionad\u00edsimo. Trabaj\u00f3 mucho para probar las sonoridades y los efectos de apagar las cuerdas. Recuerdo que en la noche del 15 de marzo invit\u00f3 a algunos amigos a casa y les pidi\u00f3 opini\u00f3n sobre que guitarra emplear para su concierto de Berl\u00edn. All\u00ed estaban el pintor Pepe Escassi, el arquitecto Garc\u00eda Paredes, el cr\u00edtico Enrique Franco\u00a0 con su esposa, el compositor y director Od\u00f3n Alonso con su mujer y el pianista Pepe Tordesillas con su mujer. Narciso se situ\u00f3 tras una cortina y toc\u00f3 con la guitarra de seis y con la de diez cuerdas. La respuesta fue un\u00e1nime y todos eligieron la nueva guitarra.\u201d<\/em><\/span><\/p>\n<p><span style=\"font-family: Calibri; font-size: medium;\">El \u00e9xito del concierto con la <strong><em>Filarm\u00f3nica de Berl\u00edn<\/em><\/strong> fue enorme. Todo el mundo preguntaba sobre la guitarra y <strong>Narciso Yepes<\/strong> no volvi\u00f3 a tocar en concierto con la guitarra de seis cuerdas. Para \u00e9l, la nueva guitarra ten\u00eda grandes ventajas, entre ellas, \u00a0el equilibrio de las resonancias y la posibilidad de interpretar el repertorio escrito para la\u00fad y vihuela sin necesidad de transcribirlo.<\/span><\/p>\n<p><span style=\"font-family: Calibri; font-size: medium;\">Sin embargo, la respuesta de los dem\u00e1s m\u00fasicos no se hizo esperar. <strong>Marysia<\/strong> nos cuenta que <em>\u201clos dem\u00e1s guitarristas consideraban el instrumento de diez cuerdas como una excentricidad. Andr\u00e9s Segovia se lo tom\u00f3 a burla y llamaba \u00abDon Guitarr\u00f3n\u00bb a Narciso, pero \u00e9l no hac\u00eda ni caso, no le preocupaba en absoluto la reacci\u00f3n de los dem\u00e1s.\u201d<\/em><\/span><\/p>\n<p><span style=\"font-family: Calibri; font-size: medium;\"><strong>Narciso Yepes<\/strong> fue un m\u00fasico de primer nivel y el m\u00fasico murciano con m\u00e1s proyecci\u00f3n universal. Murcia y su Lorca natal han honrado parcialmente su memoria, ya que, hasta la fecha, su importante legado art\u00edstico no ha sido debidamente custodiado. \u00a0Adem\u00e1s de la experiencia con la guitarra de diez cuerdas, el m\u00fasico murciano grab\u00f3 m\u00e1s de cien discos de m\u00fasica cl\u00e1sica y realiz\u00f3 importantes innovaciones t\u00e9cnicas a la guitarra, como la ejecuci\u00f3n de escalas, la postura y posici\u00f3n de la guitarra, la producci\u00f3n de arm\u00f3nicos, la utilizaci\u00f3n de los dedos y la versatilidad en las acentuaciones, entre otros.<\/span><\/p>\n<p><span style=\"font-family: Calibri; font-size: medium;\">No es dif\u00edcil imaginar que si el origen de <strong>Narciso Yepes<\/strong> hubiese sido madrile\u00f1o, vasco, valenciano, andaluz, franc\u00e9s o alem\u00e1n, por citar algunos ejemplos, hace a\u00f1os que ya existir\u00eda en Murcia una fundaci\u00f3n con su nombre para conservar y divulgar su importante legado.<\/span><\/p>\n<p><span style=\"font-family: Calibri; font-size: medium;\">Afortunadamente, todav\u00eda estamos a tiempo de hacerlo en este aniversario tan especial.<\/span><\/p>\n<p><span style=\"font-family: Calibri; font-size: medium;\"> \u00bfHay alg\u00fan voluntario?<\/span><\/p>\n<p><span style=\"font-family: Calibri; font-size: small;\"><span class=\"Apple-style-span\" style=\"-webkit-tap-highlight-color: rgba(26, 26, 26, 0.292969); -webkit-composition-fill-color: rgba(175, 192, 227, 0.230469); -webkit-composition-frame-color: rgba(77, 128, 180, 0.230469);\"><br \/>\n<\/span><\/span><\/p>\n","protected":false},"excerpt":{"rendered":"<p>Esta es la expresi\u00f3n con la que el guitarrista Narciso Yepes (1927-1997) intu\u00eda lo que era el Arte. El c\u00e9lebre m\u00fasico lorquino confes\u00f3 haber recibido el \u201cDon\u201d de la m\u00fasica y que, con la mayor humildad, lo pondr\u00eda al servicio de los dem\u00e1s. La m\u00fasica que escribi\u00f3 y transmiti\u00f3 para nuestro deleite, era lo que [&hellip;]<\/p>\n","protected":false},"author":24,"featured_media":0,"comment_status":"open","ping_status":"open","sticky":false,"template":"","format":"standard","meta":[],"categories":[11],"tags":[],"_links":{"self":[{"href":"https:\/\/blogs.laverdad.es\/musicainesperada\/wp-json\/wp\/v2\/posts\/338"}],"collection":[{"href":"https:\/\/blogs.laverdad.es\/musicainesperada\/wp-json\/wp\/v2\/posts"}],"about":[{"href":"https:\/\/blogs.laverdad.es\/musicainesperada\/wp-json\/wp\/v2\/types\/post"}],"author":[{"embeddable":true,"href":"https:\/\/blogs.laverdad.es\/musicainesperada\/wp-json\/wp\/v2\/users\/24"}],"replies":[{"embeddable":true,"href":"https:\/\/blogs.laverdad.es\/musicainesperada\/wp-json\/wp\/v2\/comments?post=338"}],"version-history":[{"count":0,"href":"https:\/\/blogs.laverdad.es\/musicainesperada\/wp-json\/wp\/v2\/posts\/338\/revisions"}],"wp:attachment":[{"href":"https:\/\/blogs.laverdad.es\/musicainesperada\/wp-json\/wp\/v2\/media?parent=338"}],"wp:term":[{"taxonomy":"category","embeddable":true,"href":"https:\/\/blogs.laverdad.es\/musicainesperada\/wp-json\/wp\/v2\/categories?post=338"},{"taxonomy":"post_tag","embeddable":true,"href":"https:\/\/blogs.laverdad.es\/musicainesperada\/wp-json\/wp\/v2\/tags?post=338"}],"curies":[{"name":"wp","href":"https:\/\/api.w.org\/{rel}","templated":true}]}}