{"id":345,"date":"2014-03-30T07:40:54","date_gmt":"2014-03-30T07:40:54","guid":{"rendered":"http:\/\/blogs.laverdad.es\/musicainesperada\/?p=345"},"modified":"2014-03-30T07:40:54","modified_gmt":"2014-03-30T07:40:54","slug":"picasso-en-la-musica","status":"publish","type":"post","link":"https:\/\/blogs.laverdad.es\/musicainesperada\/2014\/03\/30\/picasso-en-la-musica\/","title":{"rendered":"Picasso en la m\u00fasica"},"content":{"rendered":"<p style=\"text-align: left;\"><a href=\"\/musicainesperada\/wp-content\/uploads\/sites\/23\/2014\/03\/Foto-David.jpg\"><img loading=\"lazy\" class=\"aligncenter size-large wp-image-346\" title=\"Foto David\" src=\"\/musicainesperada\/wp-content\/uploads\/sites\/23\/2014\/03\/Foto-David.jpg\" alt=\"\" width=\"617\" height=\"1024\" srcset=\"https:\/\/static-blogs.laverdad.es\/wp-content\/uploads\/sites\/23\/2014\/03\/Foto-David.jpg 1447w, https:\/\/static-blogs.laverdad.es\/wp-content\/uploads\/sites\/23\/2014\/03\/Foto-David-181x300.jpg 181w, https:\/\/static-blogs.laverdad.es\/wp-content\/uploads\/sites\/23\/2014\/03\/Foto-David-768x1274.jpg 768w, https:\/\/static-blogs.laverdad.es\/wp-content\/uploads\/sites\/23\/2014\/03\/Foto-David-617x1024.jpg 617w\" sizes=\"(max-width: 617px) 100vw, 617px\" \/><\/a><\/p>\n<p style=\"text-align: left;\"><span style=\"font-family: Times New Roman; font-size: medium;\">Existen claras similitudes entre las creaciones de un pintor como <strong>Picasso<\/strong> y de un m\u00fasico como <strong>Stravinsky<\/strong>. Como dice <strong>Carlos G\u00f3mez Amat<\/strong> en su libro <strong><em>\u201cNotas para conciertos imaginarios\u201d<\/em><\/strong>, <strong>Picasso<\/strong> y <strong>Stravinsky<\/strong>, con sus personalidades extraordinarias, constituyen por s\u00ed solos sendos movimientos t\u00e9cnicos y est\u00e9ticos. Con su presencia, ambos escandalizaron y asombraron al buen burgu\u00e9s de la \u00e9poca\u00a0y en ning\u00fan momento se dejaron guiar por la opini\u00f3n del entorno. El impulso de sus creaciones proced\u00edan de la propia\u00a0t\u00e9cnica y la intuici\u00f3n.<\/span><\/p>\n<p style=\"text-align: left;\"><span style=\"font-size: medium;\"><span style=\"font-family: Times New Roman;\"><strong>\u00cdgor Stravinsky<\/strong> (1882-1971), es un compositor que escapa\u00a0a cualquier\u00a0intento de clasificarlo. Aunque fue considerado un destructor y un revolucionario, \u00e9l consideraba que el arte es constructivo por esencia y lo contrapon\u00eda al caos. El padre de <strong>\u00cdgor<\/strong> era cantante de \u00f3pera y deseaba para su hijo una profesi\u00f3n m\u00e1s estable. Por ello, el joven ruso no se dedic\u00f3 seriamente a la m\u00fasica hasta que falleci\u00f3 su progenitor. En 1909, <strong>Diaguilev<\/strong> \u2013 padre de los ballets rusos \u2013 asiste a la representaci\u00f3n de su obra <strong><em>Fuegos artificiales<\/em><\/strong> y queda impresionado con esta m\u00fasica tan nueva e inquietante, por lo que le encarga la composici\u00f3n de la m\u00fasica del ballet <strong><em>El p\u00e1jaro de fuego<\/em><\/strong>.<\/span><\/span><\/p>\n<p style=\"text-align: left;\"><span style=\"font-size: medium;\"><span style=\"font-family: Times New Roman;\"><strong><em>El p\u00e1jaro de fuego<\/em><\/strong> es una obra con influencias de la m\u00fasica folkl\u00f3rica rusa y de <strong>Rimski-Korsakov<\/strong>, pero con una brillantez y sonoridad muy originales. Desde 1909, cuando esta obra causa gran sensaci\u00f3n en su estreno parisino, <strong>Stravisnky<\/strong> la dirige durante quince a\u00f1os unas veinte veces al a\u00f1o, \u00a1\u00a1\u00a1 una vez cada dos o tres semanas !!!<\/span><\/span><\/p>\n<p style=\"text-align: left;\"><span style=\"font-size: medium;\"><span style=\"font-family: Times New Roman;\">Para conocer m\u00e1s sobre <strong><em>El p\u00e1jaro de fuego<\/em><\/strong> y su compositor, contamos con la colaboraci\u00f3n de <strong>David L\u00f3pez G\u00f3mez<\/strong>, profesor de flauta y flaut\u00edn de la <strong><em>Orquesta Sinf\u00f3nica de la Regi\u00f3n de Murcia<\/em><\/strong>: <em>\u201cDesde que era peque\u00f1o, Stravinsky es uno de mis compositores preferidos. Recuerdo que mi padre ten\u00eda una cinta de cassette de la Filarm\u00f3nica Checa tocando Petrushka y, desde que la escuch\u00e9 por primera vez, es una de mis obras favoritas. Para m\u00ed, una de las caracter\u00edsticas m\u00e1s importantes de la m\u00fasica de Stravinsky en general y de la suite El p\u00e1jaro de fuego en particular, es la facilidad con la que se asimila desde la primera audici\u00f3n. Adem\u00e1s, cuanto m\u00e1s se profundiza en la pieza, se descubren\u00a0nuevas sonoridades, armon\u00edas y ritmos. Esto explica que la m\u00fasica de Stravinsky llegue con mucha facilidad a un gran n\u00famero de oyente y, al mismo tiempo, sea muy valorada por personas con conocimientos musicales\u201d.<\/em><\/span><\/span><\/p>\n<p style=\"text-align: left;\"><span style=\"font-size: medium;\"><span style=\"font-family: Times New Roman;\">Para este m\u00fasico nacido en Cullera (Valencia), otra de las caracter\u00edsticas m\u00e1s llamativas de <strong>Stravinsky<\/strong> es: <em>\u201cLa capacidad de combinar temas sencillos, como las melod\u00edas de canciones infantiles, con ritmos y armon\u00edas que son muy complicados de interpretar, comprender y apreciar, es\u00a0lo que, en su \u00e9poca, le report\u00f3 cr\u00edticas y alg\u00fan que otro esc\u00e1ndalo en los estrenos de sus obras. En mi opini\u00f3n, es el m\u00fasico que, de una manera m\u00e1s natural y musical, rompe con las normas establecidas en su \u00e9poca y marca el camino a seguir para otros compositores.\u201d<\/em><\/span><\/span><\/p>\n<p style=\"text-align: left;\"><span style=\"font-size: medium;\"><span style=\"font-family: Times New Roman;\"><strong>David <\/strong>finaliz\u00f3 sus estudios en el <strong><em>Conservatorio Superior \u201cJoaqu\u00edn Rodrigo\u201d<\/em><\/strong> de Valencia, y ha colaborado con distintas orquestas nacionales y agrupaciones de m\u00fasica de c\u00e1mara, adem\u00e1s de interpretar como solista obras de <strong>Bach, Mozart y Doppler<\/strong>, entre otros. Para \u00e9l, la importancia del ritmo en la m\u00fasica de <strong>Stravinsky, <\/strong>es que\u00a0la dota de un sello inconfundible y permite que, en sus ballets, exista una perfecta conjunci\u00f3n entre la acci\u00f3n musical y la esc\u00e9nica: <em>\u201cEl sonido Stravinsky es f\u00e1cil de reconocer a pesar de que utiliz\u00f3 diferentes estilos de composici\u00f3n en su carrera. Para un flautista, Stravisnky supone un reto importante, ya que utiliza la familia completa de este instrumento en sus composiciones y siempre de una manera virtuosa. Tocar su m\u00fasica, supone al mismo tiempo placer y exigencia, ya que la dificultad t\u00e9cnica de los pasajes hace que sean muy representativos para un flautista\u201d.<\/em><\/span><\/span><\/p>\n<p style=\"text-align: left;\"><span style=\"font-family: Times New Roman; font-size: medium;\"><strong>David L\u00f3pez<\/strong> nos invita a escuchar en directo la suite de <em><strong>El p\u00e1jaro de fuego <\/strong><\/em>de 1945, ya que: <em>\u201cEs una manera ideal de adentrarse en la m\u00fasica del siglo XX y de Stravinsky, tanto para los oyentes no familiarizados con ella, como para los apasionados por estas obras\u201d. <\/em>Este\u00a0m\u00fasico tiene dos intervenciones destacadas con el flaut\u00edn: Al principio,\u00a0en los pasajes de la danza de El p\u00e1jaro de fuego y posteriormente, en la danza infernal del rey Kastchei. Los reconocer\u00e1n con facilidad, ya que el flaut\u00edn es la voz m\u00e1s aguda de la orquesta.<\/span><\/p>\n<p><span style=\"font-family: Times New Roman; font-size: medium;\">En el libro <strong><em>\u201cMemorias y Comentarios\u201d<\/em><\/strong> del propio <strong>Stravinsky<\/strong> y <strong>Robert Craft<\/strong>, el maestro reconoce que <em><strong>El p\u00e1jaro de fuego<\/strong><\/em>\u00a0fue el pilar de su vida como compositor y la obra que marc\u00f3 su existencia. Si desean regresar al Par\u00eds de hace un siglo y aproximarse al impacto y a la emoci\u00f3n que supuso su estreno, no dejen pasar esta oportunidad \u00fanica.<\/span><\/p>\n<p><span style=\"font-family: Times New Roman; font-size: medium;\">\u00a0<\/span><\/p>\n<p><span style=\"color: #808080;\"><strong><em><span style=\"font-family: Times New Roman; font-size: medium;\">Lunes 31 de marzo, 20 horas. Auditorio V\u00edctor Villegas de Murcia. Jos\u00e9 Peris (Pre\u00e1mbulo para gran orquesta. Saeta y Variaciones sobre un tema de Luys de Mil\u00e1n); Aram Kachaturiam (Adagio de Espartaco y Frigia) y \u00cdgor Stravisnky (El p\u00e1jaro de fuego) . Orquesta Sinf\u00f3nica de la Regi\u00f3n de Murcia. Virginia Mart\u00ednez (direcci\u00f3n musical). Charla preconcierto a las 19 horas. Precio entradas: 20, 16 y 12 euros (consultar descuentos). <\/span><\/em><\/strong><\/span><\/p>\n","protected":false},"excerpt":{"rendered":"<p>Existen claras similitudes entre las creaciones de un pintor como Picasso y de un m\u00fasico como Stravinsky. Como dice Carlos G\u00f3mez Amat en su libro \u201cNotas para conciertos imaginarios\u201d, Picasso y Stravinsky, con sus personalidades extraordinarias, constituyen por s\u00ed solos sendos movimientos t\u00e9cnicos y est\u00e9ticos. Con su presencia, ambos escandalizaron y asombraron al buen burgu\u00e9s [&hellip;]<\/p>\n","protected":false},"author":24,"featured_media":0,"comment_status":"open","ping_status":"open","sticky":false,"template":"","format":"standard","meta":[],"categories":[19],"tags":[],"_links":{"self":[{"href":"https:\/\/blogs.laverdad.es\/musicainesperada\/wp-json\/wp\/v2\/posts\/345"}],"collection":[{"href":"https:\/\/blogs.laverdad.es\/musicainesperada\/wp-json\/wp\/v2\/posts"}],"about":[{"href":"https:\/\/blogs.laverdad.es\/musicainesperada\/wp-json\/wp\/v2\/types\/post"}],"author":[{"embeddable":true,"href":"https:\/\/blogs.laverdad.es\/musicainesperada\/wp-json\/wp\/v2\/users\/24"}],"replies":[{"embeddable":true,"href":"https:\/\/blogs.laverdad.es\/musicainesperada\/wp-json\/wp\/v2\/comments?post=345"}],"version-history":[{"count":0,"href":"https:\/\/blogs.laverdad.es\/musicainesperada\/wp-json\/wp\/v2\/posts\/345\/revisions"}],"wp:attachment":[{"href":"https:\/\/blogs.laverdad.es\/musicainesperada\/wp-json\/wp\/v2\/media?parent=345"}],"wp:term":[{"taxonomy":"category","embeddable":true,"href":"https:\/\/blogs.laverdad.es\/musicainesperada\/wp-json\/wp\/v2\/categories?post=345"},{"taxonomy":"post_tag","embeddable":true,"href":"https:\/\/blogs.laverdad.es\/musicainesperada\/wp-json\/wp\/v2\/tags?post=345"}],"curies":[{"name":"wp","href":"https:\/\/api.w.org\/{rel}","templated":true}]}}