{"id":348,"date":"2014-03-31T20:32:18","date_gmt":"2014-03-31T20:32:18","guid":{"rendered":"http:\/\/blogs.laverdad.es\/musicainesperada\/?p=348"},"modified":"2014-03-31T20:32:18","modified_gmt":"2014-03-31T20:32:18","slug":"atmosferas-en-la-noche","status":"publish","type":"post","link":"https:\/\/blogs.laverdad.es\/musicainesperada\/2014\/03\/31\/atmosferas-en-la-noche\/","title":{"rendered":"Atm\u00f3sferas en la noche"},"content":{"rendered":"<p><img loading=\"lazy\" class=\"aligncenter size-full wp-image-349\" title=\"Imagen Ana Mba\" src=\"\/musicainesperada\/wp-content\/uploads\/sites\/23\/2014\/03\/Imagen-Ana-Mba.jpg\" alt=\"\" width=\"960\" height=\"639\" srcset=\"https:\/\/static-blogs.laverdad.es\/wp-content\/uploads\/sites\/23\/2014\/03\/Imagen-Ana-Mba.jpg 960w, https:\/\/static-blogs.laverdad.es\/wp-content\/uploads\/sites\/23\/2014\/03\/Imagen-Ana-Mba-300x200.jpg 300w, https:\/\/static-blogs.laverdad.es\/wp-content\/uploads\/sites\/23\/2014\/03\/Imagen-Ana-Mba-768x511.jpg 768w\" sizes=\"(max-width: 960px) 100vw, 960px\" \/><\/p>\n<p>&nbsp;<\/p>\n<p><span style=\"font-size: medium;\">En el post\u00a0con t\u00edtulo\u00a0<em><strong>&#8220;Ana y Berl\u00edn&#8221;<\/strong><\/em> (<strong><em>M\u00fasica inesperada<\/em><\/strong>, 23 de abril 2013) me compromet\u00ed en avisarles cuando la violista <strong>Ana Mba<\/strong> ofreciera un concierto en Murcia. Como lo prometido es deuda, hoy comentamos con la joven m\u00fasico el programa que interpreta esta semana. <\/span><\/p>\n<p><span style=\"font-size: medium;\">Les remito al comentado post para que revisen\u00a0el brillante curriculum que ya atesoraba <strong>Ana<\/strong> hasta ese momento. <\/span><span style=\"font-size: medium;\">Actualmente,\u00a0cursa estudios de M\u00e1ster en la <strong><em>Hoch Schulle f\u00fcr Musik<\/em><\/strong> de la capital alemana, becada\u00a0por la <strong><em>Fundaci\u00f3n Galindo de Calasparra<\/em><\/strong>. <\/span><\/p>\n<p><span style=\"font-size: medium;\">De <strong>Ana Mba<\/strong>, podemos decir que donde va triunfa.\u00a0 Ha sido seleccionada en las dos \u00faltimas convocatorias (2013 y 2014) de la <strong><em>Joven Orquesta Nacional de Espa\u00f1a (JONDE) <\/em><\/strong>como primera viola, y en Berl\u00edn, ha tocado la opera <em><strong>Das Rheingold<\/strong><\/em> de <strong>Richard Wagner,\u00a0<\/strong>ha sido recientemente seleccionada\u00a0en masterclass impartida por\u00a0la c\u00e9lebre violista <strong>Tadea Zimmermann<\/strong> y, a finales de 2013, interpret\u00f3 en cuarteto de <strong>Debussy<\/strong>.<\/span><\/p>\n<p><span style=\"font-size: medium;\">Aprovechando su estancia en Murcia para preparar los conciertos organizados por la <strong>Fundaci\u00f3n Galindo<\/strong>, la <strong><em>Orquesta Sinf\u00f3nica de la Regi\u00f3n de Murcia\u00a0<\/em><\/strong>no ha dudado en\u00a0incorporarla en sus filas como violista en el concierto\u00a0que ha tenido lugar\u00a0en el <strong><em>Auditorio V\u00edctor Villegas.<\/em><\/strong><\/span><\/p>\n<p><span style=\"font-size: medium;\">Del programa que va a interpretar en Murcia y Calasparra,<strong> Ana Mba<\/strong> comenta que la <em><strong>Sonata II para viola da gamba y clave en Re mayor BWV 1028<\/strong><\/em> de\u00a0 <strong>Johann Sebastian Bach<\/strong> (1685-1750): <em>\u201cSe piensa que fue compuesta originalmente\u00a0para tres instrumentos y es la m\u00e1s contrapunt\u00edstica de las tres sonatas. La viola no tiene un papel principal, sino que va cambiando su cometido a lo largo del contrapunto. La melod\u00eda va pasando por la viola, la mano derecha y la mano izquierda del clave. De los cuatros movimientos destacar\u00eda el Andante en Si menor que es muy emotivo y sensible\u201d.<\/em><\/span><\/p>\n<p><span style=\"font-size: medium;\">La obra escogida de <strong>Benjamin Britten<\/strong> (1913-1976) es <strong><em>Lachrymae op.48<\/em><\/strong> que se subtitula <strong><em>\u201cReflections on a Song of John Dowland\u201d<\/em><\/strong> y tiene tanto una versi\u00f3n para viola y piano \u00a0como para viola y orquesta de cuerdas. Britten toma el tema de la aria del c\u00e9lebre laudista titulada <strong><em>\u201cIf my complaints could passion move\u201d.<\/em><\/strong> <strong>Ana<\/strong> nos explica que: <em>\u201cA diferencia de otras obras donde se expone un tema seguido de las variaciones, aqu\u00ed, las elaboradas variaciones vienen antes del tema de estilo renancentista que es m\u00e1s sencillo y aparece en la coda.\u201d<\/em><\/span><\/p>\n<p><span style=\"font-size: medium;\">La tercera obra del programa es muy interesante.\u00a0 Es la <strong><em>Suite para viola y piano<\/em><\/strong> de <strong>Ernest Bloch<\/strong> (1880-1959), compuesta en 1909 y que tambi\u00e9n tiene versi\u00f3n para viola y orquesta. Para <strong>Ana<\/strong>, <em>\u201ces una obra de m\u00fasica program\u00e1tica y que pretende despertar la imaginaci\u00f3n de oyente. El int\u00e9rprete necesita madurar bien la\u00a0pieza porque \u00e9sta contiene multitud de atm\u00f3sferas y hay que\u00a0inspirar al p\u00fablico con\u00a0todos estos ambientes. Las melod\u00edas contienen temas ex\u00f3ticos, por lo que el m\u00fasico debe ser m\u00e1s intuitivo que intelectual a la hora de tocar la suite\u201d.<\/em><\/span><\/p>\n<p><span style=\"font-size: medium;\">Los cuatro movimientos de la suite para viola nos acercan al impresionismo y fueron titulados por <strong>Bloch<\/strong> como: <strong><em>\u201cEn la jungla\u201d, \u201cGrotescos\u201d, \u201cNocturnos\u201d y \u201cEl pa\u00eds del sol\u201d.<\/em><\/strong> <strong>Ana<\/strong> considera que <em>\u201cen esta obra hay una clara evocaci\u00f3n a lo hebraico ya que el compositor escrib\u00eda temas jud\u00edos en esa \u00e9poca. El primer movimiento evoca a la naturaleza primitiva, mientras el segundo tiene un car\u00e1cter m\u00e1s ir\u00f3nico. El Nocturno, est\u00e1 inspirado en los relatos de un amigo que vivi\u00f3 en Java sobre los sonidos que escuchaba y la atm\u00f3sfera que respiraba al llegar la noche. Por \u00faltimo, \u201cEl pa\u00eds del sol\u201d est\u00e1 basado en una escala pentat\u00f3nica y, por tanto, suena a m\u00fasica oriental\u201d.<\/em><\/span><\/p>\n<p><span style=\"font-size: medium;\"><strong>Ernest Bloch<\/strong> escribi\u00f3 esta pieza sobre las fant\u00e1sticas Islas de la Sonda (Borneo, Java, \u2026) que siempre quiso visitar. Finalmente, no pudo hacerlo. Ustedes, si tienen curiosidad, pueden viajar a estas tierras ex\u00f3ticas de la mano de <strong>Ana Mba.<\/strong><\/span><\/p>\n<p>&nbsp;<\/p>\n<p><span style=\"color: #808080;\"><strong><em><span style=\"font-size: medium;\">Mi\u00e9rcoles 2 de abril, 20 h. Aula de Cultura de Cajamurcia en Gran V\u00eda. <\/span><span style=\"font-size: medium;\">Jueves 4 de abril, 20 h. Auditorio de Calasparra (Murcia). <\/span><span style=\"font-size: medium;\">Obras de J.S. Bach, B. Britten y E. Bloch. Ana Mba (viola) y Ana Galindo (piano). Entrada libre hasta completar aforo.<\/span><\/em><\/strong><\/span><\/p>\n<p><span style=\"font-family: Calibri; font-size: medium;\"><br \/>\n<\/span><\/p>\n","protected":false},"excerpt":{"rendered":"<p>&nbsp; En el post\u00a0con t\u00edtulo\u00a0&#8220;Ana y Berl\u00edn&#8221; (M\u00fasica inesperada, 23 de abril 2013) me compromet\u00ed en avisarles cuando la violista Ana Mba ofreciera un concierto en Murcia. Como lo prometido es deuda, hoy comentamos con la joven m\u00fasico el programa que interpreta esta semana. Les remito al comentado post para que revisen\u00a0el brillante curriculum que [&hellip;]<\/p>\n","protected":false},"author":24,"featured_media":0,"comment_status":"open","ping_status":"open","sticky":false,"template":"","format":"standard","meta":[],"categories":[19],"tags":[],"_links":{"self":[{"href":"https:\/\/blogs.laverdad.es\/musicainesperada\/wp-json\/wp\/v2\/posts\/348"}],"collection":[{"href":"https:\/\/blogs.laverdad.es\/musicainesperada\/wp-json\/wp\/v2\/posts"}],"about":[{"href":"https:\/\/blogs.laverdad.es\/musicainesperada\/wp-json\/wp\/v2\/types\/post"}],"author":[{"embeddable":true,"href":"https:\/\/blogs.laverdad.es\/musicainesperada\/wp-json\/wp\/v2\/users\/24"}],"replies":[{"embeddable":true,"href":"https:\/\/blogs.laverdad.es\/musicainesperada\/wp-json\/wp\/v2\/comments?post=348"}],"version-history":[{"count":0,"href":"https:\/\/blogs.laverdad.es\/musicainesperada\/wp-json\/wp\/v2\/posts\/348\/revisions"}],"wp:attachment":[{"href":"https:\/\/blogs.laverdad.es\/musicainesperada\/wp-json\/wp\/v2\/media?parent=348"}],"wp:term":[{"taxonomy":"category","embeddable":true,"href":"https:\/\/blogs.laverdad.es\/musicainesperada\/wp-json\/wp\/v2\/categories?post=348"},{"taxonomy":"post_tag","embeddable":true,"href":"https:\/\/blogs.laverdad.es\/musicainesperada\/wp-json\/wp\/v2\/tags?post=348"}],"curies":[{"name":"wp","href":"https:\/\/api.w.org\/{rel}","templated":true}]}}