{"id":35,"date":"2013-02-06T13:23:32","date_gmt":"2013-02-06T13:23:32","guid":{"rendered":"http:\/\/blogs.laverdad.es\/musicainesperada\/?p=35"},"modified":"2013-02-06T13:23:32","modified_gmt":"2013-02-06T13:23:32","slug":"una-breve-y-completa-historia-de-musica","status":"publish","type":"post","link":"https:\/\/blogs.laverdad.es\/musicainesperada\/2013\/02\/06\/una-breve-y-completa-historia-de-musica\/","title":{"rendered":"Una breve y completa historia de m\u00fasica."},"content":{"rendered":"<p>\u00bfDispone de 7 minutos para una clase de Historia de la M\u00fasica?<\/p>\n<p>Este v\u00eddeo nos ofrece una amena perspectiva de lo que ha sido la m\u00fasica para el hombre, desde la Antiguedad hasta nuestros d\u00edas. Los dibujos son muy ingeniosos y, sin darse cuenta, habr\u00e1 completado un viaje a trav\u00e9s del tiempo. Ideal para compartir con la familia y con los amigos.<\/p>\n<p>\u00a0<br \/>\n<iframe loading=\"lazy\" src=\"\/\/www.youtube.com\/embed\/If_T1Q9u6FM\" frameborder=\"0\" width=\"560\" height=\"315\"><\/iframe><\/p>\n","protected":false},"excerpt":{"rendered":"<p>\u00bfDispone de 7 minutos para una clase de Historia de la M\u00fasica? Este v\u00eddeo nos ofrece una amena perspectiva de lo que ha sido la m\u00fasica para el hombre, desde la Antiguedad hasta nuestros d\u00edas. Los dibujos son muy ingeniosos y, sin darse cuenta, habr\u00e1 completado un viaje a trav\u00e9s del tiempo. Ideal para compartir [&hellip;]<\/p>\n","protected":false},"author":24,"featured_media":0,"comment_status":"open","ping_status":"closed","sticky":false,"template":"","format":"standard","meta":[],"categories":[18],"tags":[],"_links":{"self":[{"href":"https:\/\/blogs.laverdad.es\/musicainesperada\/wp-json\/wp\/v2\/posts\/35"}],"collection":[{"href":"https:\/\/blogs.laverdad.es\/musicainesperada\/wp-json\/wp\/v2\/posts"}],"about":[{"href":"https:\/\/blogs.laverdad.es\/musicainesperada\/wp-json\/wp\/v2\/types\/post"}],"author":[{"embeddable":true,"href":"https:\/\/blogs.laverdad.es\/musicainesperada\/wp-json\/wp\/v2\/users\/24"}],"replies":[{"embeddable":true,"href":"https:\/\/blogs.laverdad.es\/musicainesperada\/wp-json\/wp\/v2\/comments?post=35"}],"version-history":[{"count":0,"href":"https:\/\/blogs.laverdad.es\/musicainesperada\/wp-json\/wp\/v2\/posts\/35\/revisions"}],"wp:attachment":[{"href":"https:\/\/blogs.laverdad.es\/musicainesperada\/wp-json\/wp\/v2\/media?parent=35"}],"wp:term":[{"taxonomy":"category","embeddable":true,"href":"https:\/\/blogs.laverdad.es\/musicainesperada\/wp-json\/wp\/v2\/categories?post=35"},{"taxonomy":"post_tag","embeddable":true,"href":"https:\/\/blogs.laverdad.es\/musicainesperada\/wp-json\/wp\/v2\/tags?post=35"}],"curies":[{"name":"wp","href":"https:\/\/api.w.org\/{rel}","templated":true}]}}