{"id":350,"date":"2014-04-06T22:00:13","date_gmt":"2014-04-06T22:00:13","guid":{"rendered":"http:\/\/blogs.laverdad.es\/musicainesperada\/?p=350"},"modified":"2014-04-06T22:00:13","modified_gmt":"2014-04-06T22:00:13","slug":"la-desolacion-de-un-soltero","status":"publish","type":"post","link":"https:\/\/blogs.laverdad.es\/musicainesperada\/2014\/04\/06\/la-desolacion-de-un-soltero\/","title":{"rendered":"La desolaci\u00f3n de un soltero"},"content":{"rendered":"<p><a href=\"\/musicainesperada\/wp-content\/uploads\/sites\/23\/2014\/04\/Clara-Schumann.jpg\"><img loading=\"lazy\" class=\"aligncenter size-full wp-image-351\" title=\"Clara Schumann\" src=\"\/musicainesperada\/wp-content\/uploads\/sites\/23\/2014\/04\/Clara-Schumann.jpg\" alt=\"\" width=\"187\" height=\"270\" \/><\/a><\/p>\n<p>&nbsp;<\/p>\n<p><span style=\"font-family: Calibri; font-size: large;\">Si el piano es el instrumento del Romanticismo, uno de los m\u00fasicos m\u00e1s destacados de este periodo musical es <strong>Johannes Brahms<\/strong> (1833-1897). En palabras del famoso director de orquesta <strong>Hans von Bulow<\/strong>, era la tercera \u201cB\u201d de la Historia de la M\u00fasica Alemana, junto a <strong>Juan Sebasti\u00e1n Bach<\/strong> y <strong>Ludwig van Beethoven<\/strong>. <\/span><\/p>\n<p><span style=\"font-family: Calibri; font-size: large;\">Este m\u00fasico nacido en un barrio humilde de Hamburgo, ya era un gran pianista en la adolescencia, pero no pudo actuar en conciertos p\u00fablicos durante las revoluciones de 1848 y 1849. Como necesitaba dinero para sobrevivir y estudiar, tocaba en lugares de mala reputaci\u00f3n ante prostitutas, marineros y maleantes.<\/span><\/p>\n<p><span style=\"font-family: Calibri; font-size: large;\">El joven<strong> Brahms<\/strong> era bien parecido, alto, rubio, fuerte y con cierto aire angelical, pero seg\u00fan manifest\u00f3 el mismo m\u00e1s tarde, perdi\u00f3 la ilusi\u00f3n por el amor tras sus relaciones con las prostitutas de la taberna, que deambulaban semidesnudas al mismo tiempo que lo abrazaban y acariciaban.<\/span><\/p>\n<p><span style=\"font-family: Calibri; font-size: large;\">Esta primera impresi\u00f3n del amor en este tipo de ambientes marc\u00f3 la conducta de <strong>Johannes<\/strong>.\u00a0 Al mismo tiempo que frecuent\u00f3 los prost\u00edbulos durante toda su vida, tuvo una actitud de m\u00e1ximo respeto hacia las damas de las que se enamor\u00f3, de forma que, la desolaci\u00f3n fue el factor com\u00fan en sus vivencias amorosas.<\/span><\/p>\n<p><span style=\"font-family: Calibri; font-size: large;\">Seg\u00fan <strong>N\u00e9stor Luj\u00e1n<\/strong>, <strong>Brahms<\/strong> estuvo siempre enamorado a lo largo su vida. Los siete idilios plat\u00f3nicos por los que pas\u00f3, algunos de ellos con promesa de matrimonio, demuestran que ten\u00eda un perfil psicol\u00f3gico muy particular. Seis de las mujeres que ocuparon el coraz\u00f3n del compositor fueron la cantante <strong>Agathe von Siebold<\/strong> (ver el post de M\u00fasica Inesperada del 18 de febrero de 2013), la vienesa <strong>Bertha Porubsky<\/strong>, la bella <strong>Elisabeth von Stockhausen<\/strong>, <strong>Julia Schumann<\/strong> &#8211; tercera hija de Robert Schumann- , la cantante de Bolonia<strong> Alice Barbi<\/strong> y, por \u00faltimo, <strong>Herminia Spie<\/strong>. Con ninguna de\u00a0las seis\u00a0se atrevi\u00f3 a casarse. \u00a0<\/span><\/p>\n<p><span style=\"font-family: Calibri; font-size: large;\">Pero, sin duda, el amor plat\u00f3nico m\u00e1s sincero, puro y apasionado de <strong>Brahms<\/strong> fue el de <strong>Clara Schumann<\/strong>, esposa del compositor y pianista al que conoci\u00f3 con veinte a\u00f1os. Tras la muerte de <strong>Robert<\/strong>, <strong>Johannes<\/strong> siempre se mostr\u00f3 ante <strong>Clara<\/strong> como un hombre con intenciones muy puras y respetuosas. Unas de las explicaciones\u00a0 de por qu\u00e9 <strong>Brahms<\/strong> no le propuso matrimonio a su adorada <strong>Clara<\/strong> fueron la diferencia de edad (ella naci\u00f3 catorce a\u00f1os antes) y los siete hijos que ten\u00eda. La relaci\u00f3n plat\u00f3nica con la viuda de <strong>Schumann<\/strong> se prolong\u00f3 hasta la muerte de ella en 1896, y es una de las historias m\u00e1s interesantes de la Historia de la M\u00fasica.<\/span><\/p>\n<p><span style=\"font-family: Calibri; font-size: large;\"><strong>Brahms<\/strong> dijo en una ocasi\u00f3n: <em>\u201cA componer \u00f3peras y al matrimonio les tengo un horror parejo\u201d<\/em>. El compositor alem\u00e1n no compuso ninguna \u00f3pera, pero su obra es monumental y de una calidad exquisita. Como muestra del arte de <strong>Johannes Brahms<\/strong> les propongo la audici\u00f3n del movimiento <em>Andante<\/em> de su <strong><em>Concierto n\u00famero 2 para piano<\/em><\/strong>, una de mis obras favoritas, y donde el violonchelo tambi\u00e9n es un instrumento solista que interpreta una bella cantinela que luego repiten los violines. <\/span><\/p>\n<p><iframe loading=\"lazy\" src=\"\/\/www.youtube.com\/embed\/rDTJGot4PKs\" frameborder=\"0\" width=\"420\" height=\"315\"><\/iframe><\/p>\n","protected":false},"excerpt":{"rendered":"<p>&nbsp; Si el piano es el instrumento del Romanticismo, uno de los m\u00fasicos m\u00e1s destacados de este periodo musical es Johannes Brahms (1833-1897). En palabras del famoso director de orquesta Hans von Bulow, era la tercera \u201cB\u201d de la Historia de la M\u00fasica Alemana, junto a Juan Sebasti\u00e1n Bach y Ludwig van Beethoven. Este m\u00fasico [&hellip;]<\/p>\n","protected":false},"author":24,"featured_media":0,"comment_status":"open","ping_status":"open","sticky":false,"template":"","format":"standard","meta":[],"categories":[7],"tags":[],"_links":{"self":[{"href":"https:\/\/blogs.laverdad.es\/musicainesperada\/wp-json\/wp\/v2\/posts\/350"}],"collection":[{"href":"https:\/\/blogs.laverdad.es\/musicainesperada\/wp-json\/wp\/v2\/posts"}],"about":[{"href":"https:\/\/blogs.laverdad.es\/musicainesperada\/wp-json\/wp\/v2\/types\/post"}],"author":[{"embeddable":true,"href":"https:\/\/blogs.laverdad.es\/musicainesperada\/wp-json\/wp\/v2\/users\/24"}],"replies":[{"embeddable":true,"href":"https:\/\/blogs.laverdad.es\/musicainesperada\/wp-json\/wp\/v2\/comments?post=350"}],"version-history":[{"count":0,"href":"https:\/\/blogs.laverdad.es\/musicainesperada\/wp-json\/wp\/v2\/posts\/350\/revisions"}],"wp:attachment":[{"href":"https:\/\/blogs.laverdad.es\/musicainesperada\/wp-json\/wp\/v2\/media?parent=350"}],"wp:term":[{"taxonomy":"category","embeddable":true,"href":"https:\/\/blogs.laverdad.es\/musicainesperada\/wp-json\/wp\/v2\/categories?post=350"},{"taxonomy":"post_tag","embeddable":true,"href":"https:\/\/blogs.laverdad.es\/musicainesperada\/wp-json\/wp\/v2\/tags?post=350"}],"curies":[{"name":"wp","href":"https:\/\/api.w.org\/{rel}","templated":true}]}}