{"id":36,"date":"2013-02-11T00:06:45","date_gmt":"2013-02-11T00:06:45","guid":{"rendered":"http:\/\/blogs.laverdad.es\/musicainesperada\/?p=36"},"modified":"2013-02-11T00:06:45","modified_gmt":"2013-02-11T00:06:45","slug":"una-incierta-promesa-de-amor-eterno","status":"publish","type":"post","link":"https:\/\/blogs.laverdad.es\/musicainesperada\/2013\/02\/11\/una-incierta-promesa-de-amor-eterno\/","title":{"rendered":"Una incierta promesa de amor eterno."},"content":{"rendered":"<p>El famoso Adagietto para arpa y cuerdas en Fa Mayor de la 5\u00aa sinfon\u00eda de Mahler conmueve a todo el que lo escucha. Es una pieza musical que, a pesar de que el compositor la concibe como una carta de amor para su esposa Alma, hoy d\u00eda se llega a interpretar en algunos funerales. La ambig\u00fcedad en la m\u00fasica de Mahler puede llevarnos \u00a0en direcciones opuestas seg\u00fan sea nuestra disposici\u00f3n en un momento dado.<\/p>\n<p>Esta obra\u00a0refleja el\u00a0compromiso de amor eterno de un hombre en su cl\u00edmax vital ya que espera una hija fruto del feliz matrimonio con su joven, bella y culta mujer que, a su vez, le corresponde: \u201ces el \u00fanico hombre que puede dar sentido a mi vida, porque supera a todos los que he conocido hasta ahora\u201d, dice Alma.<\/p>\n<p>El Adagietto es el cuarto movimiento de una sinfon\u00eda que se considera una p\u00e1gina\u00a0autobiogr\u00e1fica de Mahler .\u00a0El m\u00fasico\u00a0a\u00f1ade indicaciones\u00a0 de \u201cmorendo\u201d e incluso, casi al final de la pieza, incluye un recuerdo al \u201cmotivo de la mirada\u201d de la \u00f3pera \u201cTrist\u00e1n e Isolda\u201d, el paradigma de la pasi\u00f3n del deseo.<\/p>\n<p>Mahler en el Adagietto habla de amor y de p\u00e9rdida, de compromiso y de renuncia, de vida y de muerte. En el fondo, se siente perdido, alejado del mundo y del tiempo donde vive. Sabe que su momento est\u00e1 a\u00fan por llegar y en su m\u00fasica, cuando asocia el amor con la muerte, parece dudar de la eternidad de la relaci\u00f3n con una atractiva mujer 21 a\u00f1os m\u00e1s joven que \u00e9l.<\/p>\n<p>El significado de este movimiento depende de c\u00f3mo lo interiorice el maestro que lo dirige. Cuanto m\u00e1s largo sea, m\u00e1s triste suena. Es un reto para cualquier director.<\/p>\n<p>Sinfon\u00eda 5\u00aa y Kindertotenlieder de Gustav Mahler. Jos\u00e9 Antonio L\u00f3pez (Bar\u00edtono). Orquesta Sinf\u00f3nica de la Regi\u00f3n de Murcia. Directora musical: Virginia Mart\u00ednez.\u00a0 Viernes 15 de febrero a las 20h en el Auditorio V\u00edctor Villegas de Murcia.<iframe loading=\"lazy\" src=\"\/\/www.youtube.com\/embed\/yeaCjyxrgGY\" frameborder=\"0\" width=\"420\" height=\"315\"><\/iframe><\/p>\n","protected":false},"excerpt":{"rendered":"<p>El famoso Adagietto para arpa y cuerdas en Fa Mayor de la 5\u00aa sinfon\u00eda de Mahler conmueve a todo el que lo escucha. Es una pieza musical que, a pesar de que el compositor la concibe como una carta de amor para su esposa Alma, hoy d\u00eda se llega a interpretar en algunos funerales. La [&hellip;]<\/p>\n","protected":false},"author":24,"featured_media":0,"comment_status":"open","ping_status":"closed","sticky":false,"template":"","format":"standard","meta":[],"categories":[19],"tags":[],"_links":{"self":[{"href":"https:\/\/blogs.laverdad.es\/musicainesperada\/wp-json\/wp\/v2\/posts\/36"}],"collection":[{"href":"https:\/\/blogs.laverdad.es\/musicainesperada\/wp-json\/wp\/v2\/posts"}],"about":[{"href":"https:\/\/blogs.laverdad.es\/musicainesperada\/wp-json\/wp\/v2\/types\/post"}],"author":[{"embeddable":true,"href":"https:\/\/blogs.laverdad.es\/musicainesperada\/wp-json\/wp\/v2\/users\/24"}],"replies":[{"embeddable":true,"href":"https:\/\/blogs.laverdad.es\/musicainesperada\/wp-json\/wp\/v2\/comments?post=36"}],"version-history":[{"count":0,"href":"https:\/\/blogs.laverdad.es\/musicainesperada\/wp-json\/wp\/v2\/posts\/36\/revisions"}],"wp:attachment":[{"href":"https:\/\/blogs.laverdad.es\/musicainesperada\/wp-json\/wp\/v2\/media?parent=36"}],"wp:term":[{"taxonomy":"category","embeddable":true,"href":"https:\/\/blogs.laverdad.es\/musicainesperada\/wp-json\/wp\/v2\/categories?post=36"},{"taxonomy":"post_tag","embeddable":true,"href":"https:\/\/blogs.laverdad.es\/musicainesperada\/wp-json\/wp\/v2\/tags?post=36"}],"curies":[{"name":"wp","href":"https:\/\/api.w.org\/{rel}","templated":true}]}}