{"id":37,"date":"2013-02-12T23:03:27","date_gmt":"2013-02-12T23:03:27","guid":{"rendered":"http:\/\/blogs.laverdad.es\/musicainesperada\/?p=37"},"modified":"2013-02-12T23:03:27","modified_gmt":"2013-02-12T23:03:27","slug":"serezade-borja-a-la-busqueda-de-mahler","status":"publish","type":"post","link":"https:\/\/blogs.laverdad.es\/musicainesperada\/2013\/02\/12\/serezade-borja-a-la-busqueda-de-mahler\/","title":{"rendered":"Serezade y la b\u00fasqueda de Mahler."},"content":{"rendered":"<div id=\"attachment_38\" style=\"width: 199px\" class=\"wp-caption aligncenter\"><a href=\"\/musicainesperada\/wp-content\/uploads\/sites\/23\/2013\/02\/Serezadetrompa.png\"><img aria-describedby=\"caption-attachment-38\" loading=\"lazy\" class=\" wp-image-38\" src=\"\/musicainesperada\/wp-content\/uploads\/sites\/23\/2013\/02\/Serezadetrompa.png\" alt=\"\" width=\"189\" height=\"263\" \/><\/a><p id=\"caption-attachment-38\" class=\"wp-caption-text\">Serezade Borja, solista de trompa.<\/p><\/div>\n<p>&nbsp;<\/p>\n<p>Mientras los m\u00fasicos de la OSRM preparan el programa Mahler del pr\u00f3ximo viernes sigo coment\u00e1ndoles algunas cosas interesantes de la 5\u00aa sinfon\u00eda en Do sostenido menor que, a diferencia de las tres que la preceden, en ella el compositor prescinde de la voz cantada. Completa la obra entre 1901 y 1902 con numerosas anotaciones sobre los m\u00e1s peque\u00f1os detalles. A veces, en un mismo comp\u00e1s, escribe hasta cinco matices distintos para los diferentes instrumentos (forte, fortissimo, piano, pianissimo, sforzando, entre otros).<\/p>\n<p>El primer movimiento es una marcha f\u00fanebre que tiene similitudes con la quinta sinfon\u00eda de Beethoven ya que comienza con un tema en la trompeta formado por un tresillo de corcheas y una blanca que se repite (muy parecido al motivo del destino) y adem\u00e1s se contin\u00faa tambi\u00e9n con un bello segundo tema l\u00edrico en la cuerda.<\/p>\n<p>Una curiosidad de este primer movimiento es que en el compositor en lugar de completar aqu\u00ed el desarrollo de los temas musicales, \u00a0lo hace en el segundo movimiento de la obra.<\/p>\n<p>El Scherzo ocupa la parte central de la sinfon\u00eda y es un movimiento donde destaca la trompa (tambi\u00e9n conocida como corno) como \u201cinstrumento obligado\u201d, es decir con papel de principal acompa\u00f1ado por el resto. Durante los ensayos de la OSRM he tenido la oportunidad de conversar con Serezade Borja, solista de trompa que\u00a0prepara este\u00a0programa\u00a0con <em>&#8220;una gran motivaci\u00f3n, ya que el papel de las trompas es muy relevante en esta sinfon\u00eda. El Scherzo es pr\u00e1cticamente un concierto para trompa y orquesta, de forma que en muchas orquestas el solista se coloca delante de la orquesta y a la izquierda del director\u201d.<\/em><\/p>\n<p>Sobre la dificultad t\u00e9cnica de su intervenci\u00f3n como corno obligado, Serezade comenta que <em>&#8220;el comienzo tiene la dificultad de la articulaci\u00f3n y posteriormente se requiere de m\u00e1s esfuerzo f\u00edsico por la duraci\u00f3n de las notas, sin olvidar los saltos entre notas, que exigen mantener el nivel de t\u00e9cnica y concentraci\u00f3n\u201d.<\/em><\/p>\n<p>Les confieso que la m\u00fasica que escribe Mahler para la trompa tiene una sonoridad impactante. Me encantar\u00eda que ustedes la compartieran con Serezade.<\/p>\n<p>&nbsp;<\/p>\n","protected":false},"excerpt":{"rendered":"<p>&nbsp; Mientras los m\u00fasicos de la OSRM preparan el programa Mahler del pr\u00f3ximo viernes sigo coment\u00e1ndoles algunas cosas interesantes de la 5\u00aa sinfon\u00eda en Do sostenido menor que, a diferencia de las tres que la preceden, en ella el compositor prescinde de la voz cantada. Completa la obra entre 1901 y 1902 con numerosas anotaciones [&hellip;]<\/p>\n","protected":false},"author":24,"featured_media":0,"comment_status":"open","ping_status":"closed","sticky":false,"template":"","format":"standard","meta":[],"categories":[18],"tags":[],"_links":{"self":[{"href":"https:\/\/blogs.laverdad.es\/musicainesperada\/wp-json\/wp\/v2\/posts\/37"}],"collection":[{"href":"https:\/\/blogs.laverdad.es\/musicainesperada\/wp-json\/wp\/v2\/posts"}],"about":[{"href":"https:\/\/blogs.laverdad.es\/musicainesperada\/wp-json\/wp\/v2\/types\/post"}],"author":[{"embeddable":true,"href":"https:\/\/blogs.laverdad.es\/musicainesperada\/wp-json\/wp\/v2\/users\/24"}],"replies":[{"embeddable":true,"href":"https:\/\/blogs.laverdad.es\/musicainesperada\/wp-json\/wp\/v2\/comments?post=37"}],"version-history":[{"count":0,"href":"https:\/\/blogs.laverdad.es\/musicainesperada\/wp-json\/wp\/v2\/posts\/37\/revisions"}],"wp:attachment":[{"href":"https:\/\/blogs.laverdad.es\/musicainesperada\/wp-json\/wp\/v2\/media?parent=37"}],"wp:term":[{"taxonomy":"category","embeddable":true,"href":"https:\/\/blogs.laverdad.es\/musicainesperada\/wp-json\/wp\/v2\/categories?post=37"},{"taxonomy":"post_tag","embeddable":true,"href":"https:\/\/blogs.laverdad.es\/musicainesperada\/wp-json\/wp\/v2\/tags?post=37"}],"curies":[{"name":"wp","href":"https:\/\/api.w.org\/{rel}","templated":true}]}}