{"id":43,"date":"2013-02-14T23:19:04","date_gmt":"2013-02-14T23:19:04","guid":{"rendered":"http:\/\/blogs.laverdad.es\/musicainesperada\/?p=43"},"modified":"2013-02-14T23:19:04","modified_gmt":"2013-02-14T23:19:04","slug":"jose-antonio-lopez-el-cantor-de-la-tierra","status":"publish","type":"post","link":"https:\/\/blogs.laverdad.es\/musicainesperada\/2013\/02\/14\/jose-antonio-lopez-el-cantor-de-la-tierra\/","title":{"rendered":"Jos\u00e9 Antonio L\u00f3pez, el cantor de La Tierra."},"content":{"rendered":"<div class=\"mceTemp\"><a href=\"\/musicainesperada\/wp-content\/uploads\/sites\/23\/2013\/02\/Jose-Antonio-Bar\u00edtono.png\"><img loading=\"lazy\" class=\"aligncenter size-full wp-image-47\" src=\"\/musicainesperada\/wp-content\/uploads\/sites\/23\/2013\/02\/Jose-Antonio-Bar\u00edtono.png\" alt=\"\" width=\"402\" height=\"500\" srcset=\"https:\/\/static-blogs.laverdad.es\/wp-content\/uploads\/sites\/23\/2013\/02\/Jose-Antonio-Bar\u00edtono.png 402w, https:\/\/static-blogs.laverdad.es\/wp-content\/uploads\/sites\/23\/2013\/02\/Jose-Antonio-Bar\u00edtono-241x300.png 241w\" sizes=\"(max-width: 402px) 100vw, 402px\" \/><\/a><\/div>\n<p>Es una gran satisfacci\u00f3n hablar con Jos\u00e9 Antonio, bar\u00edtono con proyecci\u00f3n internacional nacido en nuestra regi\u00f3n. Y lo es todav\u00eda m\u00e1s, por el hecho de\u00a0encontrar un excelente conversador cuyo \u00e9xito como cantante profesional va vinculado\u00a0tanto a su\u00a0talento\u00a0como\u00a0a\u00a0su preparaci\u00f3n y esfuerzo personal.<\/p>\n<p>Esta noche nos presenta su visi\u00f3n sobre\u00a0los Kindertotenlieder de Gustav Mahler, que es un ciclo de canciones compuesto sobre cinco poemas de Fiedrich R\u00fcckert,\u00a0que perdi\u00f3\u00a0tristemente a sus dos ni\u00f1os. En estas piezas escritas para bar\u00edtono,\u00a0el tema de la muerte infantil\u00a0no se aborda a modo de requiem, sino como\u00a0una reflexi\u00f3n de un padre\u00a0roto por el dolor\u00a0y por el\u00a0sentido de culpabilidad. Para nuestro invitado &#8220;nos muestran a un padre agobiado que no sabe asimilar la p\u00e9rdida de sus hijos.\u00a0R\u00fcckert se consuela escribiendo 430 poemas y Mahler escoje cinco\u00a0donde encuentra la luz que hay en un punto oscuro, se\u00f1alando la importancia del presente&#8221;.<\/p>\n<p>El compositor\u00a0escribe la m\u00fasica de estos textos con intenci\u00f3n autobiogr\u00e1fica, ya que durante su infancia, pasa por la experiencia de presenciar\u00a0la muerte de siete de sus hermanos.<\/p>\n<p>Jose Antonio no\u00a0tiene predilecci\u00f3n por ninguno de los cinco Lieder, aunque\u00a0destaca la belleza sonora del segundo titulado &#8220;Ahora comprendo por qu\u00e9&#8221;. Desde el punto de vista t\u00e9cnico, son obras dif\u00edciles por la tesitura y por la intensidad vocal: &#8220;Hay compases donde\u00a0se canta pian\u00edssimo en el registro agudo, pero lo m\u00e1s importante es la contenci\u00f3n que hay que demostrar en\u00a0la l\u00ednea vocal si\u00a0el pasaje va seguido de un\u00a0climax en la orquesta.&#8221;<\/p>\n<p>Este bar\u00edtono\u00a0en pr\u00f3ximas fechas\u00a0canta el papel de Germont en &#8220;La traviata&#8221; de Verdi en Oviedo\u00a0y el\u00a0&#8220;Messias&#8221; de Haendel en la Musikverain de Viena,\u00a0e interpreta estas canciones desde hace\u00a0doce a\u00f1os: &#8220;si bien en este momento\u00a0me siento mucho m\u00e1s maduro desde el punto de vista vocal que la primera vez que las abord\u00e9&#8221;.<\/p>\n<p>Vivimos tiempos oscuros.\u00a0No viene nada mal\u00a0escuchar a\u00a0Mahler\u00a0y alcanzar la serena luz que todos necesitamos.<\/p>\n<p>Auditorio V\u00edctor Villegas, esta noche a las 20h. Sinfon\u00eda n\u00ba 5 y Kindertotenlieder de Mahler. Bar\u00edtono: Jos\u00e9 Antonio L\u00f3pez. Direcci\u00f3n: Virginia Mart\u00ednez. Orquesta Sinf\u00f3nica de la Regi\u00f3n de Murcia. Es muy recomendable la charla preconcierto a las 19 horas.<a href=\"\/musicainesperada\/wp-content\/uploads\/sites\/23\/2013\/02\/ensayo-kinder2.jpg\"><img loading=\"lazy\" src=\"\/musicainesperada\/wp-content\/uploads\/sites\/23\/2013\/02\/ensayo-kinder2.jpg\" alt=\"\" width=\"300\" height=\"225\" \/><\/a><\/p>\n<dl>\n<dd>Ensayo de los Kindertotenlieder.<\/dd>\n<\/dl>\n","protected":false},"excerpt":{"rendered":"<p>Es una gran satisfacci\u00f3n hablar con Jos\u00e9 Antonio, bar\u00edtono con proyecci\u00f3n internacional nacido en nuestra regi\u00f3n. Y lo es todav\u00eda m\u00e1s, por el hecho de\u00a0encontrar un excelente conversador cuyo \u00e9xito como cantante profesional va vinculado\u00a0tanto a su\u00a0talento\u00a0como\u00a0a\u00a0su preparaci\u00f3n y esfuerzo personal. Esta noche nos presenta su visi\u00f3n sobre\u00a0los Kindertotenlieder de Gustav Mahler, que es un [&hellip;]<\/p>\n","protected":false},"author":24,"featured_media":0,"comment_status":"open","ping_status":"closed","sticky":false,"template":"","format":"standard","meta":[],"categories":[19],"tags":[],"_links":{"self":[{"href":"https:\/\/blogs.laverdad.es\/musicainesperada\/wp-json\/wp\/v2\/posts\/43"}],"collection":[{"href":"https:\/\/blogs.laverdad.es\/musicainesperada\/wp-json\/wp\/v2\/posts"}],"about":[{"href":"https:\/\/blogs.laverdad.es\/musicainesperada\/wp-json\/wp\/v2\/types\/post"}],"author":[{"embeddable":true,"href":"https:\/\/blogs.laverdad.es\/musicainesperada\/wp-json\/wp\/v2\/users\/24"}],"replies":[{"embeddable":true,"href":"https:\/\/blogs.laverdad.es\/musicainesperada\/wp-json\/wp\/v2\/comments?post=43"}],"version-history":[{"count":0,"href":"https:\/\/blogs.laverdad.es\/musicainesperada\/wp-json\/wp\/v2\/posts\/43\/revisions"}],"wp:attachment":[{"href":"https:\/\/blogs.laverdad.es\/musicainesperada\/wp-json\/wp\/v2\/media?parent=43"}],"wp:term":[{"taxonomy":"category","embeddable":true,"href":"https:\/\/blogs.laverdad.es\/musicainesperada\/wp-json\/wp\/v2\/categories?post=43"},{"taxonomy":"post_tag","embeddable":true,"href":"https:\/\/blogs.laverdad.es\/musicainesperada\/wp-json\/wp\/v2\/tags?post=43"}],"curies":[{"name":"wp","href":"https:\/\/api.w.org\/{rel}","templated":true}]}}