{"id":51,"date":"2013-02-19T21:10:47","date_gmt":"2013-02-19T21:10:47","guid":{"rendered":"http:\/\/blogs.laverdad.es\/musicainesperada\/?p=51"},"modified":"2013-02-19T21:10:47","modified_gmt":"2013-02-19T21:10:47","slug":"poker-de-musicos-en-el-casino","status":"publish","type":"post","link":"https:\/\/blogs.laverdad.es\/musicainesperada\/2013\/02\/19\/poker-de-musicos-en-el-casino\/","title":{"rendered":"P\u00f3ker de m\u00fasicos en el Casino"},"content":{"rendered":"<p><a href=\"\/musicainesperada\/wp-content\/uploads\/sites\/23\/2013\/02\/Cuarteto-Mario-Medina.png\"><img loading=\"lazy\" class=\"aligncenter size-full wp-image-53\" src=\"\/musicainesperada\/wp-content\/uploads\/sites\/23\/2013\/02\/Cuarteto-Mario-Medina.png\" alt=\"\" width=\"278\" height=\"414\" srcset=\"https:\/\/static-blogs.laverdad.es\/wp-content\/uploads\/sites\/23\/2013\/02\/Cuarteto-Mario-Medina.png 278w, https:\/\/static-blogs.laverdad.es\/wp-content\/uploads\/sites\/23\/2013\/02\/Cuarteto-Mario-Medina-201x300.png 201w\" sizes=\"(max-width: 278px) 100vw, 278px\" \/><\/a><\/p>\n<p>&nbsp;<\/p>\n<p>En menos de 48 horas\u00a0nos visita un cuarteto de cuerda de\u00a0alt\u00edsima calidad, el <strong>cuarteto Mario Medina<\/strong>.<\/p>\n<p>Aunque en el programa de mano del concierto tienen detallado el curriculum cada miembro de esta formaci\u00f3n, les anticipo algunas cosas de inter\u00e9s.<\/p>\n<p><strong>Gustavo Vergara<\/strong> (viol\u00edn), <strong>Iv\u00e1n G\u00f6rnemann<\/strong> (viol\u00edn),\u00a0<strong>Lorenzo Meseguer<\/strong> (chelo) y <strong>Miguel \u00c1ngel Rodr\u00edguez<\/strong> (viola) -por orden alfab\u00e9tico- son m\u00fasicos nacidos entre 1986 y 1990 que ya destacan como alumnos durante sus estudios musicales. Actualmente amplian estudios en centros y con profesores del m\u00e1ximo prestigio internacional como son el <em>Mozarteum de Salzburgo, la ciudad de Berl\u00edn, la Guildhall School of Music de Londres y la Hoch Schulle f\u00fcr Musik de Franckfurt<\/em>, entre otros.<\/p>\n<p>Adem\u00e1s, todos participan como solistas de concierto por toda Europa y forman parte de prestigiosas formaciones como son la <em>Joven Orquesta Nacional de Espa\u00f1a, la \u00a0Schleswig-Holstein Orchestra Academy, la Orquesta Sinf\u00f3nica Sim\u00f3n Bol\u00edvar de Venezuela, \u00a0la Orquesta de la \u00d3pera de Frankfurt, la Orquesta de la Radio de Frankfurt y la Konzerthausorchester de Berl\u00edn<\/em>.<\/p>\n<p>Las cuartetos <a href=\"\/musicainesperada\/wp-content\/uploads\/sites\/23\/2013\/02\/Musica-degenerada.jpg\"><img loading=\"lazy\" class=\"alignleft size-thumbnail wp-image-52\" src=\"\/musicainesperada\/wp-content\/uploads\/sites\/23\/2013\/02\/Musica-degenerada.jpg\" alt=\"M\u00fasica Degenerada\" width=\"150\" height=\"150\" \/><\/a>que interpretan el jueves son el n\u00ba 3, op. 46 de <strong>Viktor Ullmann<\/strong>, el n\u00ba 1, op.3 de <strong>Pavel Haas<\/strong> y el n\u00ba 1 de <strong>Alexander von Zemlinsky<\/strong>. Son obras incluidas en la llamada <em><strong>M\u00fasica Degenerada<\/strong><\/em> (ver la primera publicaci\u00f3n de este blog) y que reflejan la tragedia, la crueldad y el \u00a0dramatismo de una \u00e9poca de cambios sociales, sin olvidar los escasos momentos de esperanza. En definitiva, esta m\u00fasica ofrece una visi\u00f3n y audici\u00f3n retrospectiva de los convulsos a\u00f1os donde la composici\u00f3n se centra en la experimentaci\u00f3n sonora.<\/p>\n<p>Es un\u00a0concierto muy\u00a0interesante ya que el Cuarteto Medina\u00a0les sumerge directamente en el estado emocional de cada uno de los tres compositores.<\/p>\n<p>En la Sala Alta del Real Casino de Murcia. <strong>Jueves 21 de Febrero<\/strong> a las <strong>20h<\/strong>. Entradas en Recepci\u00f3n. 6 euros (con descuento de 2 euros para socios).<\/p>\n","protected":false},"excerpt":{"rendered":"<p>&nbsp; En menos de 48 horas\u00a0nos visita un cuarteto de cuerda de\u00a0alt\u00edsima calidad, el cuarteto Mario Medina. Aunque en el programa de mano del concierto tienen detallado el curriculum cada miembro de esta formaci\u00f3n, les anticipo algunas cosas de inter\u00e9s. Gustavo Vergara (viol\u00edn), Iv\u00e1n G\u00f6rnemann (viol\u00edn),\u00a0Lorenzo Meseguer (chelo) y Miguel \u00c1ngel Rodr\u00edguez (viola) -por orden [&hellip;]<\/p>\n","protected":false},"author":24,"featured_media":0,"comment_status":"open","ping_status":"closed","sticky":false,"template":"","format":"standard","meta":[],"categories":[19],"tags":[],"_links":{"self":[{"href":"https:\/\/blogs.laverdad.es\/musicainesperada\/wp-json\/wp\/v2\/posts\/51"}],"collection":[{"href":"https:\/\/blogs.laverdad.es\/musicainesperada\/wp-json\/wp\/v2\/posts"}],"about":[{"href":"https:\/\/blogs.laverdad.es\/musicainesperada\/wp-json\/wp\/v2\/types\/post"}],"author":[{"embeddable":true,"href":"https:\/\/blogs.laverdad.es\/musicainesperada\/wp-json\/wp\/v2\/users\/24"}],"replies":[{"embeddable":true,"href":"https:\/\/blogs.laverdad.es\/musicainesperada\/wp-json\/wp\/v2\/comments?post=51"}],"version-history":[{"count":0,"href":"https:\/\/blogs.laverdad.es\/musicainesperada\/wp-json\/wp\/v2\/posts\/51\/revisions"}],"wp:attachment":[{"href":"https:\/\/blogs.laverdad.es\/musicainesperada\/wp-json\/wp\/v2\/media?parent=51"}],"wp:term":[{"taxonomy":"category","embeddable":true,"href":"https:\/\/blogs.laverdad.es\/musicainesperada\/wp-json\/wp\/v2\/categories?post=51"},{"taxonomy":"post_tag","embeddable":true,"href":"https:\/\/blogs.laverdad.es\/musicainesperada\/wp-json\/wp\/v2\/tags?post=51"}],"curies":[{"name":"wp","href":"https:\/\/api.w.org\/{rel}","templated":true}]}}