{"id":57,"date":"2013-02-24T23:12:30","date_gmt":"2013-02-24T23:12:30","guid":{"rendered":"http:\/\/blogs.laverdad.es\/musicainesperada\/?p=57"},"modified":"2013-02-24T23:12:30","modified_gmt":"2013-02-24T23:12:30","slug":"musica-de-camara-en-murcia","status":"publish","type":"post","link":"https:\/\/blogs.laverdad.es\/musicainesperada\/2013\/02\/24\/musica-de-camara-en-murcia\/","title":{"rendered":"M\u00fasica de c\u00e1mara en Murcia."},"content":{"rendered":"<p><img loading=\"lazy\" class=\"aligncenter size-full wp-image-58\" title=\"agustin rubio\" src=\"\/musicainesperada\/wp-content\/uploads\/sites\/23\/2013\/02\/agustin-rubio.png\" alt=\"Agustin Rubio (en el centro del grabado)\" width=\"227\" height=\"222\" \/><\/p>\n<p>&nbsp;<\/p>\n<p>Las composiciones escritas para m\u00fasica de c\u00e1mara contienen toda la esencia de esta modalidad art\u00edstica. Los grandes compositores como Corelli, Bach, Haydn, Mozart, Beethoven, Brahms, Schubert, Mendelssohn, Dvorak, Tchaikosvky y Shostakovich, entre otros, componen un importante n\u00famero de obras de c\u00e1mara de gran calidad.<\/p>\n<p>&nbsp;<\/p>\n<p>En Murcia estamos de enhorabuena.\u00a0Tanto el Auditorio V\u00edctor Villegas, el Real Casino de Murcia y asociaciones como la de<em><strong> Amigos de la M\u00fasica Agust\u00edn Rubio (AMAR)<\/strong><\/em> programan m\u00fasica de c\u00e1mara a lo largo de toda la temporada.<\/p>\n<p>&nbsp;<\/p>\n<p>Hoy destaco la labor de la <em><strong>Asociaci\u00f3n AMAR<\/strong><\/em>, constituida por m\u00fasicos y pedagogos musicales que, con sede en el Auditorio Miguel \u00c1ngel Clares de Algezares, inicia su actividad \u00a0el mes pr\u00f3ximo con una serie de conciertos, charlas educativas, seminarios, clases de iniciaci\u00f3n, clases magistrales, concursos y coloquios, dirigidos a toda la sociedad murciana.<\/p>\n<p>&nbsp;<\/p>\n<p>En el ciclo de conciertos de m\u00fasica de c\u00e1mara participan formaciones tan consolidadas como son el Cuarteto Saravasti, la Camerata de Murcia, el Trio Bacarisse y la Camerata Sine Tempore.<\/p>\n<p>&nbsp;<\/p>\n<p>Creo que la brillante trayectoria internacional y la intensa actividad camer\u00edstica del\u00a0 violonchelista <strong><em>Agust\u00edn Rubio<\/em><\/strong> (Murcia 1856, Londres 1940), del que toma el nombre esta asociaci\u00f3n, est\u00e1n muy bien reflejadas en su esp\u00edritu y en su actividad.<\/p>\n<p>&nbsp;<\/p>\n<p>El acto inaugural de AMAR es el <strong>domingo 3 de marzo<\/strong> a las <strong>20 horas<\/strong> en el <strong>Auditorio Miguel \u00c1ngel Clares<\/strong> de Algezares. La entrada es libre y se sirve un aperitivo.<\/p>\n","protected":false},"excerpt":{"rendered":"<p>&nbsp; Las composiciones escritas para m\u00fasica de c\u00e1mara contienen toda la esencia de esta modalidad art\u00edstica. Los grandes compositores como Corelli, Bach, Haydn, Mozart, Beethoven, Brahms, Schubert, Mendelssohn, Dvorak, Tchaikosvky y Shostakovich, entre otros, componen un importante n\u00famero de obras de c\u00e1mara de gran calidad. &nbsp; En Murcia estamos de enhorabuena.\u00a0Tanto el Auditorio V\u00edctor Villegas, [&hellip;]<\/p>\n","protected":false},"author":24,"featured_media":0,"comment_status":"open","ping_status":"closed","sticky":false,"template":"","format":"standard","meta":[],"categories":[17],"tags":[],"_links":{"self":[{"href":"https:\/\/blogs.laverdad.es\/musicainesperada\/wp-json\/wp\/v2\/posts\/57"}],"collection":[{"href":"https:\/\/blogs.laverdad.es\/musicainesperada\/wp-json\/wp\/v2\/posts"}],"about":[{"href":"https:\/\/blogs.laverdad.es\/musicainesperada\/wp-json\/wp\/v2\/types\/post"}],"author":[{"embeddable":true,"href":"https:\/\/blogs.laverdad.es\/musicainesperada\/wp-json\/wp\/v2\/users\/24"}],"replies":[{"embeddable":true,"href":"https:\/\/blogs.laverdad.es\/musicainesperada\/wp-json\/wp\/v2\/comments?post=57"}],"version-history":[{"count":0,"href":"https:\/\/blogs.laverdad.es\/musicainesperada\/wp-json\/wp\/v2\/posts\/57\/revisions"}],"wp:attachment":[{"href":"https:\/\/blogs.laverdad.es\/musicainesperada\/wp-json\/wp\/v2\/media?parent=57"}],"wp:term":[{"taxonomy":"category","embeddable":true,"href":"https:\/\/blogs.laverdad.es\/musicainesperada\/wp-json\/wp\/v2\/categories?post=57"},{"taxonomy":"post_tag","embeddable":true,"href":"https:\/\/blogs.laverdad.es\/musicainesperada\/wp-json\/wp\/v2\/tags?post=57"}],"curies":[{"name":"wp","href":"https:\/\/api.w.org\/{rel}","templated":true}]}}