{"id":61,"date":"2013-03-08T23:44:14","date_gmt":"2013-03-08T23:44:14","guid":{"rendered":"http:\/\/blogs.laverdad.es\/musicainesperada\/?p=61"},"modified":"2013-03-08T23:44:14","modified_gmt":"2013-03-08T23:44:14","slug":"sangre-vienesa-en-el-auditorio","status":"publish","type":"post","link":"https:\/\/blogs.laverdad.es\/musicainesperada\/2013\/03\/08\/sangre-vienesa-en-el-auditorio\/","title":{"rendered":"Sangre vienesa en el Auditorio."},"content":{"rendered":"<p><strong><a href=\"\/musicainesperada\/wp-content\/uploads\/sites\/23\/2013\/03\/fiedrich-espaldas2.jpg\"><img loading=\"lazy\" class=\"aligncenter size-full wp-image-68\" title=\"fiedrich espaldas\" src=\"\/musicainesperada\/wp-content\/uploads\/sites\/23\/2013\/03\/fiedrich-espaldas2.jpg\" alt=\"\" width=\"996\" height=\"752\" srcset=\"https:\/\/static-blogs.laverdad.es\/wp-content\/uploads\/sites\/23\/2013\/03\/fiedrich-espaldas2.jpg 996w, https:\/\/static-blogs.laverdad.es\/wp-content\/uploads\/sites\/23\/2013\/03\/fiedrich-espaldas2-300x227.jpg 300w, https:\/\/static-blogs.laverdad.es\/wp-content\/uploads\/sites\/23\/2013\/03\/fiedrich-espaldas2-768x580.jpg 768w\" sizes=\"(max-width: 996px) 100vw, 996px\" \/><\/a><\/strong><\/p>\n<p><strong>Fiedrich von \u00d6srm<\/strong> es un mecenas vien\u00e9s contempor\u00e1neo de Beethoven y de algunos m\u00fasicos del periodo rom\u00e1ntico, que viaja por las ciudades europeas en las que se programa m\u00fasica cl\u00e1sica: <em>\u201cBusco conciertos donde escuchar piezas musicales que realmente me emocionen y ustedes en Murcia tienen un gran auditorio y una orquesta joven con mucha calidad\u201d.<\/em><\/p>\n<p>Es dif\u00edcil asimilar que este personaje del siglo XVIII que visita Murcia con asiduidad se conserve tan bien: <em>\u201cEl secreto para mantenerme vivo es escuchar buena m\u00fasica. Es la raz\u00f3n por la que no envejezco\u201d.<\/em><\/p>\n<p>M\u00e1s inexplicable es todav\u00eda que un austriaco forrado de dinero, colabore con el Auditorio de Murcia en actividades formativas y visitas guiadas: <em>\u201cMe gusta explicarle a los m\u00e1s peque\u00f1os cosas sobre este edificio, sobre la orquesta y sobre el concierto que van a escuchar. Tengo absoluta libertad para entrar y salir del auditorio y hasta he dormido en el escenario alguna noche, aunque puedo permitirme los mejores hoteles\u201d.<\/em><\/p>\n<p><strong>Fiedrich<\/strong> ya tiene muchas an\u00e9cdotas que contar en los caf\u00e9s de Viena: <em>\u201cEn las visitas guiadas los ni\u00f1os se sienten atra\u00eddos por el misterio del foso orquestal, ese lugar tan oscuro donde los m\u00fasicos tocan a la luz de una peque\u00f1a l\u00e1mpara. Tambi\u00e9n es sorprendente como algunos ni\u00f1os conocen muchas curiosidades sobre los grandes m\u00fasicos\u201d.<\/em><\/p>\n<p>Esta temporada, ya est\u00e1n reservadas todas las visitas guiadas por <strong>von \u00d6srm<\/strong>. Pero a Fiedrich le gusta tanto nuestra orquesta sinf\u00f3nica que el pr\u00f3ximo a\u00f1o seguiremos disfrutando con su imaginaci\u00f3n.<\/p>\n<p>Informaci\u00f3n visitas en el <strong>968 34 10 60<\/strong> y <strong>comunicacion@sinfonicaregiondemurcia.com<\/strong><\/p>\n<p><strong>Fiedrich von \u00d6srm<\/strong> es Manuel de Reyes Rodr\u00edguez de Vera Moulia\u00e1.<\/p>\n","protected":false},"excerpt":{"rendered":"<p>Fiedrich von \u00d6srm es un mecenas vien\u00e9s contempor\u00e1neo de Beethoven y de algunos m\u00fasicos del periodo rom\u00e1ntico, que viaja por las ciudades europeas en las que se programa m\u00fasica cl\u00e1sica: \u201cBusco conciertos donde escuchar piezas musicales que realmente me emocionen y ustedes en Murcia tienen un gran auditorio y una orquesta joven con mucha calidad\u201d. [&hellip;]<\/p>\n","protected":false},"author":24,"featured_media":0,"comment_status":"open","ping_status":"closed","sticky":false,"template":"","format":"standard","meta":[],"categories":[5],"tags":[],"_links":{"self":[{"href":"https:\/\/blogs.laverdad.es\/musicainesperada\/wp-json\/wp\/v2\/posts\/61"}],"collection":[{"href":"https:\/\/blogs.laverdad.es\/musicainesperada\/wp-json\/wp\/v2\/posts"}],"about":[{"href":"https:\/\/blogs.laverdad.es\/musicainesperada\/wp-json\/wp\/v2\/types\/post"}],"author":[{"embeddable":true,"href":"https:\/\/blogs.laverdad.es\/musicainesperada\/wp-json\/wp\/v2\/users\/24"}],"replies":[{"embeddable":true,"href":"https:\/\/blogs.laverdad.es\/musicainesperada\/wp-json\/wp\/v2\/comments?post=61"}],"version-history":[{"count":0,"href":"https:\/\/blogs.laverdad.es\/musicainesperada\/wp-json\/wp\/v2\/posts\/61\/revisions"}],"wp:attachment":[{"href":"https:\/\/blogs.laverdad.es\/musicainesperada\/wp-json\/wp\/v2\/media?parent=61"}],"wp:term":[{"taxonomy":"category","embeddable":true,"href":"https:\/\/blogs.laverdad.es\/musicainesperada\/wp-json\/wp\/v2\/categories?post=61"},{"taxonomy":"post_tag","embeddable":true,"href":"https:\/\/blogs.laverdad.es\/musicainesperada\/wp-json\/wp\/v2\/tags?post=61"}],"curies":[{"name":"wp","href":"https:\/\/api.w.org\/{rel}","templated":true}]}}