{"id":69,"date":"2013-03-12T08:15:14","date_gmt":"2013-03-12T08:15:14","guid":{"rendered":"http:\/\/blogs.laverdad.es\/musicainesperada\/?p=69"},"modified":"2013-03-12T08:15:14","modified_gmt":"2013-03-12T08:15:14","slug":"padre-en-tus-manos-encomiendo-mi-espiritu","status":"publish","type":"post","link":"https:\/\/blogs.laverdad.es\/musicainesperada\/2013\/03\/12\/padre-en-tus-manos-encomiendo-mi-espiritu\/","title":{"rendered":"&#8220;Padre, en tus manos encomiendo mi esp\u00edritu&#8221;."},"content":{"rendered":"<p><img loading=\"lazy\" class=\"aligncenter size-medium wp-image-71\" title=\"Saravasti reducida\" src=\"\/musicainesperada\/wp-content\/uploads\/sites\/23\/2013\/03\/Saravasti-reducida1.png\" alt=\"Cuarteto Saravasti\" width=\"300\" height=\"234\" srcset=\"https:\/\/static-blogs.laverdad.es\/wp-content\/uploads\/sites\/23\/2013\/03\/Saravasti-reducida1.png 1000w, https:\/\/static-blogs.laverdad.es\/wp-content\/uploads\/sites\/23\/2013\/03\/Saravasti-reducida1-300x235.png 300w, https:\/\/static-blogs.laverdad.es\/wp-content\/uploads\/sites\/23\/2013\/03\/Saravasti-reducida1-768x601.png 768w\" sizes=\"(max-width: 300px) 100vw, 300px\" \/><\/p>\n<p>&nbsp;<\/p>\n<p>La tradici\u00f3n dice que estas fueron las \u00faltimas siete palabras de\u00a0Jes\u00fas\u00a0en la Cruz. La obra que hoy les comento, <strong>&#8220;Las Siete \u00daltimas Palabras de Cristo en la Cruz&#8221;<\/strong>, en realidad\u00a0se refiere a las \u00faltimas siete frases o &#8220;Septem Verba&#8221; que pronunci\u00f3\u00a0el Mes\u00edas\u00a0antes de morir.<\/p>\n<p>Esta famosa obra de <strong>Joseph Haydn<\/strong> (1932-1809)\u00a0es interpretada ma\u00f1ana por el <strong>Cuarteto Saravasti<\/strong> en el Auditorio. El propio\u00a0compositor dice de la pieza musical: <em>&#8220;Despu\u00e9s de un apropiado preludio, el obispo sub\u00eda al p\u00falpito, pronunciaba una de las siete palabras y proced\u00eda a comentarla. Luego bajaba del p\u00falpito y se arrodillaba ante el altar. Durante esta pausa se volv\u00eda a tocar m\u00fasica. De manera similar, el obispo sub\u00eda y bajaba del p\u00falpito para cada una de las restantes palabras, y la m\u00fasica sonaba en cada pausa<\/em>&#8220;.<\/p>\n<p><strong>Gabriel Lauret<\/strong>, violinista del <strong>Cuarteto Saravasti<\/strong>, nos comenta que <em>&#8220;para crear este ambiente de recogimiento, la sala queda en penumbras y tocamos\u00a0con\u00a0la luz de una\u00a0lamparita\u00a0en cada atril. El texto lo leer\u00e1 una voz en off&#8221;.<\/em><\/p>\n<p>La composici\u00f3n\u00a0es encargada a <strong>Haydn<\/strong> por el\u00a0marqu\u00e9s de Valle-\u00cd\u00f1igo, en nombre de la Hermandad de la Santa Cueva de C\u00e1diz para que acompa\u00f1e los oficios del Viernes Santo. El maestro vien\u00e9s\u00a0opina: <em>&#8220;Mi obra deb\u00eda adaptarse a estas condiciones, y no fue tarea f\u00e1cil componer siete adagios de unos diez minutos de duraci\u00f3n, sucedi\u00e9ndose uno tras otro sin cansar al oyente; en verdad, lo consider\u00e9 casi imposible, por lo que tuve que esforzarme hasta el l\u00edmite&#8221;.<\/em><\/p>\n<p>He presenciado ensayos de esta formaci\u00f3n camer\u00edstica y realmente cuidan los detalles de cada partitura que preparan. La emoci\u00f3n\u00a0escuchando esta m\u00fasica\u00a0est\u00e1 garantizada.<\/p>\n<p><em><span style=\"font-size: small;\"><span style=\"font-size: small;\"><strong>&#8220;Las Siete \u00daltimas Palabras de Cristo en la Cruz&#8221;<\/strong> Op. 51. <strong>J. Haydn<\/strong>.\u00a0CUARTETO SARA<span style=\"font-size: small;\">VASTI.<\/span><\/span> Mi\u00e9rcoles, <strong>13 de marzo<\/strong> a las <strong>20 horas<\/strong> en el\u00a0Auditorio y Centro de Congresos V\u00edctor Villegas. <\/span><\/em><\/p>\n<p>&nbsp;<\/p>\n","protected":false},"excerpt":{"rendered":"<p>&nbsp; La tradici\u00f3n dice que estas fueron las \u00faltimas siete palabras de\u00a0Jes\u00fas\u00a0en la Cruz. La obra que hoy les comento, &#8220;Las Siete \u00daltimas Palabras de Cristo en la Cruz&#8221;, en realidad\u00a0se refiere a las \u00faltimas siete frases o &#8220;Septem Verba&#8221; que pronunci\u00f3\u00a0el Mes\u00edas\u00a0antes de morir. Esta famosa obra de Joseph Haydn (1932-1809)\u00a0es interpretada ma\u00f1ana por [&hellip;]<\/p>\n","protected":false},"author":24,"featured_media":0,"comment_status":"open","ping_status":"closed","sticky":false,"template":"","format":"standard","meta":[],"categories":[19],"tags":[],"_links":{"self":[{"href":"https:\/\/blogs.laverdad.es\/musicainesperada\/wp-json\/wp\/v2\/posts\/69"}],"collection":[{"href":"https:\/\/blogs.laverdad.es\/musicainesperada\/wp-json\/wp\/v2\/posts"}],"about":[{"href":"https:\/\/blogs.laverdad.es\/musicainesperada\/wp-json\/wp\/v2\/types\/post"}],"author":[{"embeddable":true,"href":"https:\/\/blogs.laverdad.es\/musicainesperada\/wp-json\/wp\/v2\/users\/24"}],"replies":[{"embeddable":true,"href":"https:\/\/blogs.laverdad.es\/musicainesperada\/wp-json\/wp\/v2\/comments?post=69"}],"version-history":[{"count":0,"href":"https:\/\/blogs.laverdad.es\/musicainesperada\/wp-json\/wp\/v2\/posts\/69\/revisions"}],"wp:attachment":[{"href":"https:\/\/blogs.laverdad.es\/musicainesperada\/wp-json\/wp\/v2\/media?parent=69"}],"wp:term":[{"taxonomy":"category","embeddable":true,"href":"https:\/\/blogs.laverdad.es\/musicainesperada\/wp-json\/wp\/v2\/categories?post=69"},{"taxonomy":"post_tag","embeddable":true,"href":"https:\/\/blogs.laverdad.es\/musicainesperada\/wp-json\/wp\/v2\/tags?post=69"}],"curies":[{"name":"wp","href":"https:\/\/api.w.org\/{rel}","templated":true}]}}