{"id":73,"date":"2013-03-15T20:39:51","date_gmt":"2013-03-15T20:39:51","guid":{"rendered":"http:\/\/blogs.laverdad.es\/musicainesperada\/?p=73"},"modified":"2013-03-15T20:39:51","modified_gmt":"2013-03-15T20:39:51","slug":"a-misa-con-papa-haydn","status":"publish","type":"post","link":"https:\/\/blogs.laverdad.es\/musicainesperada\/2013\/03\/15\/a-misa-con-papa-haydn\/","title":{"rendered":"A misa con Pap\u00e1 Haydn."},"content":{"rendered":"<p><a href=\"\/musicainesperada\/wp-content\/uploads\/sites\/23\/2013\/03\/Joseph_Haydn1.jpg\"><img loading=\"lazy\" class=\"aligncenter size-medium wp-image-77\" title=\"Joseph_Haydn\" src=\"\/musicainesperada\/wp-content\/uploads\/sites\/23\/2013\/03\/Joseph_Haydn1.jpg\" alt=\"\" width=\"237\" height=\"300\" srcset=\"https:\/\/static-blogs.laverdad.es\/wp-content\/uploads\/sites\/23\/2013\/03\/Joseph_Haydn1.jpg 250w, https:\/\/static-blogs.laverdad.es\/wp-content\/uploads\/sites\/23\/2013\/03\/Joseph_Haydn1-237x300.jpg 237w\" sizes=\"(max-width: 237px) 100vw, 237px\" \/><\/a><\/p>\n<p>&nbsp;<\/p>\n<p>Todav\u00eda estamos bajo el efecto de los conmovedores misterios del dolor de la gran obra de <strong>Haydn<\/strong> que nos regal\u00f3 esta semana el Cuarteto Saravasti.<\/p>\n<p><strong>Joseph Haydn<\/strong> es un caso \u00fanico en la Historia de la M\u00fasica. El compositor pasa de estar considerado como el genio indiscutible al m\u00fasico que no interesa y un ejemplo de esta afirmaci\u00f3n\u00a0lo tenemos en sus estupendas misas, que son rechazadas por el hecho de considerarlas excesivamente alegres.<\/p>\n<p>La <strong>Missa Brevis \u201cSancti Joannis de Deo\u201d<\/strong> en Si bemol mayor (Hob. XXII, 7), tambi\u00e9n conocida como <strong>Peque\u00f1a Misa con \u00f3rgano<\/strong><em>,<\/em> est\u00e1 escrita para una orquesta muy simple (<em>\u201ctr\u00edo de iglesia a la vienesa\u201d<\/em>), con dos partes de viol\u00edn y bajo y en la que el \u00f3rgano adquiere un protagonismo especial en el<em> Benedictus. <\/em>En total, la obra se compone de seis partes: <em>Kyrie, Gloria, Credo, Sanctus, Benedictus, y Agnus Dei.<\/em><\/p>\n<p>El profesor de Historia <strong>Pedro Olivares Galva\u00f1<\/strong>\u00a0es el int\u00e9rprete de \u00f3rgano en esta ocasi\u00f3n y nos cuenta como este instrumento<em> \u201cacompa\u00f1a a un solo de soprano que recuerda las arias de Bach, liberadas de las rigideces barrocas. En \u00e9l destacan la calidad cristalina del sonido y el contraste entre la transparencia y la serenidad de la solista\u201d.<\/em><\/p>\n<p><strong>Haydn<\/strong> pertenece a la denominada Primera Escuela de Viena, junto a Mozart, Beethoven y Schubert.<\/p>\n<div class=\"mceTemp mceIEcenter\"><\/div>\n<p><strong>S\u00e1bado 16 de Marzo de 2013<\/strong>, <strong>20 horas<\/strong>. Iglesia de San Roque de Alcantarilla. Orquesta de C\u00e1mara de Murcia y Coral Kantara. Director musical: Jos\u00e9 Ignacio Pellicer. Director de coro: Javier Caballero. Obras de Porpora, Marcello y Haydn.<\/p>\n<p>&nbsp;<\/p>\n<p><strong>\u00a0<\/strong><\/p>\n","protected":false},"excerpt":{"rendered":"<p>&nbsp; Todav\u00eda estamos bajo el efecto de los conmovedores misterios del dolor de la gran obra de Haydn que nos regal\u00f3 esta semana el Cuarteto Saravasti. Joseph Haydn es un caso \u00fanico en la Historia de la M\u00fasica. El compositor pasa de estar considerado como el genio indiscutible al m\u00fasico que no interesa y un [&hellip;]<\/p>\n","protected":false},"author":24,"featured_media":0,"comment_status":"open","ping_status":"closed","sticky":false,"template":"","format":"standard","meta":[],"categories":[19],"tags":[],"_links":{"self":[{"href":"https:\/\/blogs.laverdad.es\/musicainesperada\/wp-json\/wp\/v2\/posts\/73"}],"collection":[{"href":"https:\/\/blogs.laverdad.es\/musicainesperada\/wp-json\/wp\/v2\/posts"}],"about":[{"href":"https:\/\/blogs.laverdad.es\/musicainesperada\/wp-json\/wp\/v2\/types\/post"}],"author":[{"embeddable":true,"href":"https:\/\/blogs.laverdad.es\/musicainesperada\/wp-json\/wp\/v2\/users\/24"}],"replies":[{"embeddable":true,"href":"https:\/\/blogs.laverdad.es\/musicainesperada\/wp-json\/wp\/v2\/comments?post=73"}],"version-history":[{"count":0,"href":"https:\/\/blogs.laverdad.es\/musicainesperada\/wp-json\/wp\/v2\/posts\/73\/revisions"}],"wp:attachment":[{"href":"https:\/\/blogs.laverdad.es\/musicainesperada\/wp-json\/wp\/v2\/media?parent=73"}],"wp:term":[{"taxonomy":"category","embeddable":true,"href":"https:\/\/blogs.laverdad.es\/musicainesperada\/wp-json\/wp\/v2\/categories?post=73"},{"taxonomy":"post_tag","embeddable":true,"href":"https:\/\/blogs.laverdad.es\/musicainesperada\/wp-json\/wp\/v2\/tags?post=73"}],"curies":[{"name":"wp","href":"https:\/\/api.w.org\/{rel}","templated":true}]}}