{"id":78,"date":"2013-03-18T21:14:29","date_gmt":"2013-03-18T21:14:29","guid":{"rendered":"http:\/\/blogs.laverdad.es\/musicainesperada\/?p=78"},"modified":"2013-03-18T21:14:29","modified_gmt":"2013-03-18T21:14:29","slug":"tres-payasos-un-elefante-y-paquito","status":"publish","type":"post","link":"https:\/\/blogs.laverdad.es\/musicainesperada\/2013\/03\/18\/tres-payasos-un-elefante-y-paquito\/","title":{"rendered":"Tres payasos, un elefante y Paquito."},"content":{"rendered":"<p><a href=\"\/musicainesperada\/wp-content\/uploads\/sites\/23\/2013\/03\/Paquito-de-rivera.jpg\"><img loading=\"lazy\" class=\"alignright size-full wp-image-79\" title=\"Paquito de rivera\" src=\"\/musicainesperada\/wp-content\/uploads\/sites\/23\/2013\/03\/Paquito-de-rivera.jpg\" alt=\"\" width=\"260\" height=\"194\" \/><\/a>Todo el mundo del Jazz conoce a <strong>Paquito D\u00b4Rivera<\/strong>. Este c\u00e9lebre m\u00fasico clarinetista y saxofonista cubano afincado en New Jersey es un aut\u00e9ntico fuera de serie dentro y fuera de los escenarios. Tengo la inexplicable fortuna de mantener una cordial y regular correspondencia con \u00e9l y, adem\u00e1s, lo pude saludar personalmente en su reciente visita a Cartagena.<\/p>\n<p>Hace unos d\u00edas me cuenta que ha compuesto una bella pieza musical titulada <strong>\u201cEl Payaso y el Elefante\u201d<\/strong> poco despu\u00e9s de <em>\u201cterminar de leer\u00a0muyemocionado la \u00faltima novela que escribi\u00f3 Miliki titulada Cuando duermen los murci\u00e9lagos\u201d.<\/em><\/p>\n<p>Paquito comenta que <strong>\u201cEl Payaso y el Elefante\u201d<\/strong> es una obra a la vez c\u00f3mica y dram\u00e1tica: <em>\u201cEst\u00e1 basada en una an\u00e9cdota que me cont\u00f3 Miliki, de cuando el bromista\u00a0de su hermano Fof\u00f3, en medio de una gira con el circo por los pueblos de Cuba, le escondi\u00f3 el elefante al entrenador. Despu\u00e9s, \u00e9l mismo lo acompa\u00f1\u00f3 a la polic\u00eda para que hiciera la denuncia del supuesto robo del animalote. Cuentan que el polic\u00eda jefe quer\u00eda dejarlo preso porque pensaba que era una burla del hombre\u201d.<\/em><\/p>\n<p>La obra, que tiene algo m\u00e1s de 10 minutos de duraci\u00f3n, est\u00e1 dedicada a <strong>Gaby, Fof\u00f3 y Miliki<\/strong> y est\u00e1 escrita para quinteto de metales con bombardino, flauta, clarinete, fagot, saxo soprano, saxo tenor, cuerdas, arpa y percusi\u00f3n.<\/p>\n<p>\u00bfSe imaginan que se dieran las circunstancias para que en Murcia se estrenase <strong>\u201cEl Payaso y el Elefante\u201d<\/strong>?.<\/p>\n<p>Mientras tanto, les dejo con <strong>\u201cBrussels in the rain\u201d<\/strong> de mi amigo Paquito.<\/p>\n<p>Descuiden, si hay aparece por aqu\u00ed el elefante, les avisar\u00e9.<\/p>\n<p><iframe loading=\"lazy\" src=\"\/\/www.youtube.com\/embed\/tLIqzuLXigE\" frameborder=\"0\" width=\"420\" height=\"315\"><\/iframe><\/p>\n","protected":false},"excerpt":{"rendered":"<p>Todo el mundo del Jazz conoce a Paquito D\u00b4Rivera. Este c\u00e9lebre m\u00fasico clarinetista y saxofonista cubano afincado en New Jersey es un aut\u00e9ntico fuera de serie dentro y fuera de los escenarios. Tengo la inexplicable fortuna de mantener una cordial y regular correspondencia con \u00e9l y, adem\u00e1s, lo pude saludar personalmente en su reciente visita [&hellip;]<\/p>\n","protected":false},"author":24,"featured_media":0,"comment_status":"open","ping_status":"closed","sticky":false,"template":"","format":"standard","meta":[],"categories":[12],"tags":[],"_links":{"self":[{"href":"https:\/\/blogs.laverdad.es\/musicainesperada\/wp-json\/wp\/v2\/posts\/78"}],"collection":[{"href":"https:\/\/blogs.laverdad.es\/musicainesperada\/wp-json\/wp\/v2\/posts"}],"about":[{"href":"https:\/\/blogs.laverdad.es\/musicainesperada\/wp-json\/wp\/v2\/types\/post"}],"author":[{"embeddable":true,"href":"https:\/\/blogs.laverdad.es\/musicainesperada\/wp-json\/wp\/v2\/users\/24"}],"replies":[{"embeddable":true,"href":"https:\/\/blogs.laverdad.es\/musicainesperada\/wp-json\/wp\/v2\/comments?post=78"}],"version-history":[{"count":0,"href":"https:\/\/blogs.laverdad.es\/musicainesperada\/wp-json\/wp\/v2\/posts\/78\/revisions"}],"wp:attachment":[{"href":"https:\/\/blogs.laverdad.es\/musicainesperada\/wp-json\/wp\/v2\/media?parent=78"}],"wp:term":[{"taxonomy":"category","embeddable":true,"href":"https:\/\/blogs.laverdad.es\/musicainesperada\/wp-json\/wp\/v2\/categories?post=78"},{"taxonomy":"post_tag","embeddable":true,"href":"https:\/\/blogs.laverdad.es\/musicainesperada\/wp-json\/wp\/v2\/tags?post=78"}],"curies":[{"name":"wp","href":"https:\/\/api.w.org\/{rel}","templated":true}]}}