{"id":8,"date":"2013-01-22T22:59:29","date_gmt":"2013-01-22T22:59:29","guid":{"rendered":"http:\/\/blogs.laverdad.es\/musicainesperada\/?p=8"},"modified":"2013-01-22T22:59:29","modified_gmt":"2013-01-22T22:59:29","slug":"musica-degenerada-en-murcia","status":"publish","type":"post","link":"https:\/\/blogs.laverdad.es\/musicainesperada\/2013\/01\/22\/musica-degenerada-en-murcia\/","title":{"rendered":"M\u00fasica degenerada en Murcia"},"content":{"rendered":"<p><a href=\"\/musicainesperada\/wp-content\/uploads\/sites\/23\/2013\/01\/Entartete-musik.png\"><img loading=\"lazy\" class=\"alignright size-full wp-image-9\" title=\"Entartete Musik\" src=\"\/musicainesperada\/wp-content\/uploads\/sites\/23\/2013\/01\/Entartete-musik.png\" alt=\"\" width=\"219\" height=\"313\" srcset=\"https:\/\/static-blogs.laverdad.es\/wp-content\/uploads\/sites\/23\/2013\/01\/Entartete-musik.png 219w, https:\/\/static-blogs.laverdad.es\/wp-content\/uploads\/sites\/23\/2013\/01\/Entartete-musik-210x300.png 210w\" sizes=\"(max-width: 219px) 100vw, 219px\" \/><\/a>Este es el calificativo que el movimiento nacional socialista germano atribuy\u00f3 a la m\u00fasica de los compositores no queridos por el r\u00e9gimen, como Hindemith, Messian y Sch\u00f6nberg, entre otros. Sus obras eran catalogadas como no aptas ya que no segu\u00edan la est\u00e9tica ni los ideales del r\u00e9gimen nazi. En el mes de Febrero, en Murcia, el Cuarteto Mario Medina interpretar\u00e1 \u201cm\u00fasica degenerada\u201d de Pavel Haas, Viktor Ullmann y Alexander Zemlinsky, compositores de origen jud\u00edo que murieron en campos de exterminio. A pesar de su sufrimiento, estos artistas siguieron componiendo y, hoy en d\u00eda, a pesar de que muchas de estas obras fueron quemadas o se perdieron, estos m\u00fasicos nos ofrecer\u00e1n algunas\u00a0de gran valor por su contenido y profundidad.<\/p>\n","protected":false},"excerpt":{"rendered":"<p>Este es el calificativo que el movimiento nacional socialista germano atribuy\u00f3 a la m\u00fasica de los compositores no queridos por el r\u00e9gimen, como Hindemith, Messian y Sch\u00f6nberg, entre otros. Sus obras eran catalogadas como no aptas ya que no segu\u00edan la est\u00e9tica ni los ideales del r\u00e9gimen nazi. En el mes de Febrero, en Murcia, [&hellip;]<\/p>\n","protected":false},"author":24,"featured_media":0,"comment_status":"open","ping_status":"closed","sticky":false,"template":"","format":"standard","meta":[],"categories":[17],"tags":[],"_links":{"self":[{"href":"https:\/\/blogs.laverdad.es\/musicainesperada\/wp-json\/wp\/v2\/posts\/8"}],"collection":[{"href":"https:\/\/blogs.laverdad.es\/musicainesperada\/wp-json\/wp\/v2\/posts"}],"about":[{"href":"https:\/\/blogs.laverdad.es\/musicainesperada\/wp-json\/wp\/v2\/types\/post"}],"author":[{"embeddable":true,"href":"https:\/\/blogs.laverdad.es\/musicainesperada\/wp-json\/wp\/v2\/users\/24"}],"replies":[{"embeddable":true,"href":"https:\/\/blogs.laverdad.es\/musicainesperada\/wp-json\/wp\/v2\/comments?post=8"}],"version-history":[{"count":0,"href":"https:\/\/blogs.laverdad.es\/musicainesperada\/wp-json\/wp\/v2\/posts\/8\/revisions"}],"wp:attachment":[{"href":"https:\/\/blogs.laverdad.es\/musicainesperada\/wp-json\/wp\/v2\/media?parent=8"}],"wp:term":[{"taxonomy":"category","embeddable":true,"href":"https:\/\/blogs.laverdad.es\/musicainesperada\/wp-json\/wp\/v2\/categories?post=8"},{"taxonomy":"post_tag","embeddable":true,"href":"https:\/\/blogs.laverdad.es\/musicainesperada\/wp-json\/wp\/v2\/tags?post=8"}],"curies":[{"name":"wp","href":"https:\/\/api.w.org\/{rel}","templated":true}]}}