{"id":85,"date":"2013-03-29T01:28:47","date_gmt":"2013-03-29T01:28:47","guid":{"rendered":"http:\/\/blogs.laverdad.es\/musicainesperada\/?p=85"},"modified":"2013-03-29T01:28:47","modified_gmt":"2013-03-29T01:28:47","slug":"la-sinfonia-heroica-i-donde-dije-bonaparte-digo-lobwkowitz","status":"publish","type":"post","link":"https:\/\/blogs.laverdad.es\/musicainesperada\/2013\/03\/29\/la-sinfonia-heroica-i-donde-dije-bonaparte-digo-lobwkowitz\/","title":{"rendered":"La sinfon\u00eda Heroica (I): Donde dije Bonaparte digo Lobwkowitz."},"content":{"rendered":"<p><strong><a href=\"\/musicainesperada\/wp-content\/uploads\/sites\/23\/2013\/03\/Napoleon_Bonaparte1.jpg\"><img loading=\"lazy\" class=\"alignright size-medium wp-image-87\" title=\"Napoleon_Bonaparte\" src=\"\/musicainesperada\/wp-content\/uploads\/sites\/23\/2013\/03\/Napoleon_Bonaparte1.jpg\" alt=\"\" width=\"256\" height=\"300\" srcset=\"https:\/\/static-blogs.laverdad.es\/wp-content\/uploads\/sites\/23\/2013\/03\/Napoleon_Bonaparte1.jpg 350w, https:\/\/static-blogs.laverdad.es\/wp-content\/uploads\/sites\/23\/2013\/03\/Napoleon_Bonaparte1-256x300.jpg 256w\" sizes=\"(max-width: 256px) 100vw, 256px\" \/><\/a>Beethoven<\/strong> compone entre 1802 y 1804 la <strong>sinfon\u00eda n\u00ba 3<\/strong> como muestra de admiraci\u00f3n a <strong>Napole\u00f3n<\/strong>, general franc\u00e9s que va a liberar a\u00a0Europa de la monarqu\u00eda. Sin embargo, cuando se entera de la autoproclamaci\u00f3n de \u00e9ste como emperador, borra la dedicatoria de la partitura y la edita con el t\u00edtulo de<em>\u00a0&#8220;Sinfonia eroica, composta per festeggiare il sovvenire d&#8217; un grand&#8217; uomo, e dedicata a Sua Altezza Seren\u00edsima il Principe de Lobkowitz&#8221;<\/em>\u00a0(&#8220;Sinfon\u00eda heroica, compuesta para festejar el recuerdo de un gran hombre y dedicada a Su Alteza el Pr\u00edncipe de Lobkowitz&#8221;).<\/p>\n<p>Esta sinfon\u00eda supone una feliz novedad en la historia de la m\u00fasica ya que <strong>Don Luis<\/strong> rebasa claramente las fronteras de su tiempo. No s\u00f3lo es, hasta ese momento, la sinfon\u00eda de mayor duraci\u00f3n sino que contiene un continuo e implacable impulso r\u00edtmico sin parang\u00f3n.<\/p>\n<p><strong>Beethoven<\/strong>, sin traicionar los principios del Clasicismo, dinamita los esquemas de este periodo y crea una obra donde todo es imaginaci\u00f3n y creatividad en el tratamiento de los temas musicales. Adem\u00e1s, se muestra como un genial improvisador y experimenta con las distintas posibilidades sonoras de cada instrumento de la orquesta.<\/p>\n<div class=\"mceTemp\">El impulso narrador de la sinfon\u00eda hace que, aunque no seamos m\u00fasicos, la obra capte de inmediato nuestra atenci\u00f3n y nos mantenga fascinados durante los 4 movimientos: <strong><em>Allegro con brio; Marcha f\u00fanebre: Adagio assai; Allegro vivace; Finale: Allegro molto.<\/em><\/strong><\/div>\n<p>&nbsp;<\/p>\n<p>Esta magn\u00edfica composici\u00f3n, que escucharemos el<strong> jueves 4<\/strong> en Cartagena y el<strong> viernes 5<\/strong> en Murcia, tiene infinidad de detalles que la hacen \u00fanica y asombrosa.<\/p>\n<p>Les sigo contando cosas de la <strong>Heroica<\/strong> en la pr\u00f3xima publicaci\u00f3n.<\/p>\n","protected":false},"excerpt":{"rendered":"<p>Beethoven compone entre 1802 y 1804 la sinfon\u00eda n\u00ba 3 como muestra de admiraci\u00f3n a Napole\u00f3n, general franc\u00e9s que va a liberar a\u00a0Europa de la monarqu\u00eda. Sin embargo, cuando se entera de la autoproclamaci\u00f3n de \u00e9ste como emperador, borra la dedicatoria de la partitura y la edita con el t\u00edtulo de\u00a0&#8220;Sinfonia eroica, composta per festeggiare [&hellip;]<\/p>\n","protected":false},"author":24,"featured_media":0,"comment_status":"open","ping_status":"closed","sticky":false,"template":"","format":"standard","meta":[],"categories":[19],"tags":[],"_links":{"self":[{"href":"https:\/\/blogs.laverdad.es\/musicainesperada\/wp-json\/wp\/v2\/posts\/85"}],"collection":[{"href":"https:\/\/blogs.laverdad.es\/musicainesperada\/wp-json\/wp\/v2\/posts"}],"about":[{"href":"https:\/\/blogs.laverdad.es\/musicainesperada\/wp-json\/wp\/v2\/types\/post"}],"author":[{"embeddable":true,"href":"https:\/\/blogs.laverdad.es\/musicainesperada\/wp-json\/wp\/v2\/users\/24"}],"replies":[{"embeddable":true,"href":"https:\/\/blogs.laverdad.es\/musicainesperada\/wp-json\/wp\/v2\/comments?post=85"}],"version-history":[{"count":0,"href":"https:\/\/blogs.laverdad.es\/musicainesperada\/wp-json\/wp\/v2\/posts\/85\/revisions"}],"wp:attachment":[{"href":"https:\/\/blogs.laverdad.es\/musicainesperada\/wp-json\/wp\/v2\/media?parent=85"}],"wp:term":[{"taxonomy":"category","embeddable":true,"href":"https:\/\/blogs.laverdad.es\/musicainesperada\/wp-json\/wp\/v2\/categories?post=85"},{"taxonomy":"post_tag","embeddable":true,"href":"https:\/\/blogs.laverdad.es\/musicainesperada\/wp-json\/wp\/v2\/tags?post=85"}],"curies":[{"name":"wp","href":"https:\/\/api.w.org\/{rel}","templated":true}]}}