{"id":89,"date":"2013-03-30T21:35:42","date_gmt":"2013-03-30T21:35:42","guid":{"rendered":"http:\/\/blogs.laverdad.es\/musicainesperada\/?p=89"},"modified":"2013-03-30T21:35:42","modified_gmt":"2013-03-30T21:35:42","slug":"la-sinfonia-heroica-ii-los-retos-del-violonchelista","status":"publish","type":"post","link":"https:\/\/blogs.laverdad.es\/musicainesperada\/2013\/03\/30\/la-sinfonia-heroica-ii-los-retos-del-violonchelista\/","title":{"rendered":"La sinfon\u00eda Heroica (II): Los retos del violonchelista."},"content":{"rendered":"<p><a href=\"\/musicainesperada\/wp-content\/uploads\/sites\/23\/2013\/03\/Lorenzo-en-Pekin3.jpg\"><img loading=\"lazy\" class=\"alignright size-medium wp-image-94\" title=\"Lorenzo en Pekin\" src=\"\/musicainesperada\/wp-content\/uploads\/sites\/23\/2013\/03\/Lorenzo-en-Pekin3.jpg\" alt=\"\" width=\"223\" height=\"300\" srcset=\"https:\/\/static-blogs.laverdad.es\/wp-content\/uploads\/sites\/23\/2013\/03\/Lorenzo-en-Pekin3.jpg 597w, https:\/\/static-blogs.laverdad.es\/wp-content\/uploads\/sites\/23\/2013\/03\/Lorenzo-en-Pekin3-224x300.jpg 224w\" sizes=\"(max-width: 223px) 100vw, 223px\" \/><\/a><\/p>\n<p>Murcia en fiestas nos trae a familiares y amigos que est\u00e1n el resto del a\u00f1o fuera de la ciudad. Uno de\u00a0los m\u00e1s esperados,\u00a0es mi amigo <strong>Lorenzo Meseguer<\/strong>, violonchelista en la Universidad Mozarteum de Salzburgo\u00a0y que aparece en el centro de la foto en una reciente gira por China. Hoy conversamos con \u00e9l\u00a0sobre la 3\u00aa sinfon\u00eda de <strong>Beethoven.<\/strong><\/p>\n<p>Para <strong>Lorenzo<\/strong>, la <strong>Heroica<\/strong> \u201c<em>supone el amanecer del ideal rom\u00e1ntico, el individuo frente al mundo, el h\u00e9roe. La obra rompe moldes est\u00e9ticos del Clasicismo conteniendo nuevos elementos instrumentales, disonancias hasta entonces no utilizadas y, sobre todo, una masa sonora mucho m\u00e1s evolucionada que sus predecesoras\u201d.<\/em><\/p>\n<p>En el primer movimiento<strong> \u201cAllegro con brio\u201d,<\/strong> este m\u00fasico resalta <em>\u201cla nueva funci\u00f3n que Beethoven otorga a la voz del violonchelo, para el que \u00a0escribe grandes pasajes expresivos y mel\u00f3dicos. Al final de este movimiento (comp\u00e1s 655), tenemos un ejemplo de dificultad para el chelo cuando tiene \u00a0imitar, con la misma articulaci\u00f3n y fraseo, lo que antes han tocado los violines. Al ser un pasaje r\u00e1pido es m\u00e1s dif\u00edcil ejecutarlo con un instrumento de tesitura m\u00e1s grave\u201d.<\/em><\/p>\n<p>El car\u00e1cter del 2\u00ba movimiento, <strong>\u201cMarcha f\u00fanebre: Adagio assai\u201d,<\/strong> est\u00e1 marcado por el di\u00e1logo inicial entre violines I y contrabajos, que despu\u00e9s interpretan otras secciones de la orquesta. Para este chelista, <em>\u201cel contrabajo ejecuta un adorno de notas breves que da el sentido de la marcha y representa a la percusi\u00f3n. La dificultad musical del adagio f\u00fanebre de Beethoven est\u00e1 en expresar la profundidad del reflejo sobre el \u201cyo\u201d humano, el h\u00e9roe abatido\u201d.<\/em><\/p>\n<p>El <strong>Scherzo<\/strong> es muy delicado, con indicaciones de \u201c<em>sempre pianissimo e staccato\u201d<\/em>. <strong>Lorenzo<\/strong> destaca que <em>\u201cel reto se incrementa por la velocidad y los bruscos cambios de cuerda en el violonchelo a partir del comp\u00e1s siete. De nuevo, conseguir un car\u00e1cter articulado ligero en un instrumento grave, imitando lo que han hecho los violines, es siempre complicado\u201d. \u00a0<\/em><\/p>\n<p>El cuarto movimiento es el m\u00e1s complejo y variado: <em>\u201chay 11 compases de introducci\u00f3n a modo de tormenta y la dificultad reside en los grandes pasajes de semicorcheas a gran velocidad (compases 84 y 99). Adem\u00e1s hay a partir del comp\u00e1s 117 hay una fuga en la que la cuarta entrada la hacen los chelos (comp\u00e1s 137) y donde hay que respetar los diferentes planos sonoros y la importancia de cada voz\u201d.<\/em><\/p>\n<p>Otro de los puntos de gran intensidad expresiva de este \u00faltimo movimiento lo sit\u00faa este m\u00fasico en el <strong>\u201cPoco Andante\u201d<\/strong> del comp\u00e1s 349: <em>\u201cla dificultad\u00a0 de empastar la masa sonora con un fraseo de gran calidad solo se consigue con la buena utilizaci\u00f3n del legato de la mano izquierda: el vibrato\u201d.<\/em><\/p>\n<p>Agradezco a <strong>Lorenzo<\/strong> estas aclaraciones que nos descubren nuevas cosas en la m\u00fasica de\u00a0<strong>Beethoven.\u00a0<\/strong><\/p>\n","protected":false},"excerpt":{"rendered":"<p>Murcia en fiestas nos trae a familiares y amigos que est\u00e1n el resto del a\u00f1o fuera de la ciudad. Uno de\u00a0los m\u00e1s esperados,\u00a0es mi amigo Lorenzo Meseguer, violonchelista en la Universidad Mozarteum de Salzburgo\u00a0y que aparece en el centro de la foto en una reciente gira por China. Hoy conversamos con \u00e9l\u00a0sobre la 3\u00aa sinfon\u00eda [&hellip;]<\/p>\n","protected":false},"author":24,"featured_media":0,"comment_status":"open","ping_status":"closed","sticky":false,"template":"","format":"standard","meta":[],"categories":[19],"tags":[],"_links":{"self":[{"href":"https:\/\/blogs.laverdad.es\/musicainesperada\/wp-json\/wp\/v2\/posts\/89"}],"collection":[{"href":"https:\/\/blogs.laverdad.es\/musicainesperada\/wp-json\/wp\/v2\/posts"}],"about":[{"href":"https:\/\/blogs.laverdad.es\/musicainesperada\/wp-json\/wp\/v2\/types\/post"}],"author":[{"embeddable":true,"href":"https:\/\/blogs.laverdad.es\/musicainesperada\/wp-json\/wp\/v2\/users\/24"}],"replies":[{"embeddable":true,"href":"https:\/\/blogs.laverdad.es\/musicainesperada\/wp-json\/wp\/v2\/comments?post=89"}],"version-history":[{"count":0,"href":"https:\/\/blogs.laverdad.es\/musicainesperada\/wp-json\/wp\/v2\/posts\/89\/revisions"}],"wp:attachment":[{"href":"https:\/\/blogs.laverdad.es\/musicainesperada\/wp-json\/wp\/v2\/media?parent=89"}],"wp:term":[{"taxonomy":"category","embeddable":true,"href":"https:\/\/blogs.laverdad.es\/musicainesperada\/wp-json\/wp\/v2\/categories?post=89"},{"taxonomy":"post_tag","embeddable":true,"href":"https:\/\/blogs.laverdad.es\/musicainesperada\/wp-json\/wp\/v2\/tags?post=89"}],"curies":[{"name":"wp","href":"https:\/\/api.w.org\/{rel}","templated":true}]}}