{"id":914,"date":"2016-12-08T11:22:16","date_gmt":"2016-12-08T10:22:16","guid":{"rendered":"http:\/\/blogs.laverdad.es\/musicainesperada\/?p=914"},"modified":"2016-12-08T11:22:16","modified_gmt":"2016-12-08T10:22:16","slug":"pilar-del-humanismo","status":"publish","type":"post","link":"https:\/\/blogs.laverdad.es\/musicainesperada\/2016\/12\/08\/pilar-del-humanismo\/","title":{"rendered":"Pilar del Humanismo"},"content":{"rendered":"<p><a href=\"\/musicainesperada\/wp-content\/uploads\/sites\/23\/2016\/12\/Pilar-Fernandez.jpg\"><img loading=\"lazy\" class=\"alignleft size-large wp-image-915\" title=\"Pilar Fernandez\" src=\"\/musicainesperada\/wp-content\/uploads\/sites\/23\/2016\/12\/Pilar-Fernandez.jpg\" alt=\"\" width=\"1024\" height=\"667\" srcset=\"https:\/\/static-blogs.laverdad.es\/wp-content\/uploads\/sites\/23\/2016\/12\/Pilar-Fernandez.jpg 1292w, https:\/\/static-blogs.laverdad.es\/wp-content\/uploads\/sites\/23\/2016\/12\/Pilar-Fernandez-300x196.jpg 300w, https:\/\/static-blogs.laverdad.es\/wp-content\/uploads\/sites\/23\/2016\/12\/Pilar-Fernandez-768x501.jpg 768w, https:\/\/static-blogs.laverdad.es\/wp-content\/uploads\/sites\/23\/2016\/12\/Pilar-Fernandez-1024x667.jpg 1024w\" sizes=\"(max-width: 1024px) 100vw, 1024px\" \/><\/a><\/p>\n<p>&nbsp;<\/p>\n<p>La m\u00fasica a lo largo de los siglos nos ha legado obras para la eternidad, como <strong><em>El Mes\u00edas<\/em><\/strong> de <strong>George F. H\u00e4ndel<\/strong> (1685-1759), una composici\u00f3n que trata sobre los puntos claves de la fe cristiana a lo largo de sus tres partes: La Anunciaci\u00f3n, La Pasi\u00f3n y el religioso final sobre la resurrecci\u00f3n de los muertos.<\/p>\n<p><em><strong>El Mes\u00edas<\/strong><\/em> es una obra cumbre del compositor de Halle (Alemania) que destaca por su impactante arquitectura, s\u00f3lo a la altura de <em><strong>La Pasi\u00f3n seg\u00fan San Mateo<\/strong><\/em> de <strong>Bach<\/strong>. Este oratorio esta orquestado con una sencillez inusual para cuerda y continuo donde las trompetas y timbales pr\u00e1cticamente solo participan en las piezas en Re mayor.<\/p>\n<p>Desde el punto de vista conceptual, la obra\u00a0contiene un mensaje para \u201clos hombres de cualquier clase o condici\u00f3n\u201d, por lo que es un precursor de la corriente human\u00edstica iniciada el pasado siglo.<\/p>\n<p>Los conciertos participativos de la <strong><em>OSRM<\/em><\/strong> con coros amateurs comenzaron en 1995 precisamente con <em><strong>El Mes\u00edas<\/strong><\/em>. Hoy hablamos de esta importante composici\u00f3n con <strong>Pilar Fern\u00e1ndez Gallardo<\/strong> co-directora desde hace m\u00e1s de 26 a\u00f1os de la <strong><em>Coral Hims Mola<\/em><\/strong>, una de las que estar\u00e1 en domingo en el Auditorio.<\/p>\n<p><strong>Pilar<\/strong> es natural de Molina de Segura, donde compagina desde hace a\u00f1os su trabajo de profesora de colegio con la direcci\u00f3n coral y la transmisi\u00f3n de la vocaci\u00f3n musical a los m\u00e1s j\u00f3venes. Estudi\u00f3 flauta travesera y canto en el Conservatorio Superior de Murcia y direcci\u00f3n de coro con destacados maestros del pa\u00eds. Con la <em><strong>Coral Hims Mola<\/strong><\/em> ha interpretado gran parte de su repertorio por importantes escenarios de Espa\u00f1a y Europa (Austria, B\u00e9lgica, Portugal, Francia, Italia, Suiza e Hungr\u00eda).<\/p>\n<p>La preparaci\u00f3n de<em><strong> El Mes\u00edas<\/strong><\/em> comenz\u00f3 antes del verano en un proyecto preparado por \u00a0<strong>Alfred Ca\u00f1amero<\/strong>, el consolidado director coral catal\u00e1n que atesora uno de los curriculum profesionales en su especialidad m\u00e1s completos: <em><span style=\"color: #333399;\">\u201cLas tres sesiones de ensayo con \u00e9l han supuesto una experiencia muy positiva. Es un director muy din\u00e1mico, con conceptos muy claros y con un refuerzo muy positivo. Las personas que participamos en el concierto estamos maravilladas con el\u201d.<\/span><\/em><\/p>\n<p>Profundizando algo m\u00e1s en lo que ha sido el trabajo de preparaci\u00f3n con <strong>Alfred Ca\u00f1amero<\/strong>, <strong>Pilar<\/strong> destaca que<span style=\"color: #333399;\"><em> \u201ctiene un gesto muy claro y preciso. Tras dar una informaci\u00f3n o sugerir una correcci\u00f3n, enseguida la aplica, siempre de una forma muy \u00e1gil y vital\u201d.<\/em><\/span><\/p>\n<p>Otro aspecto muy importante para <strong>Ca\u00f1amero<\/strong> es la dicci\u00f3n del ingl\u00e9s, lengua en la que est\u00e1 escrita <strong><em>El Mes\u00edas<\/em><\/strong>. <strong>Pilar Fern\u00e1ndez<\/strong> nos comenta que el maestro catal\u00e1n ha trabajado mucho el texto, para que este sea muy claro y preciso.<\/p>\n<p>En cuanto a los aspectos generales de <strong><em>El Mes\u00edas<\/em><\/strong> de <strong>H\u00e4ndel<\/strong>, la directora y coralista molinense insiste en que <span style=\"color: #333399;\"><em>\u201ces un canto de alegr\u00eda muy solemne\u201d<\/em><\/span>. Ca\u00f1amero conoce muy bien el estilo de la \u00e9poca y ha trabajado muy bien cada framento y cada final: <em><span style=\"color: #333399;\">\u201cAlgunos de ellos no son de aplauso ni de fuegos de artificio, sino que tienen un car\u00e1cter m\u00e1s \u00edntimo, como el Amen\u201d<\/span><\/em>.<\/p>\n<p>En el concierto del domingo, el coro que estar\u00e1 en el escenario es el <strong><em>Coro de la Orquesta de la Ciudad de Granada<\/em><\/strong> que ser\u00e1 la referencia para la direcci\u00f3n de <strong>Virginia Mart\u00ednez<\/strong>: <em><span style=\"color: #333399;\">\u201cLos dem\u00e1s coros estaremos situados probablemente en el patio de butacas, a espaldas de la directora. Hay que tener mucha seguridad y la partitura hay que saberla al detalle\u201d.<\/span><\/em><\/p>\n<p>Desde estas p\u00e1ginas <strong>Pilar Fern\u00e1ndez<\/strong> nos anima a escuchar <strong><em>El Mes\u00edas<\/em><\/strong>, una de las obras cumbres de la m\u00fasica que nos revela algunos secretos de la naturaleza humana.<\/p>\n<p>&nbsp;<\/p>\n<p><span style=\"color: #888888;\"><strong><em>Domingo 11 de diciembre, 20 horas. Concierto participativo de la obra social de La Caixa. El Mes\u00edas de Handel (selecci\u00f3n). Orquesta Sinf\u00f3nica de la Regi\u00f3n de Murcia. Coro de la Orquesta Ciudad de Granada, Coral Bartolom\u00e9 P\u00e9rez Casas, Coral Discantus, Coral Hims Mola, Coral Universitaria de Murcia, Orpheus Music, Mar\u00eda Espada (soprano), Cristina Faus (contralto), Gustavo Pe\u00f1a (tenor), Toni Marsol (bajo). Virginia Mart\u00ednez (direcci\u00f3n musical). Entradas: 10, 12 y 15 euros.<\/em><\/strong><\/span><\/p>\n<p>&nbsp;<\/p>\n","protected":false},"excerpt":{"rendered":"<p>&nbsp; La m\u00fasica a lo largo de los siglos nos ha legado obras para la eternidad, como El Mes\u00edas de George F. H\u00e4ndel (1685-1759), una composici\u00f3n que trata sobre los puntos claves de la fe cristiana a lo largo de sus tres partes: La Anunciaci\u00f3n, La Pasi\u00f3n y el religioso final sobre la resurrecci\u00f3n de [&hellip;]<\/p>\n","protected":false},"author":24,"featured_media":0,"comment_status":"open","ping_status":"open","sticky":false,"template":"","format":"standard","meta":[],"categories":[19],"tags":[],"_links":{"self":[{"href":"https:\/\/blogs.laverdad.es\/musicainesperada\/wp-json\/wp\/v2\/posts\/914"}],"collection":[{"href":"https:\/\/blogs.laverdad.es\/musicainesperada\/wp-json\/wp\/v2\/posts"}],"about":[{"href":"https:\/\/blogs.laverdad.es\/musicainesperada\/wp-json\/wp\/v2\/types\/post"}],"author":[{"embeddable":true,"href":"https:\/\/blogs.laverdad.es\/musicainesperada\/wp-json\/wp\/v2\/users\/24"}],"replies":[{"embeddable":true,"href":"https:\/\/blogs.laverdad.es\/musicainesperada\/wp-json\/wp\/v2\/comments?post=914"}],"version-history":[{"count":0,"href":"https:\/\/blogs.laverdad.es\/musicainesperada\/wp-json\/wp\/v2\/posts\/914\/revisions"}],"wp:attachment":[{"href":"https:\/\/blogs.laverdad.es\/musicainesperada\/wp-json\/wp\/v2\/media?parent=914"}],"wp:term":[{"taxonomy":"category","embeddable":true,"href":"https:\/\/blogs.laverdad.es\/musicainesperada\/wp-json\/wp\/v2\/categories?post=914"},{"taxonomy":"post_tag","embeddable":true,"href":"https:\/\/blogs.laverdad.es\/musicainesperada\/wp-json\/wp\/v2\/tags?post=914"}],"curies":[{"name":"wp","href":"https:\/\/api.w.org\/{rel}","templated":true}]}}