{"id":920,"date":"2016-12-15T23:02:35","date_gmt":"2016-12-15T22:02:35","guid":{"rendered":"http:\/\/blogs.laverdad.es\/musicainesperada\/?p=920"},"modified":"2016-12-15T23:02:35","modified_gmt":"2016-12-15T22:02:35","slug":"las-atmosferas-del-piano","status":"publish","type":"post","link":"https:\/\/blogs.laverdad.es\/musicainesperada\/2016\/12\/15\/las-atmosferas-del-piano\/","title":{"rendered":"Las atm\u00f3sferas del piano"},"content":{"rendered":"<p><a href=\"\/musicainesperada\/wp-content\/uploads\/sites\/23\/2016\/12\/Fotocuatro.jpg\"><img loading=\"lazy\" class=\"alignleft size-large wp-image-921\" title=\"Fotocuatro\" src=\"\/musicainesperada\/wp-content\/uploads\/sites\/23\/2016\/12\/Fotocuatro.jpg\" alt=\"\" width=\"755\" height=\"1024\" srcset=\"https:\/\/static-blogs.laverdad.es\/wp-content\/uploads\/sites\/23\/2016\/12\/Fotocuatro.jpg 792w, https:\/\/static-blogs.laverdad.es\/wp-content\/uploads\/sites\/23\/2016\/12\/Fotocuatro-221x300.jpg 221w, https:\/\/static-blogs.laverdad.es\/wp-content\/uploads\/sites\/23\/2016\/12\/Fotocuatro-768x1041.jpg 768w, https:\/\/static-blogs.laverdad.es\/wp-content\/uploads\/sites\/23\/2016\/12\/Fotocuatro-755x1024.jpg 755w\" sizes=\"(max-width: 755px) 100vw, 755px\" \/><\/a><\/p>\n<p>Los conciertos de piano y orquesta tienen un atractivo singular cuando reflejan el genio art\u00edstico de su creador. Las m\u00e1s famosas composiciones para este instrumento generan una admiraci\u00f3n en consonancia con su indiscutible valor art\u00edstico ya que contienen numerosos detalles para analizar y disfrutar.<\/p>\n<p>Murcia es el pr\u00f3ximo domingo una ciudad pian\u00edstica que acoge un gran acontecimiento musical. En el escenario del Auditorio V\u00edctor Villegas, cuatro emergentes int\u00e9rpretes europeos ofrecen su versi\u00f3n de uno de los conciertos mas c\u00e9lebres escritos para piano y orquesta. Tanto <strong>Vicente<\/strong> como <strong>Marina<\/strong>, <strong>Galina<\/strong> y <strong>Konstantinos<\/strong>, son m\u00fasicos de nuestro continente que han obtenido en los \u00faltimos a\u00f1os distintos premios de prestigio mundial, entre los que est\u00e1 el <em><strong>Concurso Internacional de Piano Clamo Regi\u00f3n de Murcia<\/strong><\/em>, que es el que organiza la velada.<\/p>\n<p>La pianista rusa <strong>Galina Zhukova<\/strong> interpreta el <strong><em>Concierto para piano n\u00ba. 1 op. 11 en Mi menor <\/em><\/strong>de<em><\/em><strong> Chopin<\/strong>. Esta profesora de piano de la Facultad de las Artes de la Universidad de San Petersburgo, ha desarrollado una brillante carrera como solista con giras por todo el planeta grabando los <strong><em>Estudios<\/em><\/strong> de <strong>Liszt<\/strong>. Seg\u00fan<strong>\u00a0Galina,<\/strong> el concierto de <strong>Chopin<\/strong> tiene una mel\u00f3dica sensitiva que hay cantar al piano con honestidad: <em><span style=\"color: #333399;\">\u201cHay que entonar los temas como cuando te sinceras con la persona que amas\u201d<\/span><\/em>. Para esta m\u00fasico, queda muy patente la mentalidad pian\u00edstica de <strong>Chopin<\/strong> en el peso que tiene el papel del solista y destaca <span style=\"color: #333399;\"><em>\u201clos d\u00faos entre el chelo y el piano del segundo movimiento y la brillantez del movimiento final que est\u00e1 inspirado en bailes<\/em><\/span><em><span style=\"color: #333399;\"> polacos\u201d<\/span><\/em>.<\/p>\n<p>Para <strong>Konstantinos Destounis<\/strong> las caracter\u00edsticas m\u00e1s destacables del <strong><em>Segundo Concierto de Piano en Do menor <\/em><\/strong>de<strong> Rachmaninov<\/strong> son: <em><span style=\"color: #333399;\">\u201clas melod\u00edas l\u00edricas y expresivas, las armon\u00edas seductoras y los pasajes llenos de virtuosismo\u201d<\/span><\/em>. <strong>Destounis<\/strong> es un pianista griego formado en Londres y Salzburgo que ha tocado como solista con importantes orquestas de Europa y Australia y ha grabado dos discos compactos. Esta es la sexta vex que tocar\u00e1 este concierto de <strong>Rachmaninov<\/strong> con orquesta desde que debutase a los 17 a\u00f1os. Su recomendaci\u00f3n para la audiencia es <em><span style=\"color: #333399;\">\u201cque se siente y disfrute su belleza\u201d<\/span><\/em>.<\/p>\n<p>En este cuarteto de \u00e9lite nos representa el murciano\u00a0<strong>Vicente Prieto<\/strong>. Nacido en Molina de Segura, ha completado su s\u00f3lida formaci\u00f3n con Miguel Luis Losada y Pilar Valero. Tras obtener una beca para la Internationale Sommerakademie del Mozarteum de Salzburgo, es aceptado en el Conservatorio Real de M\u00fasica de Bruselas donde actualmente realiza sus estudios de m\u00e1ster. Los galardones que ha obtenido Vicente en Italia (2015), B\u00e9lgica (2016) y Portugal (2016), adem\u00e1s del II Concurso Internacional Clamo Music de 2016 avalan su selecci\u00f3n como int\u00e9rprete el<strong><em> Concierto n\u00ba. 23 K.488 en La Mayor<\/em><\/strong> de <strong>Mozart<\/strong> donde <span style=\"color: #333399;\"><em>\u201ccombina la escritura camer\u00edstica con el tratamiento oper\u00edstico de la melod\u00eda y el virtuosismo del piano\u201d<\/em><\/span>. Es muy probable que el lector recuerde muy bien el <em>Adagio<\/em> de este famoso concierto, que en palabras de <strong>Prieto<\/strong> es <em><span style=\"color: #333399;\">\u201cun momento de m\u00e1xima inspiraci\u00f3n y sincerida<\/span><span style=\"color: #333399;\">d\u00a0del compositor austr\u00edaco y una de las joyas m\u00e1s valiosas de la Historia de la M\u00fasica&#8221;<\/span><\/em>.<\/p>\n<p>La cuarta composici\u00f3n que escucharemos el domingo es el <strong><em>Concierto n\u00ba. 5 en Mi bemol mayor para piano<\/em><\/strong> de <strong>Beethoven<\/strong> interpretado por la pianista rusa <strong>Marina Kan Selvik<\/strong> formada entre Mosc\u00fa, Oslo y Coimbra. Ha sido laureada en competiciones internacionales celebradas en Italia, Francia, Suecia, Dinamarca y Alemania, entre otros pa\u00edses. Adem\u00e1s, ha realizado giras por el norte de Europa con la Orquesta Filarm\u00f3nica de Bergen y la Sinf\u00f3nica de San Petersburgo. <strong>Marina<\/strong> destaca que este concierto <em><span style=\"color: #333399;\">\u201cser\u00e1 recordado por el p\u00fablico, ya que re\u00fane cuatro de los mejores conciertos escritos para piano y orquesta. Intentaremos crear una atm\u00f3sfera muy especial desde la primera hasta la \u00faltima nota\u201d.<\/span><\/em><\/p>\n<p>En este sentido, <strong>Galina Zhukova<\/strong> piensa que la \u00fanica manera de hacer una interpretaci\u00f3n destacada es <em><span style=\"color: #333399;\">\u201ccompartir con el p\u00fablico nuestra pasi\u00f3n por la m\u00fasica para que \u00e9ste comprenda el amor que sentimos por ella\u201d<\/span><\/em>.<\/p>\n<p>Creo que poco m\u00e1s podemos pedir a un concierto tan lleno de buena m\u00fasica y de excelentes pianistas, como siempre muy bien acompa\u00f1ados por la <strong><em>Orquesta Sinf\u00f3nica de la Regi\u00f3n de Murcia<\/em><\/strong>.<\/p>\n<p>&nbsp;<\/p>\n<p><strong><em><span style=\"color: #888888;\">Domingo 18 de diciembre de 2016, 19 horas. Concierto n\u00ba. 23 de Mozart, Concierto n\u00ba. 5 de Beethoven, Concierto n\u00ba. 1 de Chopin y en Mi menor y Concierto n\u00ba. 2 de Rachmaninov. Vicente Prieto, Marina Selvik, Galina Zhukova y Konstantinos Destounis (pianistas).\u00a0 Orquesta Sinf\u00f3nica Regi\u00f3n de Murcia. Entradas: 10, 20 y 30 euros.<\/span><\/em><\/strong><\/p>\n","protected":false},"excerpt":{"rendered":"<p>Los conciertos de piano y orquesta tienen un atractivo singular cuando reflejan el genio art\u00edstico de su creador. Las m\u00e1s famosas composiciones para este instrumento generan una admiraci\u00f3n en consonancia con su indiscutible valor art\u00edstico ya que contienen numerosos detalles para analizar y disfrutar. Murcia es el pr\u00f3ximo domingo una ciudad pian\u00edstica que acoge un [&hellip;]<\/p>\n","protected":false},"author":24,"featured_media":0,"comment_status":"open","ping_status":"open","sticky":false,"template":"","format":"standard","meta":[],"categories":[19],"tags":[],"_links":{"self":[{"href":"https:\/\/blogs.laverdad.es\/musicainesperada\/wp-json\/wp\/v2\/posts\/920"}],"collection":[{"href":"https:\/\/blogs.laverdad.es\/musicainesperada\/wp-json\/wp\/v2\/posts"}],"about":[{"href":"https:\/\/blogs.laverdad.es\/musicainesperada\/wp-json\/wp\/v2\/types\/post"}],"author":[{"embeddable":true,"href":"https:\/\/blogs.laverdad.es\/musicainesperada\/wp-json\/wp\/v2\/users\/24"}],"replies":[{"embeddable":true,"href":"https:\/\/blogs.laverdad.es\/musicainesperada\/wp-json\/wp\/v2\/comments?post=920"}],"version-history":[{"count":0,"href":"https:\/\/blogs.laverdad.es\/musicainesperada\/wp-json\/wp\/v2\/posts\/920\/revisions"}],"wp:attachment":[{"href":"https:\/\/blogs.laverdad.es\/musicainesperada\/wp-json\/wp\/v2\/media?parent=920"}],"wp:term":[{"taxonomy":"category","embeddable":true,"href":"https:\/\/blogs.laverdad.es\/musicainesperada\/wp-json\/wp\/v2\/categories?post=920"},{"taxonomy":"post_tag","embeddable":true,"href":"https:\/\/blogs.laverdad.es\/musicainesperada\/wp-json\/wp\/v2\/tags?post=920"}],"curies":[{"name":"wp","href":"https:\/\/api.w.org\/{rel}","templated":true}]}}