{"id":944,"date":"2017-01-15T00:09:19","date_gmt":"2017-01-14T23:09:19","guid":{"rendered":"http:\/\/blogs.laverdad.es\/musicainesperada\/?p=944"},"modified":"2017-01-15T00:09:19","modified_gmt":"2017-01-14T23:09:19","slug":"dimension-sobrenatural","status":"publish","type":"post","link":"https:\/\/blogs.laverdad.es\/musicainesperada\/2017\/01\/15\/dimension-sobrenatural\/","title":{"rendered":"Dimensi\u00f3n sobrenatural"},"content":{"rendered":"<p>La llegada de un for\u00e1neo a una comunidad cualquiera siempre tiene un efecto inicial perturbador y es uno de los grandes temas dram\u00e1ticos de la Humanidad. <strong>Richard Wagner<\/strong> en su \u00f3pera <strong><em>El holand\u00e9s errante<\/em><\/strong> nos muestra como la llegada de un extra\u00f1o altera el equilibrio de una tranquila localidad de la costa de Noruega donde afloran una serie de conflictos latentes. El compositor alem\u00e1n nos muestra esta particular situaci\u00f3n en un mundo un tanto m\u00edtico para que entendamos que esta desorganizaci\u00f3n puede ocurrir en cualquier sociedad.<\/p>\n<p>Con motivo de la versi\u00f3n semiescenificada que la <strong><em>Orquesta de Valencia<\/em><\/strong> y el <strong><em>Coro de la Generalita<\/em><em>t<\/em><\/strong> dirigidos por<strong> Yaron Traub<\/strong>\u00a0ofrecen este fin de semana en el <em><strong>Palau de la M\u00fasica<\/strong><\/em> de Valencia, vamos a analizar brevemente uno de los fragmentos m\u00e1s c\u00e9lebres de esta partitura en el que precisamente canta el bar\u00edtono murciano <strong>Jos\u00e9 Antonio L\u00f3pez<\/strong> en el papel principal.<\/p>\n<p>En el segundo acto de esta \u00f3pera, <strong>Wagner<\/strong> introduce un gran duo de amor con el texto <em>Wie aus der ferne<\/em> (<em>Desde la lejan\u00eda de otros tiempos<\/em>) con los mon\u00f3logos de El holand\u00e9s, un marino condenado a navegar eternamente, y Senta, una lugare\u00f1a so\u00f1adora hastiada de su simple existencia. Los dos personajes quedan absortos desde que se ven en carne y hueso y al cruzar sus miradas se reconocen como el objeto de sus respectivos sue\u00f1os.<\/p>\n<p>Lo que <strong>Wagner<\/strong> hace con la m\u00fasica es fant\u00e1stico. Lleva a los dos personajes desde una situaci\u00f3n inicial de distanciamiento hacia el \u00e9xtasis derivado de la conexi\u00f3n sobrenatural y todo ello en los l\u00edmites de la realidad. El holand\u00e9s y Senta son seres que anhelan en demas\u00eda lo que no les corresponde. Senta ha mitificado al personaje de El holand\u00e9s y \u00e9ste a su vez busca en ella la salvaci\u00f3n al precio que sea necesario. Hay que aclarar que el enigm\u00e1tico capit\u00e1n del buque fantasma arrastra una maldici\u00f3n por la que debe errar sin destino por los siete mares hasta que encuentre una mujer que le sea fiel hasta la muerte, la \u00fanica posibilidad que tiene para redimirse.<\/p>\n<p>En el v\u00eddeo adjunto pueden disfruten del poder de la naturaleza de estos personajes con este famoso pasaje oper\u00edstico iniciado con una declamaci\u00f3n a media voz t\u00edpicamente wagneriana que comienza sin acompa\u00f1amiento orquestal. Es especialmente bello el fragmento en el que Senta canta y El holand\u00e9s le acompa\u00f1a con una conmovedora contramelod\u00eda (a partir de 4:00). Inmersos en la m\u00fasica de Wagner, estos seres se mantienen embelesados en un sue\u00f1o que poco a poco acelera sus estados de \u00e1nimo.<\/p>\n<p>En definitiva, estamos ante un magnifico ejemplo de insatisfacci\u00f3n y de intentar escapar de la realidad que refleja lo complicada que es la naturaleza de la psique humana.<\/p>\n<p><iframe loading=\"lazy\" src=\"https:\/\/www.youtube.com\/embed\/bN_61vXzi10\" frameborder=\"0\" width=\"560\" height=\"315\"><\/iframe><\/p>\n","protected":false},"excerpt":{"rendered":"<p>La llegada de un for\u00e1neo a una comunidad cualquiera siempre tiene un efecto inicial perturbador y es uno de los grandes temas dram\u00e1ticos de la Humanidad. Richard Wagner en su \u00f3pera El holand\u00e9s errante nos muestra como la llegada de un extra\u00f1o altera el equilibrio de una tranquila localidad de la costa de Noruega donde [&hellip;]<\/p>\n","protected":false},"author":24,"featured_media":0,"comment_status":"open","ping_status":"open","sticky":false,"template":"","format":"standard","meta":[],"categories":[16],"tags":[],"_links":{"self":[{"href":"https:\/\/blogs.laverdad.es\/musicainesperada\/wp-json\/wp\/v2\/posts\/944"}],"collection":[{"href":"https:\/\/blogs.laverdad.es\/musicainesperada\/wp-json\/wp\/v2\/posts"}],"about":[{"href":"https:\/\/blogs.laverdad.es\/musicainesperada\/wp-json\/wp\/v2\/types\/post"}],"author":[{"embeddable":true,"href":"https:\/\/blogs.laverdad.es\/musicainesperada\/wp-json\/wp\/v2\/users\/24"}],"replies":[{"embeddable":true,"href":"https:\/\/blogs.laverdad.es\/musicainesperada\/wp-json\/wp\/v2\/comments?post=944"}],"version-history":[{"count":0,"href":"https:\/\/blogs.laverdad.es\/musicainesperada\/wp-json\/wp\/v2\/posts\/944\/revisions"}],"wp:attachment":[{"href":"https:\/\/blogs.laverdad.es\/musicainesperada\/wp-json\/wp\/v2\/media?parent=944"}],"wp:term":[{"taxonomy":"category","embeddable":true,"href":"https:\/\/blogs.laverdad.es\/musicainesperada\/wp-json\/wp\/v2\/categories?post=944"},{"taxonomy":"post_tag","embeddable":true,"href":"https:\/\/blogs.laverdad.es\/musicainesperada\/wp-json\/wp\/v2\/tags?post=944"}],"curies":[{"name":"wp","href":"https:\/\/api.w.org\/{rel}","templated":true}]}}