{"id":95,"date":"2013-04-02T22:25:22","date_gmt":"2013-04-02T22:25:22","guid":{"rendered":"http:\/\/blogs.laverdad.es\/musicainesperada\/?p=95"},"modified":"2013-04-02T22:25:22","modified_gmt":"2013-04-02T22:25:22","slug":"la-sinfonia-heroica-y-iii-la-humanidad-del-heroe","status":"publish","type":"post","link":"https:\/\/blogs.laverdad.es\/musicainesperada\/2013\/04\/02\/la-sinfonia-heroica-y-iii-la-humanidad-del-heroe\/","title":{"rendered":"La sinfon\u00eda Heroica (y III): La humanidad del h\u00e9roe."},"content":{"rendered":"<p><a href=\"\/musicainesperada\/wp-content\/uploads\/sites\/23\/2013\/04\/DSC00675.jpg\"><img loading=\"lazy\" class=\"aligncenter size-medium wp-image-96\" title=\"DSC00675\" src=\"\/musicainesperada\/wp-content\/uploads\/sites\/23\/2013\/04\/DSC00675.jpg\" alt=\"\" width=\"300\" height=\"225\" srcset=\"https:\/\/static-blogs.laverdad.es\/wp-content\/uploads\/sites\/23\/2013\/04\/DSC00675.jpg 1280w, https:\/\/static-blogs.laverdad.es\/wp-content\/uploads\/sites\/23\/2013\/04\/DSC00675-300x225.jpg 300w, https:\/\/static-blogs.laverdad.es\/wp-content\/uploads\/sites\/23\/2013\/04\/DSC00675-768x576.jpg 768w, https:\/\/static-blogs.laverdad.es\/wp-content\/uploads\/sites\/23\/2013\/04\/DSC00675-1024x768.jpg 1024w\" sizes=\"(max-width: 300px) 100vw, 300px\" \/><\/a><\/p>\n<p>El <strong>Beethoven<\/strong> que esboza la <strong>tercera sinfon\u00eda<\/strong> es un verdadero artista consolidado. En estos a\u00f1os escribe Fidelio, el cuarteto opus 59, el concierto para piano n\u00famero 4 y las sonatas para piano Waldstein y Appassionata.<\/p>\n<p>En la \u201c<strong>Eroica Sinfonie<\/strong>\u201d el compositor de Bonn dinamita la sinfon\u00eda cl\u00e1sica. No solo crea un impulso r\u00edtmico arrollador, sino que emplea toda su maestr\u00eda en el desarrollo de los diferentes temas de la obra. El maestro <strong>Furtw\u00e4ngler<\/strong>, en el libro <em>\u201cConversaciones sobre m\u00fasica\u201d,<\/em> afirma que los temas en <strong>Beethoven<\/strong> interact\u00faan como los personajes de un drama.<\/p>\n<p><strong>Virginia Mart\u00ednez<\/strong>, directora de orquesta<strong>,<\/strong> a la que vemos en un ensayo con la <strong>OSRM<\/strong>\u00a0, indica que <em>\u201cBeethoven logra expresar en esta pieza su car\u00e1cter revolucionario e inconformista. Su principal objetivo es transmitir el sentimiento heroico. \u00c9l se transforma en ese h\u00e9roe, el que logra la victoria \u2013 su obra -, a pesar de todas sus dificultades: la sordera, la soledad, la incomprensi\u00f3n del p\u00fablico e incluso la de sus m\u00fasicos.\u201d<\/em><\/p>\n<p>La <strong>tercera sinfon\u00eda<\/strong> parte de un tema sencillo y emparentado con el de la \u00f3pera <em>\u201cBastian und Bastiane\u201d<\/em> de <strong>Mozart<\/strong>, lo que muchos cr\u00edticos asocian a la intenci\u00f3n de <strong>Beethoven<\/strong> de mostrar el origen humilde del h\u00e9roe. Beethoven, como dice <strong>Robert Simpson<\/strong>, no tiene una concepci\u00f3n rom\u00e1ntica del h\u00e9roe, sino que expresa la humanidad y dignidad de \u00e9ste tal y como la siente \u00e9l mismo.<\/p>\n<p>Viena es una ciudad donde la m\u00fasica se respira por todas partes. Al igual que\u00a0 Beethoven, <strong>Virginia Mart\u00ednez<\/strong> completa su s\u00f3lida formaci\u00f3n musical all\u00ed. Aunque en la charla previa a cada concierto se comentar\u00e1n muchos detalles de la <strong>Heroica<\/strong>, le pido a<strong> Virginia\u00a0<\/strong>que nos adelante alg\u00fan momento significativo y de f\u00e1cil identificaci\u00f3n para el oyente: <em>\u201cQuiz\u00e1s ser\u00eda el final del segundo movimiento, en donde el tema principal est\u00e1 dividido entre la cuerda, el timbal y el viento. Es muy f\u00e1cil de reconocer si se presta atenci\u00f3n a los \u00faltimos compases del movimiento\u201d.<\/em><\/p>\n<p>En esta\u00a0 temporada de la<strong> Orquesta Sinf\u00f3nica\u00a0de la Regi\u00f3nde Murcia<\/strong>, ya hemos escuchado las cinco \u00faltimas sinfon\u00edas de <strong>Beethoven<\/strong>. <strong>Virginia<\/strong> nos invita a seguir este viaje al g\u00e9nesis de \u201clas nueve\u201d: <em>\u201cLa pr\u00f3xima escala es el pr\u00f3ximo concierto que incluye las m\u00e1s reveladora de sus obras. A mi personalmente, me fascina como con s\u00f3lo cuatro notas, este genio compone toda una sinfon\u00eda\u201d.<\/em><\/p>\n<p>&nbsp;<\/p>\n<p>Programa: <strong>Sinfon\u00edas n\u00famero 3 y 4 de L. van Beethoven<\/strong>. Orquesta Sinf\u00f3nica dela Regi\u00f3n de Murcia. Directora titular: Virginia Mart\u00ednez. Auditorio El Batel de Cartagena, <strong>Jueves 4 de Abril<\/strong> a las <strong>20:30h<\/strong> y Auditorio V\u00edctor Villegas de Murcia, <strong>Viernes 5 de Abril<\/strong> a las <strong>20 h. <\/strong>\/ Charla preconcierto previa.<\/p>\n","protected":false},"excerpt":{"rendered":"<p>El Beethoven que esboza la tercera sinfon\u00eda es un verdadero artista consolidado. En estos a\u00f1os escribe Fidelio, el cuarteto opus 59, el concierto para piano n\u00famero 4 y las sonatas para piano Waldstein y Appassionata. En la \u201cEroica Sinfonie\u201d el compositor de Bonn dinamita la sinfon\u00eda cl\u00e1sica. No solo crea un impulso r\u00edtmico arrollador, sino [&hellip;]<\/p>\n","protected":false},"author":24,"featured_media":0,"comment_status":"open","ping_status":"closed","sticky":false,"template":"","format":"standard","meta":[],"categories":[19],"tags":[],"_links":{"self":[{"href":"https:\/\/blogs.laverdad.es\/musicainesperada\/wp-json\/wp\/v2\/posts\/95"}],"collection":[{"href":"https:\/\/blogs.laverdad.es\/musicainesperada\/wp-json\/wp\/v2\/posts"}],"about":[{"href":"https:\/\/blogs.laverdad.es\/musicainesperada\/wp-json\/wp\/v2\/types\/post"}],"author":[{"embeddable":true,"href":"https:\/\/blogs.laverdad.es\/musicainesperada\/wp-json\/wp\/v2\/users\/24"}],"replies":[{"embeddable":true,"href":"https:\/\/blogs.laverdad.es\/musicainesperada\/wp-json\/wp\/v2\/comments?post=95"}],"version-history":[{"count":0,"href":"https:\/\/blogs.laverdad.es\/musicainesperada\/wp-json\/wp\/v2\/posts\/95\/revisions"}],"wp:attachment":[{"href":"https:\/\/blogs.laverdad.es\/musicainesperada\/wp-json\/wp\/v2\/media?parent=95"}],"wp:term":[{"taxonomy":"category","embeddable":true,"href":"https:\/\/blogs.laverdad.es\/musicainesperada\/wp-json\/wp\/v2\/categories?post=95"},{"taxonomy":"post_tag","embeddable":true,"href":"https:\/\/blogs.laverdad.es\/musicainesperada\/wp-json\/wp\/v2\/tags?post=95"}],"curies":[{"name":"wp","href":"https:\/\/api.w.org\/{rel}","templated":true}]}}