{"id":952,"date":"2017-02-12T20:11:23","date_gmt":"2017-02-12T19:11:23","guid":{"rendered":"http:\/\/blogs.laverdad.es\/musicainesperada\/?p=952"},"modified":"2017-02-12T20:11:23","modified_gmt":"2017-02-12T19:11:23","slug":"el-cielo-de-los-pobres","status":"publish","type":"post","link":"https:\/\/blogs.laverdad.es\/musicainesperada\/2017\/02\/12\/el-cielo-de-los-pobres\/","title":{"rendered":"El cielo de los pobres"},"content":{"rendered":"<p><a href=\"\/musicainesperada\/wp-content\/uploads\/sites\/23\/2017\/02\/Bodeg\u00f3n.jpg\"><img loading=\"lazy\" class=\"alignleft size-large wp-image-953\" title=\"Bodeg\u00f3n\" src=\"\/musicainesperada\/wp-content\/uploads\/sites\/23\/2017\/02\/Bodeg\u00f3n.jpg\" alt=\"\" width=\"1024\" height=\"692\" srcset=\"https:\/\/static-blogs.laverdad.es\/wp-content\/uploads\/sites\/23\/2017\/02\/Bodeg\u00f3n.jpg 1350w, https:\/\/static-blogs.laverdad.es\/wp-content\/uploads\/sites\/23\/2017\/02\/Bodeg\u00f3n-300x203.jpg 300w, https:\/\/static-blogs.laverdad.es\/wp-content\/uploads\/sites\/23\/2017\/02\/Bodeg\u00f3n-768x519.jpg 768w, https:\/\/static-blogs.laverdad.es\/wp-content\/uploads\/sites\/23\/2017\/02\/Bodeg\u00f3n-1024x693.jpg 1024w\" sizes=\"(max-width: 1024px) 100vw, 1024px\" \/><\/a><\/p>\n<p>Imaginemos a un humilde ni\u00f1o jud\u00edo educado en los diez mandamientos de Mois\u00e9s y en las 630 normas de Pentateuco. Al peque\u00f1o le han ense\u00f1ado que si cumple todos los preceptos, Dios lo amar\u00e1, pero sin la promesa de tener una recompensa por ello. Por otro lado, su compa\u00f1ero de clase es tan pobre como \u00e9l pero nacido en una familia cristiana. Desde ni\u00f1o le han transmitido que si es bueno, Dios lo amar\u00e1 y alg\u00fan d\u00eda lo recibir\u00e1 en el Para\u00edso Celestial, un lugar lleno de dulces y golosinas.<\/p>\n<p><strong>Gustav Mahler<\/strong> (1860-1911) compone su<strong><em> Sinfon\u00eda n\u00famero 4 para orquesta y soprano<\/em><\/strong> con el cambio de siglo, durante un verano especial para \u00e9l. Est\u00e1 satisfecho del \u00e9xito de su segunda temporada como director de la<em><strong> \u00d3pera de Viena<\/strong><\/em> y acaba de comprar un terreno en Maiernigg, situado en la orilla sur del lago W\u00f6rthersee, donde le est\u00e1n construyendo un refugio estival para componer rodeado de paz f\u00edsica y espiritual.<\/p>\n<p>La <strong><em>Cuarta Sinfon\u00eda<\/em><\/strong> de <strong>Gustav<\/strong> es m\u00e1s corta que sus predecesoras (apenas dura 50 minutos) y se caracteriza por su aparente sencillez, por las melod\u00edas cantabiles y por una armon\u00eda exenta de complejidad. En ella no hay partes para el coro ni para trombones ni tuba y la percusi\u00f3n es escueta. La obra contiene parte de los contrastes propios del mundo mahleriano: la iron\u00eda frente a la serenidad, la dulzura frente a la transcendencia o la incertidumbre frente a la inseguridad. Quiz\u00e1s esto explica las reacciones de los cr\u00edticos tras su estreno en Munich que la tildaron de disonante, grotesca, nerviosa y heterog\u00e9nea. El tiempo de <strong>Mahler<\/strong>, como el mismo vaticin\u00f3, estaba por llegar y hoy d\u00eda la humanidad ajena a estas opiniones, se rinde ante esta obra de arte musical.<\/p>\n<p><strong>Gustav Mahler<\/strong> escribe la pieza siguiendo la estructura cl\u00e1sica de cuatro movimientos instaurada por <strong>Haydn<\/strong> y <strong>Mozart<\/strong>. En el primer movimiento confluyen hasta siete melod\u00edas distintas y sobresale el tintineo de los cascabeles, la primera visi\u00f3n del Paraiso dibujada por las cuatro flautas con el tri\u00e1ngulo y la en\u00e9rgica llamada de las trompas que anticipa la de la<em><strong> Quinta Sinfon\u00eda<\/strong><\/em>.<\/p>\n<p>En el segundo movimiento el compositor inserta un solo de viol\u00edn muy particular. El concertino debe emplear un modesto instrumento desafinado medio tono por encima de la orquesta para as\u00ed emitir un chillido tosco y despectivo a la vez que ir\u00f3nico y alegre. Esta danza es una visi\u00f3n muy particular de la muerte que ya vimos en su <em><strong>Primera Sinfon\u00eda<\/strong><\/em> y que reivindica a las clases sociales bajas, marginales y no sujetas a leyes y convenciones sociales.<\/p>\n<p>La irresistible belleza del tercer movimiento flota en un rond\u00f3 con variaciones cuya sonoridad recuerda a la de <strong>Beethoven<\/strong>. Aqu\u00ed <strong>Mahler<\/strong> parece ofrecer una apacible visi\u00f3n del Para\u00edso sin ignorar que la muerte ronda a los ni\u00f1os desfavorecidos, que sin hogar ni alimentos son capaces de jugar tranquilamente en la pradera.<\/p>\n<p>El Finale que cierra la sinfon\u00eda es un Lied para soprano sobre un poema del ciclo de <strong><em>El Muchacho de la trompa m\u00e1gica<\/em><\/strong> (<em><strong>Des Knaben Wunderhorn<\/strong><\/em>). Con el t\u00edtulo de <em>La vida celestial<\/em>, expresa la alegr\u00eda (palabra repetida tres veces) del Para\u00edso desde la perspectiva del placer terrestre que produce el cantar, bailar, saltar, comer y beber. Tanto es as\u00ed que el pescador San Pedro, el matarife San Lucas, la cocinera Santa Marta y la musical Santa Cecilia, consiguen sacarle una sonrisa a la severa Santa \u00darsula en presencia de San Juan.<\/p>\n<p><strong>Mahler<\/strong> describe la vida celeste desde la mirada del alma de un ni\u00f1o. Un ni\u00f1o jud\u00edo y pobre que necesita un cielo cristiano, lleno de pan, peces, carne de cordero, venado, liebres, legumbres, esp\u00e1rragos, cestos de frutas y, sobre todo, de una m\u00fasica incomparable con la de La Tierra. Para ello, el maestro emplea intencionadamente a lo largo de la <em><strong>Cuarta Sinfon\u00eda<\/strong><\/em>, la tonalidad de Do para referirse a lo terrenal, la tonalidad de Sol para la inocencia y la tonalidad de Mi para reflejar lo celestial.<\/p>\n<p>A pesar de todo lo dicho, <strong>Bruno Walter<\/strong>, disc\u00edpulo de <strong>Mahler<\/strong>, defini\u00f3 a la <strong><em>Cuarta Sinfon\u00eda<\/em><\/strong> como<em> \u201cm\u00fasica pura abierta a todos lo que tienen un sutil sentido del humor\u201d<\/em>. No tendr\u00e1n muchas ocasiones de disfrutar esta enigm\u00e1tica obra y por ello les recomiendo que vengan a sentirla en directo.<\/p>\n<p>&nbsp;<\/p>\n<p><span style=\"color: #888888;\"><strong><em>Jueves 16 de febrero, 20 horas. Auditorio V\u00edctor Villegas de Murcia. Vals de El caballero de la rosa y dos Lieder de Strauss. Cuarta Sinfon\u00eda y tres Lieder de Mahler. Orquesta Sinf\u00f3nica de la Regi\u00f3n de Murcia. Mar\u00eda Espada (soprano). Virginia Mart\u00ednez (Direcci\u00f3n musical). Entradas: 20, 16 y 12 euros.<\/em><\/strong><\/span><\/p>\n","protected":false},"excerpt":{"rendered":"<p>Imaginemos a un humilde ni\u00f1o jud\u00edo educado en los diez mandamientos de Mois\u00e9s y en las 630 normas de Pentateuco. Al peque\u00f1o le han ense\u00f1ado que si cumple todos los preceptos, Dios lo amar\u00e1, pero sin la promesa de tener una recompensa por ello. Por otro lado, su compa\u00f1ero de clase es tan pobre como [&hellip;]<\/p>\n","protected":false},"author":24,"featured_media":0,"comment_status":"open","ping_status":"open","sticky":false,"template":"","format":"standard","meta":[],"categories":[19],"tags":[],"_links":{"self":[{"href":"https:\/\/blogs.laverdad.es\/musicainesperada\/wp-json\/wp\/v2\/posts\/952"}],"collection":[{"href":"https:\/\/blogs.laverdad.es\/musicainesperada\/wp-json\/wp\/v2\/posts"}],"about":[{"href":"https:\/\/blogs.laverdad.es\/musicainesperada\/wp-json\/wp\/v2\/types\/post"}],"author":[{"embeddable":true,"href":"https:\/\/blogs.laverdad.es\/musicainesperada\/wp-json\/wp\/v2\/users\/24"}],"replies":[{"embeddable":true,"href":"https:\/\/blogs.laverdad.es\/musicainesperada\/wp-json\/wp\/v2\/comments?post=952"}],"version-history":[{"count":0,"href":"https:\/\/blogs.laverdad.es\/musicainesperada\/wp-json\/wp\/v2\/posts\/952\/revisions"}],"wp:attachment":[{"href":"https:\/\/blogs.laverdad.es\/musicainesperada\/wp-json\/wp\/v2\/media?parent=952"}],"wp:term":[{"taxonomy":"category","embeddable":true,"href":"https:\/\/blogs.laverdad.es\/musicainesperada\/wp-json\/wp\/v2\/categories?post=952"},{"taxonomy":"post_tag","embeddable":true,"href":"https:\/\/blogs.laverdad.es\/musicainesperada\/wp-json\/wp\/v2\/tags?post=952"}],"curies":[{"name":"wp","href":"https:\/\/api.w.org\/{rel}","templated":true}]}}