{"id":98,"date":"2013-04-07T21:12:00","date_gmt":"2013-04-07T21:12:00","guid":{"rendered":"http:\/\/blogs.laverdad.es\/musicainesperada\/?p=98"},"modified":"2013-04-07T21:12:00","modified_gmt":"2013-04-07T21:12:00","slug":"la-inquietante-reina-de-la-noche","status":"publish","type":"post","link":"https:\/\/blogs.laverdad.es\/musicainesperada\/2013\/04\/07\/la-inquietante-reina-de-la-noche\/","title":{"rendered":"La inquietante Reina de la noche."},"content":{"rendered":"<p><a href=\"\/musicainesperada\/wp-content\/uploads\/sites\/23\/2013\/04\/antonio-garcia-egea.jpg\"><img loading=\"lazy\" class=\"alignright size-full wp-image-99\" title=\"antonio garcia egea\" src=\"\/musicainesperada\/wp-content\/uploads\/sites\/23\/2013\/04\/antonio-garcia-egea.jpg\" alt=\"\" width=\"275\" height=\"183\" \/><\/a><\/p>\n<p>Si le gusta <strong>Mozart<\/strong> y la \u00f3pera, est\u00e1 de enhorabuena. A lo largo de este mes de abril, se representa en Valencia\u00a0<strong>\u201cLa Flauta M\u00e1gica\u201d.<\/strong><\/p>\n<p>All\u00ed nos dirigimos a disfrutar del estreno de esta c\u00e9lebre obra y no hay mejor anfitri\u00f3n que mi amigo<strong> Antonio Garc\u00eda Egea<\/strong>, un excelente violinista nacido en Cieza que forma parte de la plantilla de la Orquesta de la Comunidad Valenciana con sede en el Palau de Les Arts Reina Sof\u00eda.<\/p>\n<p>Antonio, que se ha formado en Murcia y ha ampliado estudios en la <strong>Universidad\u00a0Mozarteum de Salzburgo<\/strong>, compagina sus ocupaciones en la orquesta con conciertos como solista (esta temporada interpret\u00f3 el de viol\u00edn de\u00a0<strong>Brahms<\/strong> inaugurando la temporada del Auditorio de Murcia) y con un m\u00e1ster del <strong>Conservatorio Royal de Bruselas<\/strong>.<\/p>\n<p>La sonrisa de este joven, distinguido como <strong>\u201cProm\u00fasico del a\u00f1o 2011\u201d,<\/strong> delata su satisfacci\u00f3n por pertenecer a esta magn\u00edfica orquesta cuyos titulares son los maestros<strong> Welber<\/strong> (disc\u00edpulo de Baremboin) y <strong>Zubin Metha<\/strong>, en opini\u00f3n de este violinista: <em>\u201cUn excelente director y\u00a0muy perfeccionista. Le encanta\u00a0que los m\u00fasicos le miren en todo momento. Controla\u00a0tanto aspectos musicales como otros detalles. Observa si\u00a0los movimientos de los arcos de los violines son exactos a los de la violinista principal o de qu\u00e9 forma sujetan los m\u00fasicos el arco durante los pizzicatos\u201d. \u00a0<\/em><\/p>\n<p>Antonio estudia adem\u00e1s Derecho y ADE, y de <strong>&#8220;La Flauta M\u00e1gica&#8221;<\/strong> le gusta especialmente la Obertura, que <em>\u201ces la parte m\u00e1s exigente para la orquesta. En ella hay cambios repentinos de forte a piano que\u00a0me recuerdan el paso del llanto a la alegr\u00eda que s\u00f3lo pueden tener los ni\u00f1os\u201d.<\/em><\/p>\n<p>De las arias, este violinista se decanta por la segunda de la <strong>Reina de la Noche<\/strong>, con las notas Fa sobreagudas que son un reto para la soprano y que pueden escuchar en el video adjunto (en rojo tienen marcados estos &#8220;Fa5&#8221; agudos)<\/p>\n<p><strong>Mozart<\/strong> es un genio. Elige para esta aria la inquietante tonalidad de Re menor y escribe una coloratura con acompa\u00f1amiento de flauta y oboe, que transmite la maldad y enfado de la Reina. Adem\u00e1s, en determinados puntos del aria, emplea el acorde de \u201csexta napolitana\u201d con un efecto dram\u00e1tico muy definido y caracter\u00edstico.<\/p>\n<p>\u00bfC\u00f3mo reaccionar\u00eda usted si comparte un viaje en ascensor con una dama tan irritable?.<\/p>\n<p>&nbsp;<\/p>\n<p><em>La Flauta M\u00e1gica. WA Mozart. Palau de les Arts Reina Sof\u00eda. Direcci\u00f3n musical: Ottavio Dantone. Orquesta de la Comunidad Valenciana. D\u00edas <strong>6, 13, 17, 21, 23 y 30<\/strong> de <strong>Abril<\/strong> de <strong>2013.<\/strong><\/em><\/p>\n<p><iframe loading=\"lazy\" src=\"\/\/www.youtube.com\/embed\/-8FSKZ6eXnU\" frameborder=\"0\" width=\"560\" height=\"315\"><\/iframe><\/p>\n","protected":false},"excerpt":{"rendered":"<p>Si le gusta Mozart y la \u00f3pera, est\u00e1 de enhorabuena. A lo largo de este mes de abril, se representa en Valencia\u00a0\u201cLa Flauta M\u00e1gica\u201d. All\u00ed nos dirigimos a disfrutar del estreno de esta c\u00e9lebre obra y no hay mejor anfitri\u00f3n que mi amigo Antonio Garc\u00eda Egea, un excelente violinista nacido en Cieza que forma parte [&hellip;]<\/p>\n","protected":false},"author":24,"featured_media":0,"comment_status":"open","ping_status":"closed","sticky":false,"template":"","format":"standard","meta":[],"categories":[19],"tags":[],"_links":{"self":[{"href":"https:\/\/blogs.laverdad.es\/musicainesperada\/wp-json\/wp\/v2\/posts\/98"}],"collection":[{"href":"https:\/\/blogs.laverdad.es\/musicainesperada\/wp-json\/wp\/v2\/posts"}],"about":[{"href":"https:\/\/blogs.laverdad.es\/musicainesperada\/wp-json\/wp\/v2\/types\/post"}],"author":[{"embeddable":true,"href":"https:\/\/blogs.laverdad.es\/musicainesperada\/wp-json\/wp\/v2\/users\/24"}],"replies":[{"embeddable":true,"href":"https:\/\/blogs.laverdad.es\/musicainesperada\/wp-json\/wp\/v2\/comments?post=98"}],"version-history":[{"count":0,"href":"https:\/\/blogs.laverdad.es\/musicainesperada\/wp-json\/wp\/v2\/posts\/98\/revisions"}],"wp:attachment":[{"href":"https:\/\/blogs.laverdad.es\/musicainesperada\/wp-json\/wp\/v2\/media?parent=98"}],"wp:term":[{"taxonomy":"category","embeddable":true,"href":"https:\/\/blogs.laverdad.es\/musicainesperada\/wp-json\/wp\/v2\/categories?post=98"},{"taxonomy":"post_tag","embeddable":true,"href":"https:\/\/blogs.laverdad.es\/musicainesperada\/wp-json\/wp\/v2\/tags?post=98"}],"curies":[{"name":"wp","href":"https:\/\/api.w.org\/{rel}","templated":true}]}}