{"id":991,"date":"2017-05-14T19:28:15","date_gmt":"2017-05-14T17:28:15","guid":{"rendered":"http:\/\/blogs.laverdad.es\/musicainesperada\/?p=991"},"modified":"2017-05-14T19:28:15","modified_gmt":"2017-05-14T17:28:15","slug":"apoteosis-del-ritmo","status":"publish","type":"post","link":"https:\/\/blogs.laverdad.es\/musicainesperada\/2017\/05\/14\/apoteosis-del-ritmo\/","title":{"rendered":"Apoteosis del ritmo"},"content":{"rendered":"<p><a href=\"\/musicainesperada\/wp-content\/uploads\/sites\/23\/2017\/05\/1241OP1915.jpg\"><img loading=\"lazy\" class=\"alignleft size-full wp-image-992\" title=\"1241OP1915\" src=\"\/musicainesperada\/wp-content\/uploads\/sites\/23\/2017\/05\/1241OP1915.jpg\" alt=\"\" width=\"640\" height=\"561\" srcset=\"https:\/\/static-blogs.laverdad.es\/wp-content\/uploads\/sites\/23\/2017\/05\/1241OP1915.jpg 640w, https:\/\/static-blogs.laverdad.es\/wp-content\/uploads\/sites\/23\/2017\/05\/1241OP1915-300x263.jpg 300w\" sizes=\"(max-width: 640px) 100vw, 640px\" \/><\/a><\/p>\n<p>La escucha en directo de una de las sinfon\u00edas de <strong>Beethoven<\/strong> es una experiencia de gran valor human\u00edstico y que nadie deber\u00eda perderse. El maestro alem\u00e1n, en sus nueve sublimes obras, dej\u00f3 de forma muy clara su conmovedora personalidad y su autoridad como compositor.<\/p>\n<p>Murcia y Cartagena ser\u00e1n esta semana los escenarios donde escucharemos la <strong><em>S\u00e9ptima Sinfon\u00eda<\/em><\/strong> de <strong>Beethoven<\/strong> interpretada por la <strong><em>Orquesta Sinf\u00f3nica de la Regi\u00f3n de Murcia<\/em><\/strong> dirigida el Profesor <strong>Georg Mark<\/strong>, catedr\u00e1tico de Direcci\u00f3n Musical del Conservatorio de Viena y maestro de destacadas batutas internacionales entre las que est\u00e1 nuestra directora titular <strong>Virginia Mart\u00ednez<\/strong>.<\/p>\n<p>Adem\u00e1s de la celebre sinfon\u00eda, se programan para la ocasi\u00f3n la obertura de\u00a0<strong><em>Rosamunda<\/em><\/strong> de <strong>Schubert<\/strong> y el <strong><em>Concierto de viol\u00edn<\/em><\/strong> titulado <strong><em>A la memoria de un \u00e1ngel<\/em><\/strong> de <strong>Berg<\/strong>. Como este interesante concierto de viol\u00edn ya fue comentado en otro post y el pasado a\u00f1o tuvimos la oportunidad de conversar con Herr Professor <strong>Mark<\/strong> con motivo de su visita a Murcia (ver sendos enlaces al final), hoy nos centraremos en dos aspectos fundamentales de la sinfon\u00eda de <strong>Beethoven<\/strong>.<\/p>\n<p>La s\u00e9ptima de <strong>Beethoven<\/strong> est\u00e1 entre las diez obras que m\u00e1s se interpretan en el planeta y es un homenaje del compositor al mundo cl\u00e1sico y a los or\u00edgenes de la Humanidad. El ritmo, especialmente en el segundo movimiento, imita a los versos d\u00e1ctilos y espondeos de los cantos griegos de la Antig\u00fcedad tan propios de <strong><em>La Il\u00edada<\/em><\/strong> y <em><strong>La Odisea<\/strong><\/em>. Precisamente este ritmo propici\u00f3 que <strong>Richard Wagner<\/strong> bautizara la <em><strong>S\u00e9ptima Sinfon\u00eda<\/strong><\/em> como <em>\u201cApoteosis de la danza\u201d<\/em>, para destacar la gran vitalidad de la obra.<\/p>\n<p>Adem\u00e1s del marcado car\u00e1cter r\u00edtmico, la <strong><em>S\u00e9ptima<\/em><\/strong> de <strong>Beethoven<\/strong> nos anticipa gran parte de lo que ser\u00e1n la<strong> Octava<\/strong> y <strong>Novena<\/strong> sinfon\u00edas. Me refiero al arte del manejo de la tonalidad para ir de La Mayor hacia otras tan alejadas para la \u00e9poca como son Do Mayor y Fa Mayor. <strong>Robert Simpson<\/strong>\u00a0prefiere el t\u00e9rmino de &#8220;dimensiones&#8221; m\u00e1s que de el de &#8220;tonalidades&#8221;, ya que el paso de una a otra es tan grandioso que no dejan de asombrar y fascinar al oyente. Una vez m\u00e1s, se comprueba como grandeza y sencillez son dos ingredientes que conviven con la m\u00e1xima naturalidad en la m\u00fasica de <strong>Beethoven<\/strong>.<\/p>\n<p>Nadie deber\u00eda abandonar este mundo sin experimentar en vivo todas las sinfon\u00edas de <strong>Beethoven<\/strong>. Si tienen disponibilidad, les recomiendo que vengan a los auditorios de Murcia o de Cartagena a escuchar su<em><strong>\u00a0S\u00e9ptima Sinfon\u00eda<\/strong><\/em>\u00a0dirigida por el maestro <strong>Georg\u00a0Mark<\/strong>, nuestro invitado de lujo, un hombre sabio y honesto que, a trav\u00e9s de la m\u00fasica, transmite con total autenticidad el mensaje que nos dej\u00f3 <strong>Beethoven<\/strong>.<\/p>\n<p>&nbsp;<\/p>\n<p><span style=\"color: #888888;\"><strong><em>Jueves 18 de Mayo de 2017, 20 horas. Auditorio de Murcia. Obras de Schubert, Berg y Beethoven. Orquesta Sinf\u00f3nica de la Regi\u00f3n de Murcia. Birgit Kolar (viol\u00edn). Georg Mark (director invitado).<\/em><\/strong><\/span><\/p>\n<p><strong><em><span style=\"color: #888888;\">Viernes 19 de Mayo (mismo programa en Cartagena).\u00a0<\/span><\/em><\/strong>Antes de cada uno de los conciertos habr\u00e1 una distendida charla informativa.<\/p>\n<p><span style=\"color: #3366ff;\"><strong>https:\/\/blogs.laverdad.es\/musicainesperada\/2014\/07\/26\/a-la-memoria-de-un-angel\/<\/strong><\/span><\/p>\n<p><span style=\"color: #3366ff;\"><strong>https:\/\/blogs.laverdad.es\/musicainesperada\/2016\/04\/13\/\u00a0<\/strong><\/span><\/p>\n<p>&nbsp;<\/p>\n","protected":false},"excerpt":{"rendered":"<p>La escucha en directo de una de las sinfon\u00edas de Beethoven es una experiencia de gran valor human\u00edstico y que nadie deber\u00eda perderse. El maestro alem\u00e1n, en sus nueve sublimes obras, dej\u00f3 de forma muy clara su conmovedora personalidad y su autoridad como compositor. Murcia y Cartagena ser\u00e1n esta semana los escenarios donde escucharemos la [&hellip;]<\/p>\n","protected":false},"author":24,"featured_media":0,"comment_status":"open","ping_status":"open","sticky":false,"template":"","format":"standard","meta":[],"categories":[19],"tags":[],"_links":{"self":[{"href":"https:\/\/blogs.laverdad.es\/musicainesperada\/wp-json\/wp\/v2\/posts\/991"}],"collection":[{"href":"https:\/\/blogs.laverdad.es\/musicainesperada\/wp-json\/wp\/v2\/posts"}],"about":[{"href":"https:\/\/blogs.laverdad.es\/musicainesperada\/wp-json\/wp\/v2\/types\/post"}],"author":[{"embeddable":true,"href":"https:\/\/blogs.laverdad.es\/musicainesperada\/wp-json\/wp\/v2\/users\/24"}],"replies":[{"embeddable":true,"href":"https:\/\/blogs.laverdad.es\/musicainesperada\/wp-json\/wp\/v2\/comments?post=991"}],"version-history":[{"count":0,"href":"https:\/\/blogs.laverdad.es\/musicainesperada\/wp-json\/wp\/v2\/posts\/991\/revisions"}],"wp:attachment":[{"href":"https:\/\/blogs.laverdad.es\/musicainesperada\/wp-json\/wp\/v2\/media?parent=991"}],"wp:term":[{"taxonomy":"category","embeddable":true,"href":"https:\/\/blogs.laverdad.es\/musicainesperada\/wp-json\/wp\/v2\/categories?post=991"},{"taxonomy":"post_tag","embeddable":true,"href":"https:\/\/blogs.laverdad.es\/musicainesperada\/wp-json\/wp\/v2\/tags?post=991"}],"curies":[{"name":"wp","href":"https:\/\/api.w.org\/{rel}","templated":true}]}}